{"id":207735,"date":"2026-06-17T18:55:17","date_gmt":"2026-06-17T18:55:17","guid":{"rendered":"https:\/\/www.europesays.com\/ro\/207735\/"},"modified":"2026-06-17T18:55:17","modified_gmt":"2026-06-17T18:55:17","slug":"andrei-cristea-e-convins-ca-fcsb-a-nimerit-o-jucator-de-nationala-ce-tupeu-are","status":"publish","type":"post","link":"https:\/\/www.europesays.com\/ro\/207735\/","title":{"rendered":"Andrei Cristea e convins c\u0103 FCSB a nimerit-o: \u201eJuc\u0103tor de na\u021bional\u0103. Ce tupeu are!\u201d"},"content":{"rendered":"<p>\n            Articol de <a rel=\"author nofollow noopener\" href=\"https:\/\/www.gsp.ro\/autor\/alexandru-barbu-3848.html\" target=\"_blank\">Alexandru Barbu<\/a>, <a rel=\"author nofollow noopener\" href=\"https:\/\/www.gsp.ro\/autor\/razvan-stamatiu-3958.html\" target=\"_blank\">R\u0103zvan Stamatiu<\/a>            &#8211; Publicat marti, 16 iunie 2026 15:28            \/ Actualizat miercuri, 17 iunie 2026 09:30                    <\/p>\n<p>Andrei Cristea, 42 de ani, are \u00eencredere \u00eentr-un fotbalist pe care <a target=\"_self\" class=\"editor-link\" href=\"https:\/\/www.gsp.ro\/rezultate-live\/stiri-despre-echipa-fcsb-576\" rel=\"nofollow noopener\">FCSB <\/a>se va baza \u00eencep\u00e2nd cu sezonul viitor.<\/p>\n<p class=\"do-not-hide\">E vorba despre funda\u0219ul st\u00e2nga Ricardo P\u0103durariu, remarcat de Cristea &#8211; cel mai recent antrenor la Concordia Chiajna (Liga a 2-a) &#8211; \u00een e\u0219aloanele inferioare.<\/p>\n<p>Andrei Cristea pariaz\u0103 pe Ricardo P\u0103durariu: \u201eEu \u00een fiecare an am stat dup\u0103 el\u201d<\/p>\n<p>P\u0103durariu, 19 ani \u00eemplini\u021bi pe 23 mai,<a target=\"_self\" class=\"editor-link\" href=\"https:\/\/www.gsp.ro\/fotbal\/liga-1\/ricardo-padurariu-fcsb-analiza-941861.html\" rel=\"nofollow noopener\"> revine la FCSB<\/a> dup\u0103 ce a fost \u00eemprumutat la Corvinul Hunedoara, al\u0103turi de care a promovat \u00een Superliga.<\/p>\n<p>\u201eFoarte bun juc\u0103tor P\u0103durariu! S\u0103 \u0219ti\u021bi c\u0103 l-am remarcat \u00een urm\u0103 cu vreo 2-3 ani. A avut o perioad\u0103 la Gloria Bistri\u021ba, a promovat cu echipa \u00een Liga a 2-a. Am vrut s\u0103-l iau la Pope\u0219ti la un moment dat, apoi la Chiajna, dar s-a dus la Corvinul. \u00cen fiecare an am stat dup\u0103 el.<\/p>\n<p>Este un juc\u0103tor cu un tupeu \u0219i o personalitate incredibile, un funda\u0219 lateral care \u0219i marcheaz\u0103. Intr\u0103, \u00ee\u0219i asum\u0103. Au fost momente c\u00e2nd Florin Maxim l-a jucat la Corvinul funda\u0219 lateral dreapta, pe picior invers. A \u00eenscris ni\u0219te goluri fantastice, de pe la 18 metri. A avut evolu\u021bii foarte bune.<\/p>\n<p>E un juc\u0103tor care merit\u0103 s\u0103 fie \u0219i la na\u021bionala de tineret, din punctul meu de vedere. Mi-a pl\u0103cut foarte mult\u201d, a declarat Andrei Cristea, fost atacant la FCSB, \u00een direct la GSP Live.<\/p>\n<p><img loading=\"lazy\" decoding=\"async\" src=\"https:\/\/www.europesays.com\/ro\/wp-content\/uploads\/2026\/06\/1781722516_284_blank.gif\" alt=\"\" width=\"728\" height=\"405\"\/> <\/p>\n<blockquote>\n<p>\u00centr-adevar, Liga a 3-a \u0219i Liga a 2-a \u00eenseamn\u0103 ceva, iar FCSB cu totul altceva. Dar am \u00eencredere c\u0103 e un juc\u0103tor cu dorin\u021b\u0103 \u0219i personalitate \u0219i care merit\u0103 \u00eencercat <\/p>\n<p>&#8211; Andrei Cristea, la GSP Live<\/p>\n<\/blockquote>\n<p class=\"cifra \">550.000 \u20aceste cota de pia\u021b\u0103 a lui Ricardo P\u0103durariu, potrivit Transfermarkt<\/p>\n<p>Datele lui Ricardo P\u0103durariu \u00een sezonul 2025-&#8217;26 de Liga a 2-a<\/p>\n<tr>\n<td colspan=\"1\" rowspan=\"1\">\n<p>Meciuri<\/p>\n<\/td>\n<td colspan=\"1\" rowspan=\"1\">\n<p>31<\/p>\n<\/td>\n<\/tr>\n<tr>\n<td colspan=\"1\" rowspan=\"1\">\n<p>Ac\u021biuni reu\u0219ite<\/p>\n<\/td>\n<td colspan=\"1\" rowspan=\"1\">\n<p>61,8%<\/p>\n<\/td>\n<\/tr>\n<tr>\n<td colspan=\"1\" rowspan=\"1\">\n<p>Goluri<\/p>\n<\/td>\n<td colspan=\"1\" rowspan=\"1\">\n<p>2<\/p>\n<\/td>\n<\/tr>\n<tr>\n<td colspan=\"1\" rowspan=\"1\">\n<p>Pase de gol<\/p>\n<\/td>\n<td colspan=\"1\" rowspan=\"1\">\n<p>1<\/p>\n<\/td>\n<\/tr>\n<tr>\n<td colspan=\"1\" rowspan=\"1\">\n<p>\u0218uturi\/cadrate<\/p>\n<\/td>\n<td colspan=\"1\" rowspan=\"1\">\n<p>29\/7<\/p>\n<\/td>\n<\/tr>\n<tr>\n<td colspan=\"1\" rowspan=\"1\">\n<p>Acurate\u021bea paselor<\/p>\n<\/td>\n<td colspan=\"1\" rowspan=\"1\">\n<p>76,5%<\/p>\n<\/td>\n<\/tr>\n<tr>\n<td colspan=\"1\" rowspan=\"1\">\n<p>Acurate\u021bea paselor \u00eenainte<\/p>\n<\/td>\n<td colspan=\"1\" rowspan=\"1\">\n<p>69,5%<\/p>\n<\/td>\n<\/tr>\n<tr>\n<td colspan=\"1\" rowspan=\"1\">\n<p>Acurate\u021bea centr\u0103rilor<\/p>\n<\/td>\n<td colspan=\"1\" rowspan=\"1\">\n<p>39,7%<\/p>\n<\/td>\n<\/tr>\n<tr>\n<td colspan=\"1\" rowspan=\"1\">\n<p>Dueluri c\u00e2\u0219tigate<\/p>\n<\/td>\n<td colspan=\"1\" rowspan=\"1\">\n<p>53,4%<\/p>\n<\/td>\n<\/tr>\n<tr>\n<td colspan=\"1\" rowspan=\"1\">\n<p>Intercep\u021bii<\/p>\n<\/td>\n<td colspan=\"1\" rowspan=\"1\">\n<p>79<\/p>\n<\/td>\n<\/tr>\n<tr>\n<td colspan=\"1\" rowspan=\"1\">\n<p>Mingi pierdute<\/p>\n<\/td>\n<td colspan=\"1\" rowspan=\"1\">\n<p>359<\/p>\n<\/td>\n<\/tr>\n<tr>\n<td colspan=\"1\" rowspan=\"1\">\n<p>Mingi recuperate<\/p>\n<\/td>\n<td colspan=\"1\" rowspan=\"1\">\n<p>208<\/p>\n<\/td>\n<\/tr>\n<p>Date conform Wyscout<\/p>\n<p><img decoding=\"async\" src=\"https:\/\/www.europesays.com\/ro\/wp-content\/uploads\/2026\/06\/1781722517_568_29f719e0-d944-4531-b5aa-f958d8ea6a90.jpg\" loading=\"lazy\" title=\"Ricardo P\u0103durariu se \u00eentoarce la FCSB\" alt=\"Andrei Cristea e convins c\u0103 FCSB a nimerit-o: \u201eJuc\u0103tor de na\u021bional\u0103. Ce tupeu are!\u201d\" width=\"738\" height=\"502\"\/><\/p>\n<p>Ricardo P\u0103durariu se \u00eentoarce la FCSB<\/p>\n<p>A debutat cu Rapid<\/p>\n<p>Produs de academia ro\u0219-alba\u0219trilor, Ricardo a mai prins cantonamente cu prima echip\u0103. P\u0103durariu are un singur meci la seniorii FCSB &#8211; a fost introdus pe teren \u00een finalul unui derby cu Rapid, scor 0-2, din 2024.<\/p>\n<p class=\"cifra \">2029e anul p\u00e2n\u0103 c\u00e2nd Ricardo P\u0103durariu va fi eligibil regulii U21<\/p>\n","protected":false},"excerpt":{"rendered":"Articol de Alexandru Barbu, R\u0103zvan Stamatiu &#8211; Publicat marti, 16 iunie 2026 15:28 \/ Actualizat miercuri, 17 iunie&hellip;\n","protected":false},"author":2,"featured_media":207736,"comment_status":"","ping_status":"","sticky":false,"template":"","format":"standard","meta":{"footnotes":"","_share_on_mastodon":"0"},"categories":[20],"tags":[2701,12530,269,1109,45027,41,40,38,39,185,184],"class_list":["post-207735","post","type-post","status-publish","format-standard","has-post-thumbnail","category-sport","tag-andrei-cristea","tag-corvinul-hunedoara","tag-fcsb","tag-gsp-live","tag-ricardo-padurariu","tag-ro","tag-romana","tag-romania","tag-romanian","tag-sport","tag-sports"],"share_on_mastodon":{"url":"https:\/\/pubeurope.com\/@ro\/116766974241585981","error":""},"_links":{"self":[{"href":"https:\/\/www.europesays.com\/ro\/wp-json\/wp\/v2\/posts\/207735","targetHints":{"allow":["GET"]}}],"collection":[{"href":"https:\/\/www.europesays.com\/ro\/wp-json\/wp\/v2\/posts"}],"about":[{"href":"https:\/\/www.europesays.com\/ro\/wp-json\/wp\/v2\/types\/post"}],"author":[{"embeddable":true,"href":"https:\/\/www.europesays.com\/ro\/wp-json\/wp\/v2\/users\/2"}],"replies":[{"embeddable":true,"href":"https:\/\/www.europesays.com\/ro\/wp-json\/wp\/v2\/comments?post=207735"}],"version-history":[{"count":0,"href":"https:\/\/www.europesays.com\/ro\/wp-json\/wp\/v2\/posts\/207735\/revisions"}],"wp:featuredmedia":[{"embeddable":true,"href":"https:\/\/www.europesays.com\/ro\/wp-json\/wp\/v2\/media\/207736"}],"wp:attachment":[{"href":"https:\/\/www.europesays.com\/ro\/wp-json\/wp\/v2\/media?parent=207735"}],"wp:term":[{"taxonomy":"category","embeddable":true,"href":"https:\/\/www.europesays.com\/ro\/wp-json\/wp\/v2\/categories?post=207735"},{"taxonomy":"post_tag","embeddable":true,"href":"https:\/\/www.europesays.com\/ro\/wp-json\/wp\/v2\/tags?post=207735"}],"curies":[{"name":"wp","href":"https:\/\/api.w.org\/{rel}","templated":true}]}}