{"id":207850,"date":"2026-06-17T21:48:13","date_gmt":"2026-06-17T21:48:13","guid":{"rendered":"https:\/\/www.europesays.com\/ro\/207850\/"},"modified":"2026-06-17T21:48:13","modified_gmt":"2026-06-17T21:48:13","slug":"eugen-tomac-il-acuza-pe-liderul-pnl-faptul-ca-domnul-bolojan-a-fost-nesincer-cu-domnul-presedinte-nicusor-dan-ne-a-dus-in-acest-blocaj","status":"publish","type":"post","link":"https:\/\/www.europesays.com\/ro\/207850\/","title":{"rendered":"Eugen Tomac \u00eel acuz\u0103 pe liderul PNL: \u201eFaptul c\u0103 domnul Bolojan a fost nesincer cu domnul pre\u0219edinte Nicu\u0219or Dan ne-a dus \u00een acest blocaj\u201d"},"content":{"rendered":"<p>Eugen Tomac sus\u021bine c\u0103 Guvernul s\u0103u nu a trecut deoarece Ilie Bolojan s-a r\u0103zg\u00e2ndit. Acesta l-a acuzat pe premierul interimar c\u0103 a fost nesincer cu pre\u0219edintele Nicu\u0219or Dan.<\/p>\n<p>\t\t\t<img decoding=\"async\" src=\"https:\/\/www.europesays.com\/ro\/wp-content\/uploads\/2026\/06\/1781732893_833_index.jpeg\" alt=\"Eugen Tomac \u0219i-a depus mandatul de premier desemnat\" width=\"1400\" height=\"750\" loading=\"eager\" fetchpriority=\"high\" class=\"svelte-h45upf\"\/><\/p>\n<p>Eugen Tomac, fost premier desemnat FOTO: Inquam Photos\/Octav Ganea<\/p>\n<p>publicitate&#8221;); background-position: center center; background-repeat: no-repeat;&#8221;&gt;<\/p>\n<p>Eugen Tomac a dezv\u0103luit c\u0103, ini\u021bial \u201eliderii PSD \u0219i PNL au manifestat deschidere\u201d fa\u021b\u0103 de un guvern tehnocrat, eventual cu unii mini\u0219tri politici. Ulterior, pre\u0219edintele PNL, Ilie Bolojan, s-a r\u0103zg\u00e2ndit, a spus Tomac miercuri seara, \u00een timpul unei interven\u021bii telefonice la <a href=\"https:\/\/www.antena3.ro\/politica\/tomac-il-acuza-pe-bolojan-ca-a-promis-sprijin-pentru-un-guvern-tehnocrat-dar-ca-s-a-razgandit-el-ne-a-adus-in-acest-blocaj-792472.html\" rel=\"nofollow noopener\" target=\"_blank\">Antena 3<\/a> CNN.<\/p>\n<p>\u201eEvident, faptul c\u0103 domnul Bolojan a fost nesincer cu domnul pre\u0219edinte Nicu\u0219or Dan ne-a dus \u00een acest blocaj\u201d, a declarat Eugen Tomac.<\/p>\n<p>Dup\u0103 ce a renun\u021bat la mandatul acordat de pre\u0219edintele Nicu\u0219or Dan, Eugen Tomac a discutat cu Adrian Ve\u0219tea despre \u0219ansele acestuia de a forma un Guvern.<\/p>\n<p>\u201eS-a plecat de la ra\u021bionamentul c\u0103 forma\u021biunile politice ar prefera un om politic\u201d, a explicat Tomac.<\/p>\n<p>El a dezv\u0103luit ce a discutat cu Ve\u0219tea.<\/p>\n<p>\u201eEu i-am spus c\u0103 am reu\u0219it s\u0103 adun peste 200 de voturi (\u2026) Nu aveam de unde s\u0103 garantez a\u0219a ceva, doar am subliniat ipoteza de la care pleca \u00een urma discu\u021biilor pe care le-am avut (\u2026) Eu aveam peste 200 de voturi (ca asigur\u0103ri n.r.) atunci c\u00e2nd am \u00eencheiat negocierile cu p\u0103r\u021bile implicate\u201d,<a href=\"https:\/\/adevarul.ro\/politica\/eugen-tomac-primele-declaratii-dupa-incercarea-2537042.html\" rel=\"nofollow noopener\" target=\"_blank\"> a precizat Tomac.<\/a><\/p>\n<p>\u00centrebat c\u00e2nd<a href=\"https:\/\/adevarul.ro\/politica\/de-ce-a-esuat-guvernul-tomac-analist-2536617.html\" rel=\"nofollow noopener\" target=\"_blank\"> a aflat c\u0103 nu are \u0219anse s\u0103 mai fie premier,<\/a> Tomac a r\u0103spuns: \u201cC\u00e2nd am constatat dup\u0103 ultimele discu\u021bii avute s\u00e2mb\u0103t\u0103 seara t\u00e2rziu c\u0103 nu am nicio \u0219ans\u0103 s\u0103 trec guvernul. L-am informat pe pre\u0219edinte, i-am propus s\u0103 \u00eemi retrag mandatul pentru c\u0103 nu am vrut s\u0103 ajung \u00een situa\u021bia \u00een care mai tr\u0103geam de timp c\u00e2teva zile, \u0219tiind c\u0103 din nefericire \u00een\u021belegerile agreate anterior nu mai sunt agreate. S\u00e2mb\u0103t\u0103 seara a avut loc discu\u021bia\u201d.<\/p>\n<p>publicitate&#8221;); background-position: center center; background-repeat: no-repeat;&#8221;&gt;<\/p>\n<p>\u00centrebat de ce pre\u0219edintele a discutat cu Adrian Ve\u0219tea \u00eenc\u0103 de miercuri, Eugen Tomac a spus c\u0103 Nicu\u0219or Dan a fost nevoit s\u0103 se g\u00e2ndeasc\u0103 la o solu\u021bie de rezerv\u0103 \u00een urma evolu\u021biei negocierilor.<\/p>\n<p>\u201cC\u00e2nd a v\u0103zut c\u0103 PNL nu accept\u0103 niciun compromis este evident c\u0103 pre\u0219edintele trebuia s\u0103 se g\u00e2ndeasc\u0103 \u0219i la o solu\u021bie \u00een care guvernul propus nu prime\u0219te votul de \u00eenvestire. Pre\u0219edintele a avut aceast\u0103 responsabilitate de a g\u0103si solu\u021bii pentru a veni imediat cu alt\u0103 propunere. Discu\u021bia pe care am avut-o s\u00e2mb\u0103t\u0103 seara nu a f\u0103cut dec\u00e2t s\u0103 pun\u0103 \u00een aplicare un alt scenariu pe care \u00eel avea \u00een minte c\u00e2nd a discutat cu domnul Ve\u0219tea\u201d.<\/p>\n","protected":false},"excerpt":{"rendered":"Eugen Tomac sus\u021bine c\u0103 Guvernul s\u0103u nu a trecut deoarece Ilie Bolojan s-a r\u0103zg\u00e2ndit. Acesta l-a acuzat pe&hellip;\n","protected":false},"author":2,"featured_media":207851,"comment_status":"","ping_status":"","sticky":false,"template":"","format":"standard","meta":{"footnotes":"","_share_on_mastodon":"0"},"categories":[10],"tags":[32,33,31,12094,36,37,58377,27,690,34,35,25,358,41,40,38,39,26,28,29,30],"class_list":["post-207850","post","type-post","status-publish","format-standard","has-post-thumbnail","category-romania","tag-breaking-news","tag-breakingnews","tag-cele-mai-populare-subiecte","tag-eugen-tomac","tag-featured-news","tag-featurednews","tag-guvernul-vestea","tag-headlines","tag-ilie-bolojan","tag-latest-news","tag-latestnews","tag-news","tag-nicusor-dan","tag-ro","tag-romana","tag-romania","tag-romanian","tag-stiri","tag-titluri","tag-top-stories","tag-topstories"],"share_on_mastodon":{"url":"https:\/\/pubeurope.com\/@ro\/116767654317928381","error":""},"_links":{"self":[{"href":"https:\/\/www.europesays.com\/ro\/wp-json\/wp\/v2\/posts\/207850","targetHints":{"allow":["GET"]}}],"collection":[{"href":"https:\/\/www.europesays.com\/ro\/wp-json\/wp\/v2\/posts"}],"about":[{"href":"https:\/\/www.europesays.com\/ro\/wp-json\/wp\/v2\/types\/post"}],"author":[{"embeddable":true,"href":"https:\/\/www.europesays.com\/ro\/wp-json\/wp\/v2\/users\/2"}],"replies":[{"embeddable":true,"href":"https:\/\/www.europesays.com\/ro\/wp-json\/wp\/v2\/comments?post=207850"}],"version-history":[{"count":0,"href":"https:\/\/www.europesays.com\/ro\/wp-json\/wp\/v2\/posts\/207850\/revisions"}],"wp:featuredmedia":[{"embeddable":true,"href":"https:\/\/www.europesays.com\/ro\/wp-json\/wp\/v2\/media\/207851"}],"wp:attachment":[{"href":"https:\/\/www.europesays.com\/ro\/wp-json\/wp\/v2\/media?parent=207850"}],"wp:term":[{"taxonomy":"category","embeddable":true,"href":"https:\/\/www.europesays.com\/ro\/wp-json\/wp\/v2\/categories?post=207850"},{"taxonomy":"post_tag","embeddable":true,"href":"https:\/\/www.europesays.com\/ro\/wp-json\/wp\/v2\/tags?post=207850"}],"curies":[{"name":"wp","href":"https:\/\/api.w.org\/{rel}","templated":true}]}}