{"id":208689,"date":"2026-06-18T14:23:10","date_gmt":"2026-06-18T14:23:10","guid":{"rendered":"https:\/\/www.europesays.com\/ro\/208689\/"},"modified":"2026-06-18T14:23:10","modified_gmt":"2026-06-18T14:23:10","slug":"bolojan-ii-raspunde-lui-grindeanu-incetati-cu-minciunile-niciodata-nu-am-formulat-vreun-acord-pentru-investirea-unui-guvern-tehnocrat","status":"publish","type":"post","link":"https:\/\/www.europesays.com\/ro\/208689\/","title":{"rendered":"Bolojan \u00eei r\u0103spunde lui Grindeanu: \u201d\u00cenceta\u021bi cu minciunile! Niciodat\u0103 nu am formulat vreun acord pentru \u00eenvestirea unui Guvern tehnocrat\u201d"},"content":{"rendered":"<p>Joi, 18 Iunie 2026, ora 12:52<\/p>\n<p>1648 citiri<\/p>\n<p><a class=\"news__image\" data-href=\"https:\/\/s2.ziareromania.ro\/?mmid=3723756b150a051f19\" data-size=\"1024x682\" title=\"Bolojan \u00eei r\u0103spunde lui Grindeanu: \u201d\u00cenceta\u021bi cu minciunile! Niciodat\u0103 nu am formulat vreun acord pentru \u00eenvestirea unui Guvern tehnocrat\u201d\"><img decoding=\"async\" src=\"https:\/\/www.europesays.com\/ro\/wp-content\/uploads\/2026\/06\/Bolojan---i-r--spunde-lui-Grindeanu-------nceta--i-cu-minciunile--Niciodat---nu-am-formulat-vreun-ac.jpeg\" alt=\"Bolojan \u00eei r\u0103spunde lui Grindeanu: \u201d\u00cenceta\u021bi cu minciunile! Niciodat\u0103 nu am formulat vreun acord pentru \u00eenvestirea unui Guvern tehnocrat\u201d\" title=\"Bolojan \u00eei r\u0103spunde lui Grindeanu: \u201d\u00cenceta\u021bi cu minciunile! Niciodat\u0103 nu am formulat vreun acord pentru \u00eenvestirea unui Guvern tehnocrat\u201d\" class=\"img-responsive\"\/><\/a><\/p>\n<p>Pre\u0219edintele PNL Ilie Bolojan FOTO Hepta<\/p>\n<p>Premierul interimar <a href=\"https:\/\/ziare.com\/ilie-bolojan\/\" title=\"Ilie Bolojan\" rel=\"nofollow noopener\" target=\"_blank\">Ilie Bolojan<\/a> a criticat joi, 18 iunie, declara\u021biile liderului <a href=\"https:\/\/ziare.com\/psd\/\" title=\"PSD\" rel=\"nofollow noopener\" target=\"_blank\">PSD<\/a>, <a href=\"https:\/\/ziare.com\/sorin-grindeanu\/\" title=\"Sorin Grindeanu\" rel=\"nofollow noopener\" target=\"_blank\">Sorin Grindeanu<\/a>, care l-a acuzat c\u0103 minte \u0219i a luat mai multe pozi\u021bii \u00een timpul negocierilor pentru formarea Guvernului Tomac, abandonat dup\u0103 ce nu a fost creat\u0103 o majoritate parlamentar\u0103.<\/p>\n<p>\u201e\u00cenceta\u021bi cu minciunile folosite pentru a v\u0103 justifica e\u0219ecurile, fuga de r\u0103spundere \u0219i comportamentul neprincipial!\u201d, a scris Ilie Bolojan pe <a href=\"https:\/\/ziare.com\/facebook\/\" title=\"Facebook\" rel=\"nofollow noopener\" target=\"_blank\">Facebook<\/a>, dup\u0103 ce Sorin Grindeanu a \u00eent\u0103rit mesajul lui <a href=\"https:\/\/ziare.com\/eugen-tomac\/\" title=\"Eugen Tomac\" rel=\"nofollow noopener\" target=\"_blank\">Eugen Tomac<\/a>.<\/p>\n<p>Grindeanu l-a <a href=\"https:\/\/ziare.com\/sorin-grindeanu\/sedinta-psd-adrian-vestea-sustinere-2019329\" target=\"_blank\" rel=\"nofollow noopener\">acuzat<\/a> pe Bolojan c\u0103 \u201e\u00eel min\u021bi pe pre\u0219edintele Rom\u00e2niei c\u0103 intri \u00eentr-un <a href=\"https:\/\/ziare.com\/politica\/guvern\/\" title=\"guvern\" rel=\"nofollow noopener\" target=\"_blank\">guvern<\/a> tehnocrat \u0219i faci parte dintr-o majoritate, iar peste 3 zile spui c\u0103 intri, dar s\u0103 nu fie apropia\u021bi ai <a href=\"https:\/\/ziare.com\/politica\/psd\/\" title=\"PSD\" rel=\"nofollow noopener\" target=\"_blank\">PSD<\/a>-ului, dup\u0103 alte 3 zile spui c\u0103 intri, dar s\u0103 nu fie secretar de stat X. Dup\u0103 faci \u0219edin\u021b\u0103 de <a href=\"https:\/\/ziare.com\/politica\/partid\/\" title=\"partid\" rel=\"nofollow noopener\" target=\"_blank\">partid<\/a> \u0219i spui c\u0103 nu votezi c\u0103 nu-i politic\u201d, dup\u0103 ce fostul <a href=\"https:\/\/ziare.com\/politica\/premier\/\" title=\"premier\" rel=\"nofollow noopener\" target=\"_blank\">premier<\/a> desemnat Eugen Tomac a spus c\u0103 \u201eOp\u021biunea pe care <a href=\"https:\/\/ziare.com\/pnl\/\" title=\"PNL\" rel=\"nofollow noopener\" target=\"_blank\">PNL<\/a> \u0219i PSD nu au refuzat-o a fost aceea de a \u00eencerca s\u0103 form\u0103m un guvern de tehnocra\u021bi\u201d.<\/p>\n<p>\u201eObserv c\u0103 se rostogolesc \u00een spa\u021biul public o serie de inven\u021bii toxice. Ca s\u0103 fie clar: niciodat\u0103 nu am formulat vreun <a href=\"https:\/\/ziare.com\/politica\/acord\/\" title=\"acord\" rel=\"nofollow noopener\" target=\"_blank\">acord<\/a>, nici m\u0103car de principiu, pentru \u00eenvestirea unui guvern tehnocrat. Am spus public c\u0103 aceasta ar fi putut fi una dintre solu\u021biile teoretice constitu\u021bionale, \u00een func\u021bie de \u00eendeplinirea unor condi\u021bii care nu au fost \u00eendeplinite\u201d, a continuat Bolojan.<\/p>\n<p>Pre\u0219edintele <a href=\"https:\/\/ziare.com\/politica\/pnl\/\" title=\"PNL\" rel=\"nofollow noopener\" target=\"_blank\">PNL<\/a> a subliniat c\u0103 \u00een partidul s\u0103u deciziile \u201enu se iau pe sub mas\u0103\u201d.<\/p>\n<p>\u201e\u0218i, cel mai important, \u00een \u0219i pentru PNL decide PNL, prin forurile statutare \u0219i prin vot deschis. Deciziile \u00een \u0219i pentru PNL nu se iau pe sub mas\u0103, oric\u00e2t de important\u0103 ar fi aceasta. Totodat\u0103, nu s-a pus problema s\u0103 tranzac\u021bionez pentru mine sau pentru vreo alt\u0103 persoan\u0103 vreo func\u021bie, \u00een schimbul unui acord care nu a fost vreodat\u0103 \u00een discu\u021bie\u201d, a transmis Ilie Bolojan.<\/p>\n<p>Premierul interimar a concluzionat c\u0103 minciuna are picioare scurte.<\/p>\n<p>\u201eDe la \u00eenceputul acestei crize, declan\u0219ate pentru distrugerea PNL, ar fi trebuit s\u0103 \u00een\u021belegem m\u0103car c\u00e2t de scurte sunt picioarele minciunii. Ca \u0219i ale tr\u0103d\u0103rii, de altfel\u201d, se \u00eencheie mesajul premierului interimar Ilie Bolojan.<\/p>\n<p>\u021ai-a pl\u0103cut articolul?<\/p>\n<p> Vrem s\u0103 producem mai multe, \u00eens\u0103 avem nevoie de sus\u021binerea ta. Orice dona\u021bie conteaz\u0103 pentru jurnalismul independent <\/p>\n","protected":false},"excerpt":{"rendered":"Joi, 18 Iunie 2026, ora 12:52 1648 citiri Pre\u0219edintele PNL Ilie Bolojan FOTO Hepta Premierul interimar Ilie Bolojan&hellip;\n","protected":false},"author":2,"featured_media":208690,"comment_status":"","ping_status":"","sticky":false,"template":"","format":"standard","meta":{"footnotes":"","_share_on_mastodon":"0"},"categories":[10],"tags":[32,33,31,12094,36,37,51274,27,690,34,35,25,1124,41,40,38,39,2008,26,28,29,30],"class_list":["post-208689","post","type-post","status-publish","format-standard","has-post-thumbnail","category-romania","tag-breaking-news","tag-breakingnews","tag-cele-mai-populare-subiecte","tag-eugen-tomac","tag-featured-news","tag-featurednews","tag-guvern-tehnocrat","tag-headlines","tag-ilie-bolojan","tag-latest-news","tag-latestnews","tag-news","tag-pnl","tag-ro","tag-romana","tag-romania","tag-romanian","tag-sorin-grindeanu","tag-stiri","tag-titluri","tag-top-stories","tag-topstories"],"share_on_mastodon":{"url":"https:\/\/pubeurope.com\/@ro\/116771566898385212","error":""},"_links":{"self":[{"href":"https:\/\/www.europesays.com\/ro\/wp-json\/wp\/v2\/posts\/208689","targetHints":{"allow":["GET"]}}],"collection":[{"href":"https:\/\/www.europesays.com\/ro\/wp-json\/wp\/v2\/posts"}],"about":[{"href":"https:\/\/www.europesays.com\/ro\/wp-json\/wp\/v2\/types\/post"}],"author":[{"embeddable":true,"href":"https:\/\/www.europesays.com\/ro\/wp-json\/wp\/v2\/users\/2"}],"replies":[{"embeddable":true,"href":"https:\/\/www.europesays.com\/ro\/wp-json\/wp\/v2\/comments?post=208689"}],"version-history":[{"count":0,"href":"https:\/\/www.europesays.com\/ro\/wp-json\/wp\/v2\/posts\/208689\/revisions"}],"wp:featuredmedia":[{"embeddable":true,"href":"https:\/\/www.europesays.com\/ro\/wp-json\/wp\/v2\/media\/208690"}],"wp:attachment":[{"href":"https:\/\/www.europesays.com\/ro\/wp-json\/wp\/v2\/media?parent=208689"}],"wp:term":[{"taxonomy":"category","embeddable":true,"href":"https:\/\/www.europesays.com\/ro\/wp-json\/wp\/v2\/categories?post=208689"},{"taxonomy":"post_tag","embeddable":true,"href":"https:\/\/www.europesays.com\/ro\/wp-json\/wp\/v2\/tags?post=208689"}],"curies":[{"name":"wp","href":"https:\/\/api.w.org\/{rel}","templated":true}]}}