{"id":208835,"date":"2026-06-18T16:59:13","date_gmt":"2026-06-18T16:59:13","guid":{"rendered":"https:\/\/www.europesays.com\/ro\/208835\/"},"modified":"2026-06-18T16:59:13","modified_gmt":"2026-06-18T16:59:13","slug":"cine-transmite-la-tv-meciurile-zilei-de-la-cm-2026-program-complet","status":"publish","type":"post","link":"https:\/\/www.europesays.com\/ro\/208835\/","title":{"rendered":"Cine transmite la tv meciurile zilei de la CM 2026: program complet"},"content":{"rendered":"<p id=\"p-0\">Joi, 18 iunie, debuteaz\u0103 faza a doua a grupelor de la Cupa Mondial\u0103 de fotbal din vara acestui an. Duelul Cehia \u2013 Africa de Sud va deschide o nou\u0103 sear\u0103 plin\u0103 de fotbal.<\/p>\n<p id=\"p-1\"><a href=\"https:\/\/www.g4media.ro\/video-cauza-lacrimilor-lui-messi-tatal-sau-este-bolnav.html\" rel=\"nofollow noopener\" target=\"_blank\">VIDEO: Cauza lacrimilor lui Messi: tat\u0103l s\u0103u este bolnav<\/a><\/p>\n<p id=\"p-2\">La o s\u0103pt\u0103m\u00e2n\u0103 de la debutul competi\u021biei din SUA, Mexic \u0219i Canada, va \u00eencepe faza a doua a grupelor. Miza este \u0219i mai mare, iar na\u021bionalele care au pierdut \u00een primul duel nu mai au voie la pa\u0219i gre\u0219i\u021bi.<\/p>\n<p>&#8211; articolul continu\u0103 mai jos &#8211;<\/p>\n<p id=\"p-3\">De la ora 19:00<\/p>\n<p id=\"p-4\">Cehia \u2013 Africa de Sud \/ Antena 1, Antena Play<\/p>\n<p id=\"p-5\">De la ora 22:00<\/p>\n<p id=\"p-6\">Elve\u021bia \u2013 Bosnia \u0219i Her\u021begovina \/ Antena 1, Antena Play<\/p>\n<p id=\"p-7\">De la ora 01:00<\/p>\n<p id=\"p-8\">Canada \u2013 Qatar \/ Antena 1, Antena Play<\/p>\n<p id=\"p-9\">De la ora 04:00 <\/p>\n<p id=\"p-10\">Mexic \u2013 Coreea de Sud \/ Antena 1, Antena Play<\/p>\n<p id=\"p-11\"><a href=\"https:\/\/www.g4media.ro\/video-faza-zilei-la-cm-2026-un-cameraman-doborat-de-un-fotbalist-la-meciul-uzbekistan-columbia-a-fost-dus-la-ambulanta.html\" rel=\"nofollow noopener\" target=\"_blank\">VIDEO: Faza zilei la CM 2026 \u2013 Un cameraman, dobor\u00e2t de un fotbalist la meciul Uzbekistan \u2013 Columbia: a fost dus la ambulan\u021b\u0103<\/a><\/p>\n<p>Cum arat\u0103 grupele de la CM de fotbal 2026<\/p>\n<p id=\"p-12\">Grupa A: Mexic, Africa de Sud, Coreea de Sud, Cehia<br \/>Grupa B: Canada, Bosnia, Qatar, Elve\u021bia<br \/>Grupa C: Brazilia, Maroc, Haiti, Sco\u021bia<br \/>Grupa D: SUA, Paraguay, Australia, Turcia<br \/>Grupa E: Germania, Curacao, Coasta de Filde\u0219, Ecuador<br \/>Grupa F: Olanda, Japonia, Suedia, Tunisia<br \/>Grupa G: Belgia, Egipt, Iran, Noua Zeeland\u0103<br \/>Grupa H: Spania, Capul Verde, Arabia Saudit\u0103, Uruguay<br \/>Grupa I: Fran\u021ba, Senegal, Iraq, Norvegia<br \/>Grupa J: Argentina, Algeria, Austria, Iordania<br \/>Grupa K: Portugalia, DR Congo, Uzbekistan, Columbia<br \/>Grupa L: Anglia, Croa\u021bia, Ghana, Panama<\/p>\n<p>Se calific\u0103 din grupe primele dou\u0103 clasate, plus primele opt echipe cu cele mai multe puncte de pe locul 3.<\/p>\n","protected":false},"excerpt":{"rendered":"Joi, 18 iunie, debuteaz\u0103 faza a doua a grupelor de la Cupa Mondial\u0103 de fotbal din vara acestui&hellip;\n","protected":false},"author":2,"featured_media":206395,"comment_status":"","ping_status":"","sticky":false,"template":"","format":"standard","meta":{"footnotes":"","_share_on_mastodon":"0"},"categories":[20],"tags":[1755,1602,58703,41,40,38,39,185,184],"class_list":["post-208835","post","type-post","status-publish","format-standard","has-post-thumbnail","category-sport","tag-cine-transmite-la-tv","tag-cm-2026","tag-program-tv","tag-ro","tag-romana","tag-romania","tag-romanian","tag-sport","tag-sports"],"share_on_mastodon":{"url":"https:\/\/pubeurope.com\/@ro\/116772180147689886","error":""},"_links":{"self":[{"href":"https:\/\/www.europesays.com\/ro\/wp-json\/wp\/v2\/posts\/208835","targetHints":{"allow":["GET"]}}],"collection":[{"href":"https:\/\/www.europesays.com\/ro\/wp-json\/wp\/v2\/posts"}],"about":[{"href":"https:\/\/www.europesays.com\/ro\/wp-json\/wp\/v2\/types\/post"}],"author":[{"embeddable":true,"href":"https:\/\/www.europesays.com\/ro\/wp-json\/wp\/v2\/users\/2"}],"replies":[{"embeddable":true,"href":"https:\/\/www.europesays.com\/ro\/wp-json\/wp\/v2\/comments?post=208835"}],"version-history":[{"count":0,"href":"https:\/\/www.europesays.com\/ro\/wp-json\/wp\/v2\/posts\/208835\/revisions"}],"wp:featuredmedia":[{"embeddable":true,"href":"https:\/\/www.europesays.com\/ro\/wp-json\/wp\/v2\/media\/206395"}],"wp:attachment":[{"href":"https:\/\/www.europesays.com\/ro\/wp-json\/wp\/v2\/media?parent=208835"}],"wp:term":[{"taxonomy":"category","embeddable":true,"href":"https:\/\/www.europesays.com\/ro\/wp-json\/wp\/v2\/categories?post=208835"},{"taxonomy":"post_tag","embeddable":true,"href":"https:\/\/www.europesays.com\/ro\/wp-json\/wp\/v2\/tags?post=208835"}],"curies":[{"name":"wp","href":"https:\/\/api.w.org\/{rel}","templated":true}]}}