{"id":208898,"date":"2026-06-18T18:44:11","date_gmt":"2026-06-18T18:44:11","guid":{"rendered":"https:\/\/www.europesays.com\/ro\/208898\/"},"modified":"2026-06-18T18:44:11","modified_gmt":"2026-06-18T18:44:11","slug":"chivu-semneaza-italienii-anunta-cadourile-pe-care-le-primeste-romanul","status":"publish","type":"post","link":"https:\/\/www.europesays.com\/ro\/208898\/","title":{"rendered":"Chivu semneaz\u0103! Italienii anun\u021b\u0103 cadourile pe care le prime\u0219te rom\u00e2nul"},"content":{"rendered":"<p id=\"p-0\">\u00cen urm\u0103 cu scurt timp, Cristi Chivu (45 de ani) a ajuns la sediul clubului Inter Milano pentru a semna prelungirea actualului s\u0103u contract. \u00cen acest context, presa din Italia a vorbit despre ceea ce urmeaz\u0103 s\u0103 se \u00eent\u00e2mple \u00een cadrul grup\u0103rii nerazzurre.<\/p>\n<p id=\"p-1\">Chivu va bifa extinderea \u00een\u021belegerii sale p\u00e2n\u0103 \u00een 2028, iar salariul lui va cre\u0219te considerabil. \u201ePrincipalul\u201d rom\u00e2n are misiunea de a \u021binti Liga Campionilor \u0219i \u00ee\u0219i propune s\u0103 devin\u0103 primul tehnician care cucere\u0219te dou\u0103 titluri consecutive \u00een Serie A \u201ede la epoca de aur a lui Juventus\u201d, iar pentru a se apropia de obiectiv, conducerea inten\u021bioneaz\u0103 s\u0103-i aduc\u0103 \u00eent\u0103riri.<\/p>\n<p>For\u021be proaspete pentru Cristi Chivu la Inter. Rom\u00e2nul \u00ee\u0219i prelunge\u0219te contractul \u00een aceste momente<\/p>\n<p id=\"p-2\">Pe pagina de Facebook \u201eFcInterNews.it\u201d a ap\u0103rut un scurt clip video, \u00een care Cristi Chivu a fost surprins la sediul lui Inter. A\u0219a cum am notat mai sus, antrenorul va pune pixul pe h\u00e2rtie.<\/p>\n<p>                <a href=\"https:\/\/www.prosport.ro\/poze\/chivu-prelungire-contract-inter-cadouri-20464653\" rel=\"nofollow noopener\" target=\"_blank\">&#13;<br \/>\n                                            <img decoding=\"async\" loading=\"lazy\" fetchpriority=\"low\" src=\"https:\/\/www.europesays.com\/ro\/wp-content\/uploads\/2026\/06\/https:\/\/www.prosport.ro\/\/wp-content\/uploads\/2026\/06\/cristi-chivu-09.jpg\" width=\"458\" height=\"305\"\/>&#13;<br \/>\n                                    <\/a><\/p>\n<p>                <a href=\"https:\/\/www.prosport.ro\/poze\/chivu-prelungire-contract-inter-cadouri-20464653\" rel=\"nofollow noopener\" target=\"_blank\">&#13;<br \/>\n                                            <img decoding=\"async\" loading=\"lazy\" fetchpriority=\"low\" src=\"https:\/\/www.europesays.com\/ro\/wp-content\/uploads\/2026\/06\/https:\/\/www.prosport.ro\/\/wp-content\/uploads\/2026\/06\/cristi-chivu-02.jpg\" width=\"227\" height=\"151\"\/>&#13;<br \/>\n                                    <\/a><\/p>\n<p id=\"p-3\">Dup\u0103 ce a ob\u021binut titlul \u0219i Cupa Italiei cu Inter, <a style=\"color: #0000ff;\" href=\"https:\/\/www.prosport.ro\/fotbal-extern\/campionate-externe\/italia\/giuseppe-marotta-presedinte-inter-prelungire-contract-cristi-chivu-20455617\" rel=\"nofollow noopener\" target=\"_blank\">Chivu este r\u0103spl\u0103tit<\/a>. Se bucur\u0103 de o ajustare salarial\u0103, iar \u00eentregul pas sintetizeaz\u0103 \u00eencrederea pe care oficialii clubului o au \u00een fostul funda\u0219.<\/p>\n<p id=\"p-5\"><a style=\"color: #000000;\" href=\"https:\/\/www.tuttosport.com\/news\/calcio\/serie-a\/inter\/2026\/06\/18-149278906\/il_chivu_day_annuncio_del_rinnovo_poi_il_regalo_di_marotta_palestra_e_solet\" target=\"_blank\" rel=\"noopener nofollow\">Tuttosport<\/a> arat\u0103 c\u0103 cei de la Inter inten\u021bioneaz\u0103 s\u0103 rezolve dou\u0103 transferuri notabile, dup\u0103 extinderea contractului lui Cristi Chivu.<\/p>\n<p id=\"p-6\">Nerazzurrii au ajuns deja la o \u00een\u021belegere cu Udinese pentru mutarea funda\u0219ului central Oumar Solet (26). Francezul mai are contract p\u00e2n\u0103 \u00een iunie 2027, iar friulanii au b\u0103tut palma cu Inter pentru concretizarea transferului contra sumei de aproximativ 20.000.000 de euro, stoperul fiind cotat de Transfermarkt la 23.000.000 de euro.<\/p>\n<p><img aria-describedby=\"caption-attachment-20464687\" class=\"size-large wp-image-20464687\" src=\"https:\/\/www.europesays.com\/ro\/wp-content\/uploads\/2026\/06\/https:\/\/www.prosport.ro\/\/wp-content\/uploads\/2026\/06\/oumar-solet-tinta-inter-1400x934.jpg\" alt=\"\" width=\"900\" height=\"600\" loading=\"lazy\" decoding=\"async\" \/><\/p>\n<p id=\"caption-attachment-20464687\" class=\"wp-caption-text\">Oumar Solet. Sursa Foto: PROFIMEDIA,18.06.2026<\/p>\n<p id=\"p-7\">Cea mai complicat\u0103 situa\u021bie, \u00eens\u0103, este cea a lui Marco Palestra (21). T\u00e2n\u0103rul ap\u0103r\u0103tor dreapta de la Atalanta e \u201ecirea\u0219a de pe tort pe care Inter ar dori s\u0103 o adauge la celebrarea re\u00eennoirii contractului lui Chivu\u201d, relateaz\u0103 italienii.<\/p>\n<p>Problem\u0103 pentru Inter? Care sunt preten\u021biile bergamascilor<\/p>\n<p id=\"p-8\">A\u0219adar, Inter \u00eel dore\u0219te pe Marco Palestra. Totu\u0219i, campionii Italiei trebuie s\u0103 se apropie de suma de bani solicitat\u0103 de c\u0103tre conducerea Atalantei, cuprins\u0103 \u00eentre 50.000.000 de euro \u0219i 60.000.000 de euro. Palestra valoreaz\u0103 35.000.000 de euro, conform platformei Transfermarkt.<\/p>\n<p><img aria-describedby=\"caption-attachment-20464689\" class=\"size-large wp-image-20464689\" src=\"https:\/\/www.europesays.com\/ro\/wp-content\/uploads\/2026\/06\/https:\/\/www.prosport.ro\/\/wp-content\/uploads\/2026\/06\/marco-palestra-tinta-inter-1400x933.jpg\" alt=\"\" width=\"900\" height=\"600\" loading=\"lazy\" decoding=\"async\" \/><\/p>\n<p id=\"caption-attachment-20464689\" class=\"wp-caption-text\">Marco Palestra. Sursa Foto: PROFIMEDIA, 18.06.2026<\/p>\n<p id=\"p-9\">\u201eInter, \u00een secret, se a\u0219teapt\u0103 ca Atalanta s\u0103 fac\u0103 unele concesii. Deocamdat\u0103, milanezii trebuie s\u0103 fac\u0103 pasul \u00eenainte. Ei au lansat o ofert\u0103 de 45.000.000 de euro, considerat\u0103, \u00eens\u0103, prea mic\u0103.<\/p>\n<p id=\"p-10\">Palestra e principalul nume identificat pentru consolidarea pozi\u021biei dup\u0103 plecarea lui Dumfries la Real Madrid. De aceea, \u00eenainte de a lua \u00een considerare alternativele, Inter va ridica miza.<\/p>\n<p id=\"p-11\">Juc\u0103torul \u0219i-a exprimat opinia \u00een mod ferm, resping\u00e2nd orice propunere din str\u0103in\u0103tate (Chelsea \u0219i Atletico Madrid) \u0219i acord\u00e2nd prioritate absolut\u0103 lui Inter.<\/p>\n<p id=\"p-12\">Nerazzurrii sunt a\u0219tepta\u021bi s\u0103 fac\u0103 o nou\u0103 ofert\u0103, \u00eembun\u0103t\u0103\u021bit\u0103. Acesta este mersul lucrurilor \u0219i aceasta e frumuse\u021bea pie\u021bei de transferuri\u201d, au mai punctat oamenii de pres\u0103 din Italia.<\/p>\n","protected":false},"excerpt":{"rendered":"\u00cen urm\u0103 cu scurt timp, Cristi Chivu (45 de ani) a ajuns la sediul clubului Inter Milano pentru&hellip;\n","protected":false},"author":2,"featured_media":208899,"comment_status":"","ping_status":"","sticky":false,"template":"","format":"standard","meta":{"footnotes":"","_share_on_mastodon":"0"},"categories":[20],"tags":[58713,544,1938,47994,28402,58714,41,40,38,39,185,184,40056],"class_list":["post-208898","post","type-post","status-publish","format-standard","has-post-thumbnail","category-sport","tag-chivu-contract","tag-cristi-chivu","tag-cristi-chivu-inter","tag-marco-palestra","tag-oumar-solet","tag-prelungire-contract-cristi-chivu","tag-ro","tag-romana","tag-romania","tag-romanian","tag-sport","tag-sports","tag-transferuri-inter-milano"],"share_on_mastodon":{"url":"https:\/\/pubeurope.com\/@ro\/116772593416649518","error":""},"_links":{"self":[{"href":"https:\/\/www.europesays.com\/ro\/wp-json\/wp\/v2\/posts\/208898","targetHints":{"allow":["GET"]}}],"collection":[{"href":"https:\/\/www.europesays.com\/ro\/wp-json\/wp\/v2\/posts"}],"about":[{"href":"https:\/\/www.europesays.com\/ro\/wp-json\/wp\/v2\/types\/post"}],"author":[{"embeddable":true,"href":"https:\/\/www.europesays.com\/ro\/wp-json\/wp\/v2\/users\/2"}],"replies":[{"embeddable":true,"href":"https:\/\/www.europesays.com\/ro\/wp-json\/wp\/v2\/comments?post=208898"}],"version-history":[{"count":0,"href":"https:\/\/www.europesays.com\/ro\/wp-json\/wp\/v2\/posts\/208898\/revisions"}],"wp:featuredmedia":[{"embeddable":true,"href":"https:\/\/www.europesays.com\/ro\/wp-json\/wp\/v2\/media\/208899"}],"wp:attachment":[{"href":"https:\/\/www.europesays.com\/ro\/wp-json\/wp\/v2\/media?parent=208898"}],"wp:term":[{"taxonomy":"category","embeddable":true,"href":"https:\/\/www.europesays.com\/ro\/wp-json\/wp\/v2\/categories?post=208898"},{"taxonomy":"post_tag","embeddable":true,"href":"https:\/\/www.europesays.com\/ro\/wp-json\/wp\/v2\/tags?post=208898"}],"curies":[{"name":"wp","href":"https:\/\/api.w.org\/{rel}","templated":true}]}}