{"id":209823,"date":"2026-06-19T17:49:08","date_gmt":"2026-06-19T17:49:08","guid":{"rendered":"https:\/\/www.europesays.com\/ro\/209823\/"},"modified":"2026-06-19T17:49:08","modified_gmt":"2026-06-19T17:49:08","slug":"arnold-schwarzenegger-prietenul-nadiei-comaneci-alaturi-de-iubita-cu-27-de-ani-mai-tanara-decat-el","status":"publish","type":"post","link":"https:\/\/www.europesays.com\/ro\/209823\/","title":{"rendered":"Arnold Schwarzenegger, prietenul Nadiei Com\u0103neci, al\u0103turi de iubita cu 27 de ani mai t\u00e2n\u0103r\u0103 dec\u00e2t el"},"content":{"rendered":"<p id=\"p-0\">Celebrul Arnold Schwarzenegger (79 de ani), prietenul Nadiei Com\u0103neci (64 de ani), a avut o apari\u021bie rar\u0103 al\u0103turi de iubita lui, care este cu 27 de ani mai mic\u0103 dec\u00e2t el.<\/p>\n<p id=\"p-1\">Cei care au fost de fa\u021b\u0103 la \u201eAustrian World Summit\u201d au avut ocazia s\u0103-l vad\u0103 pe marele Arnold Schwarzenegger, av\u00e2nd-o la bra\u021b pe Heather Milligan.<\/p>\n<p>Arnold Schwarzenegger a ap\u0103rut \u00een public al\u0103turi de iubita lui, mai mic\u0103 dec\u00e2t el cu 27 de ani<\/p>\n<p id=\"p-2\">Cei doi au o rela\u021bie din 2013, dar au p\u0103strat-o secret\u0103. Heather este kinetoterapeut \u0219i au \u00eenceput s\u0103 se vad\u0103 dup\u0103 ce au lucrat pentru ca el s\u0103-\u0219i rezolve accidentarea la um\u0103r.<\/p>\n<p id=\"p-3\">Au avut doar c\u00e2teva apari\u021bii publice \u00eempreun\u0103 de-a lungul anilor. Acum, au fost \u00een centrul aten\u021biei la Summitul Mondial Austriac de la Viena, Austria.<\/p>\n<p>                <a href=\"https:\/\/www.prosport.ro\/poze\/arnold-schwarzenegger-prieten-nadia-comaneci-iubita-tanara-heather-milligan-20465293\" rel=\"nofollow noopener\" target=\"_blank\">&#13;<br \/>\n                                            <img decoding=\"async\" loading=\"lazy\" fetchpriority=\"low\" src=\"https:\/\/www.europesays.com\/ro\/wp-content\/uploads\/2026\/06\/https:\/\/www.prosport.ro\/\/wp-content\/uploads\/2026\/01\/Arnold-Schwarzenegger4.jpg\" width=\"458\" height=\"305\"\/>&#13;<br \/>\n                                    <\/a><\/p>\n<p>                <a href=\"https:\/\/www.prosport.ro\/poze\/arnold-schwarzenegger-prieten-nadia-comaneci-iubita-tanara-heather-milligan-20465293\" rel=\"nofollow noopener\" target=\"_blank\">&#13;<br \/>\n                                            <img decoding=\"async\" loading=\"lazy\" fetchpriority=\"low\" src=\"https:\/\/www.europesays.com\/ro\/wp-content\/uploads\/2026\/06\/https:\/\/www.prosport.ro\/\/wp-content\/uploads\/2026\/01\/Arnold-Schwarzenegger3.jpg\" width=\"227\" height=\"151\"\/>&#13;<br \/>\n                                    <\/a><\/p>\n<p id=\"p-4\"><a style=\"color: #0000ff;\" href=\"https:\/\/www.prosport.ro\/sport-life\/nadia-comaneci-si-arnold-schwarzenegger-sunt-prieteni-la-catarama-zeita-de-la-montreal-s-a-antrenat-alaturi-de-cunoscuta-vedeta-exclusiv-19294774\" rel=\"nofollow noopener\" target=\"_blank\">Arnold, prietenul Nadiei<\/a>, \u0219i Heather sus\u021bin \u201eIni\u021biativa Climatic\u0103 Schwarzenegger\u201d, o organiza\u021bie non-profit care pledeaz\u0103 pentru o planet\u0103 s\u0103n\u0103toas\u0103 prin combaterea polu\u0103rii.<\/p>\n<p id=\"p-5\">Conferin\u021ba din acest an a fost fondat\u0103 de fostul guvernator al Californiei \u00een 2017. Arnold a purtat un costum gri \u00een carouri \u0219i o c\u0103ma\u0219\u0103 neagr\u0103.<\/p>\n<p id=\"p-6\">Iubita lui a optat pentru o c\u0103ma\u0219\u0103 din satin verde lime, o jachet\u0103 asortat\u0103 \u0219i pantaloni albi.<\/p>\n<p id=\"p-7\">Al\u0103turi de ei au fost, printre al\u021bii, fosta vicepre\u0219edinte american\u0103 Kamala Harris, cancelarul austriac Christian Stocker \u0219i pre\u0219edintele austriac Alexander Van der Bellen.<\/p>\n<p id=\"p-8\">\u201eTrebuie s\u0103 punem cap\u0103t polu\u0103rii, asta spun mereu. Folosi\u021bi replicile mele din filme, \u00abAsta La Vista, poluare\u00bb. Tema conferin\u021bei este c\u0103 suntem de neoprit\u201d, a declarat Arnold.<\/p>\n<p id=\"p-9\">Schwarzenegger a \u00eendemnat oamenii s\u0103 se g\u00e2ndeasc\u0103 la ce pot face \u201ela nivel statal \u0219i local\u201d pentru a preveni poluarea.<\/p>\n<p>Cum a cucerit-o Arnold Schwarzenegger pe Heather Milligan<\/p>\n<p id=\"p-10\">\u00cenainte de summit, Schwarzenegger \u0219i Milligan au fost v\u0103zu\u021bi ultima dat\u0103 public \u00eempreun\u0103 la o cin\u0103 la Nobu Malibu \u00een aprilie.<\/p>\n<p id=\"p-11\">De asemenea, au participat la Summitul Mondial Austriac din 2025, iar dup\u0103 c\u00e2teva zile au p\u0103\u0219it pe covorul ro\u0219u la premiera sezonului 2 al serialului Fubar, la Los Angeles.<\/p>\n<p id=\"p-12\">Cei doi s-au cunoscut prin intermediul bunului prieten al lui Schwarzenegger, nimeni altul dec\u00e2t Sylvester Stallone. Ei au fost colegi de filmare \u00een pelicula \u201eEscape Plan\u201d.<\/p>\n<p id=\"p-13\">\u201eM-am dus la ea, iar dup\u0103 ce mi-am terminat terapia, am sunat-o \u0219i am scos-o la pr\u00e2nz ca s\u0103-i mul\u021bumesc. \u0218i apoi una a dus la alta\u201d, a spus Schwarzenegger pentru <a style=\"color: #000000;\" href=\"https:\/\/people.com\/arnold-schwarzenegger-makes-rare-public-appearance-with-girlfriend-at-climate-summit-in-vienna-12000458\" target=\"_blank\" rel=\"noopener nofollow\">People<\/a> \u00een 2023.<\/p>\n<p id=\"p-14\">\u201eAvem at\u00e2t de multe lucruri \u00een comun. Cred \u00een \u00ablumea\u00bb ei. \u00cemi place c\u0103 este pasionat\u0103 de munc\u0103. Este \u00een mod clar independent\u0103. Este pur \u0219i simplu foarte motivat\u0103\u201d, a mai spus el.<\/p>\n<p id=\"p-15\">\u00cenainte de a \u00eencepe s\u0103 se \u00eent\u00e2lneasc\u0103 cu Milligan, Arnold a fost c\u0103s\u0103torit cu jurnalista Maria Shriver timp de 25 de ani.<\/p>\n<p id=\"p-16\">Desp\u0103r\u021birea a venit dup\u0103 ce starul din Conan, Terminator, Red Sonja, Commando sau Predator a recunoscut public c\u0103 <a style=\"color: #0000ff;\" href=\"https:\/\/www.prosport.ro\/alte-sporturi\/fiul-nelegitim-al-lui-arnold-schwarzenegger-a-reusit-o-performanta-uimitoare-20411446\" rel=\"nofollow noopener\" target=\"_blank\">a avut un copil cu menajera lor<\/a> de mult\u0103 vreme.<\/p>\n<p id=\"p-17\">Arnold \u0219i Maria au 4 copii \u00eempreun\u0103, Katherine (36 de ani), Christina (34 de ani), Patrick (32 de ani) \u0219i Christopher (28 de ani).<\/p>\n","protected":false},"excerpt":{"rendered":"Celebrul Arnold Schwarzenegger (79 de ani), prietenul Nadiei Com\u0103neci (64 de ani), a avut o apari\u021bie rar\u0103 al\u0103turi&hellip;\n","protected":false},"author":2,"featured_media":209824,"comment_status":"","ping_status":"","sticky":false,"template":"","format":"standard","meta":{"footnotes":"","_share_on_mastodon":"0"},"categories":[12],"tags":[8831,32,33,31,36,37,27,58942,74,4596,34,35,1072,25,20238,41,40,38,39,26,1721,28,29,30,71,72,73],"class_list":["post-209823","post","type-post","status-publish","format-standard","has-post-thumbnail","category-international","tag-arnold-schwarzenegger","tag-breaking-news","tag-breakingnews","tag-cele-mai-populare-subiecte","tag-featured-news","tag-featurednews","tag-headlines","tag-heather-milligan","tag-international","tag-iubita","tag-latest-news","tag-latestnews","tag-nadia-comaneci","tag-news","tag-prieten","tag-ro","tag-romana","tag-romania","tag-romanian","tag-stiri","tag-tanara","tag-titluri","tag-top-stories","tag-topstories","tag-world","tag-world-news","tag-worldnews"],"share_on_mastodon":{"url":"https:\/\/pubeurope.com\/@ro\/116778039311807755","error":""},"_links":{"self":[{"href":"https:\/\/www.europesays.com\/ro\/wp-json\/wp\/v2\/posts\/209823","targetHints":{"allow":["GET"]}}],"collection":[{"href":"https:\/\/www.europesays.com\/ro\/wp-json\/wp\/v2\/posts"}],"about":[{"href":"https:\/\/www.europesays.com\/ro\/wp-json\/wp\/v2\/types\/post"}],"author":[{"embeddable":true,"href":"https:\/\/www.europesays.com\/ro\/wp-json\/wp\/v2\/users\/2"}],"replies":[{"embeddable":true,"href":"https:\/\/www.europesays.com\/ro\/wp-json\/wp\/v2\/comments?post=209823"}],"version-history":[{"count":0,"href":"https:\/\/www.europesays.com\/ro\/wp-json\/wp\/v2\/posts\/209823\/revisions"}],"wp:featuredmedia":[{"embeddable":true,"href":"https:\/\/www.europesays.com\/ro\/wp-json\/wp\/v2\/media\/209824"}],"wp:attachment":[{"href":"https:\/\/www.europesays.com\/ro\/wp-json\/wp\/v2\/media?parent=209823"}],"wp:term":[{"taxonomy":"category","embeddable":true,"href":"https:\/\/www.europesays.com\/ro\/wp-json\/wp\/v2\/categories?post=209823"},{"taxonomy":"post_tag","embeddable":true,"href":"https:\/\/www.europesays.com\/ro\/wp-json\/wp\/v2\/tags?post=209823"}],"curies":[{"name":"wp","href":"https:\/\/api.w.org\/{rel}","templated":true}]}}