{"id":210551,"date":"2026-06-20T14:25:09","date_gmt":"2026-06-20T14:25:09","guid":{"rendered":"https:\/\/www.europesays.com\/ro\/210551\/"},"modified":"2026-06-20T14:25:09","modified_gmt":"2026-06-20T14:25:09","slug":"mutare-neasteptata-prima-campioana-a-belgiei-transfera-un-roman-din-liga-1","status":"publish","type":"post","link":"https:\/\/www.europesays.com\/ro\/210551\/","title":{"rendered":"Mutare nea\u0219teptat\u0103! Prima campioan\u0103 a Belgiei\u00a0transfer\u0103 un rom\u00e2n din Liga 1"},"content":{"rendered":"<ul class=\"bullets\">&#13;<\/p>\n<li>Bogdan Marian (21 de ani), t\u00e2n\u0103rul funda\u0219 de la Petrolul Ploie\u0219ti, ar putea ajunge \u00een Belgia. <\/li>\n<p>&#13;\n<\/ul>\n<p><a id=\"google-source-button\" class=\"google-favorite\" target=\"_blank\" href=\"https:\/\/www.google.com\/preferences\/source?q=golazo.ro\" rel=\"nofollow noopener\"><\/p>\n<p>        <img decoding=\"async\" src=\"https:\/\/golazo.ro\/images\/google-logo.svg\" alt=\"\"\/><br \/>\n        <img decoding=\"async\" src=\"https:\/\/golazo.ro\/images\/check-icon-2.svg\" alt=\"\"\/><\/p>\n<p>    Adaug\u0103 GOLAZO.ro la favorite<\/p>\n<p><\/a><\/p>\n<p class=\"\">Format \u00een academia englezilor de la Watford, Bogdan Marian a jucat \u00een Rom\u00e2nia la Petrolul, dar \u0219i la echipa secund\u0103 a celor de la FC Voluntari. <\/p>\n<p>Bogdan Marian ar putea ajunge la RFC Liege <\/p>\n<p class=\"\">Dup\u0103 un an \u0219i jum\u0103tate la Ploie\u0219ti, Bogdan Marian ar putea ajunge \u00een Belgia, la RFC Liege, prima campioan\u0103 din istoria \u021b\u0103rii, scrie <a target=\"_blank\" href=\"https:\/\/www.sport.ro\/stranieri\/dupa-darius-olaru-inca-un-fotbalist-roman-din-superliga-semneaza-cu-o-campioana-din-belgia.html\" rel=\"nofollow noopener\">sport.ro. <\/a><\/p>\n<p class=\"\">Marian este deja \u00een Belgia \u0219i ar urma s\u0103 fac\u0103 testele medicale \u00een urm\u0103toarele zile, iar dac\u0103 totul va fi bine, acesta va semna cu clubul din Liege. Fondat\u0103 \u00een 1892, echipa joac\u0103 \u00een acest moment \u00een e\u0219alonul secund.<\/p>\n<p class=\"\">De serviciile funda\u0219ului st\u00e2nga s-ar mai fi interesat \u0219i Dender, o alt\u0103 grupare din liga secund\u0103 a Belgiei, dar \u0219i Playmouth Argyle, echip\u0103 din League One (n.r. &#8211; al treilea e\u0219alon din Anglia).<\/p>\n<p>100.000 de euro <\/p>\n<p>este cota lui Bogdan Marian, potrivit Transfermarkt <\/p>\n<p class=\"\">Bogdan Marian a jucat doar opt meciuri \u00een tricoul Petrolului, dintre care \u0219apte au fost \u00een sezonul recent \u00eencheiat. <\/p>\n<p class=\"\">El a reu\u0219it s\u0103 marcheze \u0219i un gol \u00een remiza cu Universitatea Cluj, scor 1-1, meci disputat pe 9 august 2025, \u00een etapa a cincea din Liga 1. <\/p>\n<p class=\"\">Pe 16 iunie, Darius Olaru a plecat de la FCSB \u0219i a fost <a target=\"_blank\" href=\"https:\/\/golazo.ro\/darius-olaru-transfer-fcsb-royale-union-saint-gilloise-177429\" rel=\"nofollow noopener\">prezentat oficial la Union Saint-Gilloise<\/a>, vicecampioana Belgiei.<a target=\"_blank\" href=\"https:\/\/golazo.ro\/javascript:;\" rel=\"nofollow noopener\"><\/p>\n<p>Cite\u0219te \u0219i<\/p>\n<p>VIDEO: cele mai noi imagini din sport<\/p>\n","protected":false},"excerpt":{"rendered":"&#13; Bogdan Marian (21 de ani), t\u00e2n\u0103rul funda\u0219 de la Petrolul Ploie\u0219ti, ar putea ajunge \u00een Belgia. &#13;&hellip;\n","protected":false},"author":2,"featured_media":210552,"comment_status":"","ping_status":"","sticky":false,"template":"","format":"standard","meta":{"footnotes":"","_share_on_mastodon":"0"},"categories":[20],"tags":[7624,59128,1489,59129,41,40,38,39,185,184,379],"class_list":["post-210551","post","type-post","status-publish","format-standard","has-post-thumbnail","category-sport","tag-belgia","tag-bogdan-marian","tag-petrolul-ploiesti","tag-rfc-liege","tag-ro","tag-romana","tag-romania","tag-romanian","tag-sport","tag-sports","tag-transfer"],"share_on_mastodon":{"url":"https:\/\/pubeurope.com\/@ro\/116782899276594865","error":""},"_links":{"self":[{"href":"https:\/\/www.europesays.com\/ro\/wp-json\/wp\/v2\/posts\/210551","targetHints":{"allow":["GET"]}}],"collection":[{"href":"https:\/\/www.europesays.com\/ro\/wp-json\/wp\/v2\/posts"}],"about":[{"href":"https:\/\/www.europesays.com\/ro\/wp-json\/wp\/v2\/types\/post"}],"author":[{"embeddable":true,"href":"https:\/\/www.europesays.com\/ro\/wp-json\/wp\/v2\/users\/2"}],"replies":[{"embeddable":true,"href":"https:\/\/www.europesays.com\/ro\/wp-json\/wp\/v2\/comments?post=210551"}],"version-history":[{"count":0,"href":"https:\/\/www.europesays.com\/ro\/wp-json\/wp\/v2\/posts\/210551\/revisions"}],"wp:featuredmedia":[{"embeddable":true,"href":"https:\/\/www.europesays.com\/ro\/wp-json\/wp\/v2\/media\/210552"}],"wp:attachment":[{"href":"https:\/\/www.europesays.com\/ro\/wp-json\/wp\/v2\/media?parent=210551"}],"wp:term":[{"taxonomy":"category","embeddable":true,"href":"https:\/\/www.europesays.com\/ro\/wp-json\/wp\/v2\/categories?post=210551"},{"taxonomy":"post_tag","embeddable":true,"href":"https:\/\/www.europesays.com\/ro\/wp-json\/wp\/v2\/tags?post=210551"}],"curies":[{"name":"wp","href":"https:\/\/api.w.org\/{rel}","templated":true}]}}