{"id":212017,"date":"2026-06-22T10:28:23","date_gmt":"2026-06-22T10:28:23","guid":{"rendered":"https:\/\/www.europesays.com\/ro\/212017\/"},"modified":"2026-06-22T10:28:23","modified_gmt":"2026-06-22T10:28:23","slug":"azi-la-gsp-live-capul-verde-la-un-pas-sa-treaca-de-grupe-la-campionatul-mondial","status":"publish","type":"post","link":"https:\/\/www.europesays.com\/ro\/212017\/","title":{"rendered":"Azi, la GSP Live: Capul Verde, la un pas s\u0103 treac\u0103 de grupe la Campionatul Mondial!"},"content":{"rendered":"<p class=\"data-autor\">\n            Articol de <a rel=\"author nofollow noopener\" href=\"https:\/\/www.gsp.ro\/autor\/razvan-stamatiu-3958.html\" target=\"_blank\">R\u0103zvan Stamatiu<\/a>            &#8211; Publicat luni, 22 iunie 2026,  09:32            \/ Actualizat luni, 22 iunie 2026 12:11                    <\/p>\n<p class=\"do-not-hide\">Alexandru Barbu a revenit cu o nou\u0103 edi\u021bie GSP Live, ast\u0103zi, de la ora 11:00, al\u0103turi de antrenorul Florin Motroc.<\/p>\n<p class=\"do-not-hide\">C\u00e2teva dintre cele mai importante subiecte ale zilei:<\/p>\n<ul>\n<li>\n<p>remiz\u0103 alb\u0103 \u00eentre Belgia \u0219i Iran, dup\u0103 un meci mare f\u0103cut de portarul Beiranvand;<\/p>\n<\/li>\n<li>\n<p>Capul Verde, al doilea punct ob\u021binut la Mondial \u0219i aproape de calificarea \u00een \u201e16\u201d-imi!<\/p>\n<\/li>\n<li>\n<p>Egiptul a ob\u021binut prima victorie din istorie la un CM, 3-1 cu Noua Zeeland\u0103, cu Mohamed Salah protagonist;<\/p>\n<\/li>\n<li>\n<p>Spania &#8211; Arabia Saudit\u0103 4-0. Lamine Yamal a deschis scorul \u00een minutul 10;<\/p>\n<\/li>\n<li>\n<p>ce a spus Motroc despre noul proiect de la Rapid, cu Daniel Pancu antrenor.<\/p>\n<\/li>\n<\/ul>\n<p>Ovidiu Ioani\u021boaia, directorul Gazetei Sporturilor, ni s-a al\u0103turat discu\u021biei, prin telefon.<\/p>\n<p>Cite\u0219te \u0219i:<\/p>\n<p>            <a href=\"https:\/\/www.gsp.ro\/international\/campionatul-mondial-de-fotbal-2026\/comentariul-tv-clonat-femei-frumoase-inexistente-ai-ul-stapaneste-mondialul-intr-un-fel-sinistru-951596.html\" class=\"related-in-article\" rel=\"nofollow noopener\" target=\"_blank\"><\/p>\n<p>                    <img decoding=\"async\" loading=\"lazy\" src=\"https:\/\/www.europesays.com\/ro\/wp-content\/uploads\/2026\/06\/39a881eb-7c46-416b-bde5-2aa46d9b10ae.jpg\" alt=\"Comentariul TV clonat, femei frumoase inexistente \u0219i \u201eHitler\u201d din tribuna Germaniei: AI-ul st\u0103p\u00e2ne\u0219te Mondialul \u00eentr-un fel sinistru! Cum a fost trucat comentariul TV: \u201eCine e negresa asta?\u201d\"\/><\/p>\n<p>Campionatul Mondial de Fotbal 2026<\/p>\n<p>Comentariul TV clonat, femei frumoase inexistente \u0219i \u201eHitler\u201d din tribuna Germaniei: AI-ul st\u0103p\u00e2ne\u0219te Mondialul \u00eentr-un fel sinistru! Cum a fost trucat comentariul TV: \u201eCine e negresa asta?\u201d<\/p>\n<p>            <\/a><\/p>\n<p>            <a href=\"https:\/\/www.gsp.ro\/international\/campionatul-mondial-de-fotbal-2026\/uruguay-capul-verde-cupa-mondiala-951555.html\" class=\"related-in-article\" rel=\"nofollow noopener\" target=\"_blank\"><\/p>\n<p>                    <img decoding=\"async\" loading=\"lazy\" src=\"https:\/\/www.europesays.com\/ro\/wp-content\/uploads\/2026\/06\/1782124101_931_d229f9ff-448c-4de3-9fac-c4a91fc4af3c.jpg\" alt=\"Dubla campioan\u0103 mondial\u0103 risc\u0103 eliminarea \u00eenc\u0103 din grupe! Gafa care o cost\u0103 enorm\"\/><\/p>\n<p>Campionatul Mondial de Fotbal 2026<\/p>\n<p>Dubla campioan\u0103 mondial\u0103 risc\u0103 eliminarea \u00eenc\u0103 din grupe! Gafa care o cost\u0103 enorm<\/p>\n<p>            <\/a><\/p>\n<p>            <a href=\"https:\/\/www.gsp.ro\/fotbal\/liga-1\/fcsb-s-a-reunit-la-prima-ora-numele-noi-si-5-absente-951530.html\" class=\"related-in-article\" rel=\"nofollow noopener\" target=\"_blank\"><\/p>\n<p>                    <img decoding=\"async\" loading=\"lazy\" src=\"https:\/\/www.europesays.com\/ro\/wp-content\/uploads\/2026\/06\/1782124101_168_16406e0b-362e-4bca-9eb1-d05bab4e5f2d.jpeg\" alt=\"FCSB s-a reunit la prima or\u0103 \u00bb Numele noi \u0219i 5 absen\u021be\"\/><\/p>\n<p>Superliga<\/p>\n<p>FCSB s-a reunit la prima or\u0103 \u00bb Numele noi \u0219i 5 absen\u021be<\/p>\n<p>            <\/a><\/p>\n<p>            <a href=\"https:\/\/www.gsp.ro\/international\/campionatul-mondial-de-fotbal-2026\/diana-munteanu-dan-alexa-curacao-cupa-mondiala-951370.html\" class=\"related-in-article\" rel=\"nofollow noopener\" target=\"_blank\"><\/p>\n<p>                    <img decoding=\"async\" loading=\"lazy\" src=\"https:\/\/www.europesays.com\/ro\/wp-content\/uploads\/2026\/06\/1782124101_160_de15644e-23e2-4027-ae83-8c99380fc407.jpg\" alt=\"Diana Munteanu a pus un pariu de cot\u0103 17 la Cupa Mondial\u0103: \u201ePromit s\u0103 fac asta la TV, dac\u0103 nu trece de grupe!\u201d\"\/><\/p>\n<p>Campionatul Mondial de Fotbal 2026<\/p>\n<p>Diana Munteanu a pus un pariu de cot\u0103 17 la Cupa Mondial\u0103: \u201ePromit s\u0103 fac asta la TV, dac\u0103 nu trece de grupe!\u201d<\/p>\n<p>            <\/a><\/p>\n<p>                        <a href=\"https:\/\/www.profit.ro\/povesti-cu-profit\/retail\/exclusiv-video-magazin-inchis-in-romania-cu-coliva-si-vesnica-pomenire-apare-acum-cel-mai-mare-magazin-de-tenis-padel-22486405?utm_source=gsp&amp;utm_medium=Referral&amp;utm_campaign=Cross\" target=\"_blank\" class=\"related-in-article\" rel=\"nofollow noopener\"><\/p>\n<p>                    <img decoding=\"async\" src=\"https:\/\/www.europesays.com\/ro\/wp-content\/uploads\/2026\/06\/220_cb53cc789f9dc99c375bd558eef50b1e.jpg\" loading=\"lazy\" width=\"300\" height=\"200\" alt=\"EXCLUSIV VIDEO Magazin \u00eenchis \u00een Rom\u00e2nia cu coliv\u0103 \u0219i \" ve=\"\" pomenire=\"\" apare=\"\" acum=\"\" cel=\"\" mai=\"\" mare=\"\" magazin=\"\" de=\"\" tenis=\"\" padel=\"\"\/><\/p>\n<p>Profit.ro<\/p>\n<p>EXCLUSIV VIDEO Magazin \u00eenchis \u00een Rom\u00e2nia cu coliv\u0103 \u0219i &#8222;Ve\u0219nic\u0103 Pomenire&#8221;. Apare acum cel mai mare magazin de tenis &amp; padel<\/p>\n<p>            <\/a><\/p>\n<p>Flash News: cele mai importante reac\u021bii \u0219i faze video din sport<\/p>\n<p>                        <img loading=\"lazy\" decoding=\"async\" alt=\"\" src=\"https:\/\/www.europesays.com\/ro\/wp-content\/uploads\/2026\/06\/1781954112_667_blank.gif\" width=\"728\" height=\"405\"\/> <\/p>\n<p>\n            <a href=\"http:\/\/www.gsp.ro\/cdn-cgi\/l\/email-protection#285b5d4a414d4b5c4d684f5b58065a47\" class=\"icon-link normal-link pont\" rel=\"nofollow noopener\" target=\"_blank\"><br \/>\n                Ai o informa\u021bie? Scrie-ne pe [email\u00a0protected]! Gazeta \u00ee\u0219i protejeaz\u0103 \u00eentotdeauna sursele.<br \/>\n            <\/a>\n        <\/p>\n<p>\n            <a href=\"https:\/\/www.gsp.ro\/international\/campionatul-mondial-de-fotbal-2026\/comentariul-tv-clonat-femei-frumoase-inexistente-ai-ul-stapaneste-mondialul-intr-un-fel-sinistru-951596.html\" class=\"icon-link normal-link after-article-internal-cross\" data-article-id=\"951596\" rel=\"nofollow noopener\" target=\"_blank\"><br \/>\n                Comentariul TV clonat, femei frumoase inexistente \u0219i \u201eHitler\u201d din tribuna Germaniei: AI-ul st\u0103p\u00e2ne\u0219te Mondialul \u00eentr-un fel sinistru! Cum a fost trucat comentariul TV: \u201eCine e negresa asta?\u201d            <\/a>\n        <\/p>\n<p>\n            <a href=\"https:\/\/www.gsp.ro\/international\/campionatul-mondial-de-fotbal-2026\/romania-argentina-1994-cm-record-suturi-canada-qatar-950311.html\" class=\"icon-link normal-link after-article-internal-cross\" data-article-id=\"950311\" rel=\"nofollow noopener\" target=\"_blank\"><br \/>\n                FABULOS \u00bb De la Rom\u00e2nia &#8211; Argentina, \u00een 1994, nu s-a mai \u00eent\u00e2mplat a\u0219a ceva la un Mondial            <\/a>\n        <\/p>\n<p><\/p>\n","protected":false},"excerpt":{"rendered":"Articol de R\u0103zvan Stamatiu &#8211; Publicat luni, 22 iunie 2026, 09:32 \/ Actualizat luni, 22 iunie 2026 12:11&hellip;\n","protected":false},"author":2,"featured_media":212018,"comment_status":"","ping_status":"","sticky":false,"template":"","format":"standard","meta":{"footnotes":"","_share_on_mastodon":"0"},"categories":[20],"tags":[664,269,25842,1109,41,40,38,39,185,184],"class_list":["post-212017","post","type-post","status-publish","format-standard","has-post-thumbnail","category-sport","tag-campionatul-mondial","tag-fcsb","tag-florin-motroc","tag-gsp-live","tag-ro","tag-romana","tag-romania","tag-romanian","tag-sport","tag-sports"],"share_on_mastodon":{"url":"https:\/\/pubeurope.com\/@ro\/116793292261584705","error":""},"_links":{"self":[{"href":"https:\/\/www.europesays.com\/ro\/wp-json\/wp\/v2\/posts\/212017","targetHints":{"allow":["GET"]}}],"collection":[{"href":"https:\/\/www.europesays.com\/ro\/wp-json\/wp\/v2\/posts"}],"about":[{"href":"https:\/\/www.europesays.com\/ro\/wp-json\/wp\/v2\/types\/post"}],"author":[{"embeddable":true,"href":"https:\/\/www.europesays.com\/ro\/wp-json\/wp\/v2\/users\/2"}],"replies":[{"embeddable":true,"href":"https:\/\/www.europesays.com\/ro\/wp-json\/wp\/v2\/comments?post=212017"}],"version-history":[{"count":0,"href":"https:\/\/www.europesays.com\/ro\/wp-json\/wp\/v2\/posts\/212017\/revisions"}],"wp:featuredmedia":[{"embeddable":true,"href":"https:\/\/www.europesays.com\/ro\/wp-json\/wp\/v2\/media\/212018"}],"wp:attachment":[{"href":"https:\/\/www.europesays.com\/ro\/wp-json\/wp\/v2\/media?parent=212017"}],"wp:term":[{"taxonomy":"category","embeddable":true,"href":"https:\/\/www.europesays.com\/ro\/wp-json\/wp\/v2\/categories?post=212017"},{"taxonomy":"post_tag","embeddable":true,"href":"https:\/\/www.europesays.com\/ro\/wp-json\/wp\/v2\/tags?post=212017"}],"curies":[{"name":"wp","href":"https:\/\/api.w.org\/{rel}","templated":true}]}}