{"id":212270,"date":"2026-06-22T15:15:12","date_gmt":"2026-06-22T15:15:12","guid":{"rendered":"https:\/\/www.europesays.com\/ro\/212270\/"},"modified":"2026-06-22T15:15:12","modified_gmt":"2026-06-22T15:15:12","slug":"inlocuitorul-lui-razvan-lucescu-a-ajuns-la-salonic-pentru-semnarea-contractului","status":"publish","type":"post","link":"https:\/\/www.europesays.com\/ro\/212270\/","title":{"rendered":"\u00cenlocuitorul lui R\u0103zvan Lucescu a ajuns la Salonic pentru semnarea contractului"},"content":{"rendered":"<p>\n            Articol de <a rel=\"author nofollow noopener\" href=\"https:\/\/www.gsp.ro\/autor\/eduard-apostol-10.html\" target=\"_blank\">Eduard Apostol<\/a>            &#8211; Publicat luni, 22 iunie 2026,  13:30            \/ Actualizat luni, 22 iunie 2026 13:42                    <\/p>\n<p><a target=\"_self\" class=\"editor-link\" href=\"https:\/\/www.gsp.ro\/international\/campionate\/inlocuitorul-lui-razvan-lucescu-alessio-lisci-paok-950575.html\" rel=\"nofollow noopener\">Alessio Lisci, 40 de ani<\/a>, italianul ce a salvat Osasuna de la retrogradare \u00een sezonul trecut, a ajuns la Salonic \u0219i este a\u0219teptat s\u0103 fie prezentat ca noul antrenor al lui PAOK. \u00cen ceea ce-l prive\u0219te pe R\u0103zvan Lucescu, rom\u00e2nul a renun\u021bat la 2 milioane de euro de la Ivan Savvidis!<\/p>\n<p class=\"do-not-hide\">Alessio Lisci a ajuns duminic\u0103 la Salonic \u0219i urmeaz\u0103 s\u0103 fie prezentat cur\u00e2nd de c\u0103tre PAOK. La aeroport, italianul a fost a\u0219teptat de Leo Matos, directorul sportiv al grecilor, apoi cei doi au discutat la \u201eMakedonia Palace\u201d \u0219i cu Vieirinha, consilierul personal al pre\u0219edintelui alb-negrilor.<\/p>\n<p>Alessio Lisci va avea un salariu mult mai mic dec\u00e2t al lui R\u0103zvan Lucescu la PAOK Salonic<\/p>\n<p>Lisci va sosi ca \u00eenlocuitor al lui R\u0103zvan Lucescu la PAOK. Rom\u00e2nul a f\u0103cut istorie acolo, cucerind dou\u0103 titluri de campion, plus alte dou\u0103 Cupe ale Greciei. \u00cen ziua \u00een care italianul ce a salvat Osasuna de la retrogradare a sosit la Salonic, R\u0103zvan \u0219i membrii staff-ului s\u0103u \u0219i-au str\u00e2ns lucrurile din cantonament!<\/p>\n<p><a target=\"_self\" class=\"editor-link\" href=\"https:\/\/www.gsp.ro\/international\/campionate\/inlocuitorul-lui-razvan-lucescu-alessio-lisci-paok-950575.html\" rel=\"nofollow noopener\">GSP.ro v-a informat \u00eenc\u0103 de s\u0103pt\u0103m\u00e2na trecut\u0103<\/a> de interesul pe care PAOK \u00eel are fa\u021b\u0103 de Lisci, un antrenor t\u00e2n\u0103r, care nu are un CV impun\u0103tor.<\/p>\n<p>Lisci \u0219i-a \u00eenceput cariera ca preparator fizic la Lazio, \u00een perioada 2006 &#8211; 2009, apoi a activat la diverse grupe de juniori la Levante. P\u00e2n\u0103 c\u00e2nd a fost avansat la prima echip\u0103, \u00een decembrie 2021. A lucrat acolo p\u00e2n\u0103 la finalul stagiunii, \u00een mai 2022.<\/p>\n<p>Apoi, a fost dou\u0103 sezoane la Mirandes. Iar \u00een vara 2025 a preluat Osasuna, pe care a reu\u0219it s\u0103 o salveze in extremis de la retrogradare.<\/p>\n<p>Lisci va avea un salariu mult mai mic dec\u00e2t R\u0103zvan Lucescu. \u00cen ultimele sezoane, rom\u00e2nul a c\u00e2\u0219tigat \u00een jur de 2 milioane de euro pe sezon din angajamentul cu PAOK. Italianul are doar un sfert din salariul lui Lucescu!<\/p>\n<p>R\u0103zvan Lucescu, gest impresionant fa\u021b\u0103 de Ivan Savvidis<\/p>\n<p>Grecii de la <a target=\"_self\" class=\"editor-link\" href=\"https:\/\/www.metrosport.gr\/paok-o-loytseskoy-kai-to-tim-toy-vrethikan-sti-mesimvria-to-mesimeri-1316730\" rel=\"nofollow noopener\">Metrosport<\/a> au dezv\u0103luit duminic\u0103 faptul c\u0103 R\u0103zvan Lucescu nu a dorit s\u0103 primeasc\u0103 banii datora\u021bi \u00een mod normal de PAOK Salonic, aproximativ dou\u0103 milioane de euro, at\u00e2t c\u00e2t era salariul antrenorului rom\u00e2n pe ultimul sezon!<\/p>\n<p>\u201eTimp de \u0219apte ani, PAOK a fost a doua cas\u0103 a lui. Locul unde \u0219i-a petrecut cea mai mare parte a zilei.<\/p>\n<p>R\u0103zvan Lucescu \u0219i secunzii lui au fost duminic\u0103 la baza de antrenament. Motivul prezen\u021bei lor a fost de a-\u0219i str\u00e2nge lucrurile. Echipa antrenorului rom\u00e2n a stat ceva timp s\u0103 adune tot, apoi a plecat.<\/p>\n<p>A fost o mi\u0219care care demonstreaz\u0103 tot ce a spus Lucescu, mai exact c\u0103 ar fi vrut s\u0103 r\u0103m\u00e2n\u0103 \u0219i c\u0103 urma s\u0103 preg\u0103teasc\u0103 noul sezon al\u0103turi de secunzii s\u0103i. Au fost cuvinte adev\u0103rate, nu vorbe goale.<\/p>\n<p>Finalul colabor\u0103rii nu a avut loc la ini\u021biativa lui, iar at\u00e2t el, c\u00e2t \u0219i asisten\u021bii s\u0103i au fost de acord ca desp\u0103r\u021birea s\u0103 fie amiabil\u0103, f\u0103r\u0103 s\u0103 cear\u0103 compensa\u021bii financiare, a\u0219a cum prevedea contractul.<\/p>\n<p>Aceasta a fost \u00eenc\u0103 o mi\u0219care menit\u0103 s\u0103 dovedeasc\u0103 leg\u0103tura str\u00e2ns\u0103 dintre antrenorul de 57 de ani \u0219i clubul alb-negru&#8221;, a scris sursa citat\u0103.<\/p>\n<p>Lucescu ar putea semna p\u00e2n\u0103 la finalul s\u0103pt\u0103m\u00e2nii cu Al-Sadd, club istoric din Qatar, fosta forma\u021bie a lui Roberto Mancini, pentru un salariu de peste 5 milioane de euro pe an!<\/p>\n","protected":false},"excerpt":{"rendered":"Articol de Eduard Apostol &#8211; Publicat luni, 22 iunie 2026, 13:30 \/ Actualizat luni, 22 iunie 2026 13:42&hellip;\n","protected":false},"author":2,"featured_media":212271,"comment_status":"","ping_status":"","sticky":false,"template":"","format":"standard","meta":{"footnotes":"","_share_on_mastodon":"0"},"categories":[5],"tags":[45913,59514,32,33,31,36,37,27,34,35,25,4121,2466,41,40,38,39,26,28,29,30],"class_list":["post-212270","post","type-post","status-publish","format-standard","has-post-thumbnail","category-titluri","tag-al-sadd","tag-alessio-lisci","tag-breaking-news","tag-breakingnews","tag-cele-mai-populare-subiecte","tag-featured-news","tag-featurednews","tag-headlines","tag-latest-news","tag-latestnews","tag-news","tag-paok-salonic","tag-razvan-lucescu","tag-ro","tag-romana","tag-romania","tag-romanian","tag-stiri","tag-titluri","tag-top-stories","tag-topstories"],"share_on_mastodon":{"url":"https:\/\/pubeurope.com\/@ro\/116794420637383096","error":""},"_links":{"self":[{"href":"https:\/\/www.europesays.com\/ro\/wp-json\/wp\/v2\/posts\/212270","targetHints":{"allow":["GET"]}}],"collection":[{"href":"https:\/\/www.europesays.com\/ro\/wp-json\/wp\/v2\/posts"}],"about":[{"href":"https:\/\/www.europesays.com\/ro\/wp-json\/wp\/v2\/types\/post"}],"author":[{"embeddable":true,"href":"https:\/\/www.europesays.com\/ro\/wp-json\/wp\/v2\/users\/2"}],"replies":[{"embeddable":true,"href":"https:\/\/www.europesays.com\/ro\/wp-json\/wp\/v2\/comments?post=212270"}],"version-history":[{"count":0,"href":"https:\/\/www.europesays.com\/ro\/wp-json\/wp\/v2\/posts\/212270\/revisions"}],"wp:featuredmedia":[{"embeddable":true,"href":"https:\/\/www.europesays.com\/ro\/wp-json\/wp\/v2\/media\/212271"}],"wp:attachment":[{"href":"https:\/\/www.europesays.com\/ro\/wp-json\/wp\/v2\/media?parent=212270"}],"wp:term":[{"taxonomy":"category","embeddable":true,"href":"https:\/\/www.europesays.com\/ro\/wp-json\/wp\/v2\/categories?post=212270"},{"taxonomy":"post_tag","embeddable":true,"href":"https:\/\/www.europesays.com\/ro\/wp-json\/wp\/v2\/tags?post=212270"}],"curies":[{"name":"wp","href":"https:\/\/api.w.org\/{rel}","templated":true}]}}