{"id":212308,"date":"2026-06-22T15:39:12","date_gmt":"2026-06-22T15:39:12","guid":{"rendered":"https:\/\/www.europesays.com\/ro\/212308\/"},"modified":"2026-06-22T15:39:12","modified_gmt":"2026-06-22T15:39:12","slug":"galaxy-s26-fe-ar-putea-dezvalui-adevarata-putere-a-procesorului-exynos-2500-depasind-performantele-lui-galaxy-z-flip-7-in-geekbench","status":"publish","type":"post","link":"https:\/\/www.europesays.com\/ro\/212308\/","title":{"rendered":"Galaxy S26 FE ar putea dezv\u0103lui adev\u0103rata putere a procesorului Exynos 2500, dep\u0103\u0219ind performan\u021bele lui Galaxy Z Flip 7 \u00een Geekbench"},"content":{"rendered":"<p>Samsung a introdus cipsetul Exynos 2500 odat\u0103 cu debutul pliabilului <a href=\"https:\/\/www.mobilissimo.ro\/recenzii-telefoane\/samsung-galaxy-z-flip7-review-detaliat-in-limba-romana-evaluare-mobilissimo\" target=\"_blank\" rel=\"nofollow noopener\">Galaxy Z Flip7<\/a>. \u00centre timp a debutat \u0219i <a href=\"https:\/\/www.mobilissimo.ro\/stiri-telefoane\/samsung-galaxy-s26-cu-snapdragon-8-elite-gen-5-vs-exynos-2600-diferentele-de-autonomie-devin-vizibile-in-utilizarea-reala-nu-doar-in-teste-sintetice\" target=\"_blank\" rel=\"nofollow noopener\">Exynos 2600<\/a>, CPU pe 2nm g\u0103sit sub capota lui Galaxy S26 \u0219i S26+ \u00een Europa. Pare c\u0103 odat\u0103 cu lansarea lui Galaxy S26 FE revine \u00een aten\u021bia companiei cipul de 3nm lansat \u00een urm\u0103 cu un an. \u00cen schimb, performan\u021ba sa ar putea fi mai bun\u0103, datorit\u0103 unui sistem de r\u0103cire \u00eembun\u0103t\u0103\u021bit. Mai jos avem detalii!<\/p>\n<p>Primele rezultate ap\u0103rute \u00een Geekbench arat\u0103 c\u0103 Exynos 2600 ob\u021bine 2426 puncte \u00een single-core, respectiv 8004 puncte \u00een cele multi-core. Comparativ cu Galaxy Z Flip7, performan\u021ba este semnificativ mai bun\u0103, cu aproximativ 38% \u00een testele single-core, respectiv 22% \u00een cele multi-core.\u00a0<\/p>\n<p style=\"text-align: center;\"><a href=\"https:\/\/www.mobilissimo.ro\/imgs\/uploaded\/images\/9\/download - 2026-06-22T170911_568.jpg\" target=\"_blank\" rel=\"nofollow noopener\"><img decoding=\"async\" alt=\"\" src=\"https:\/\/www.europesays.com\/ro\/wp-content\/uploads\/2026\/06\/download - 2026-06-22T170911_568.jpg\" style=\"height:600px; width:523px\"\/><\/a><\/p>\n<p>Explica\u021bia ar fi legat\u0103 de forma clasic\u0103 a viitorului Galaxy S26 FE. Spre deosebire de un telefon pliabil, acesta ofer\u0103 mai mult spa\u021biu pentru r\u0103cire \u0219i o gestionare termic\u0103 mai eficient\u0103, ceea ce permite procesorului s\u0103 func\u021bioneze la un nivel mai ridicat f\u0103r\u0103 riscul supra\u00eenc\u0103lzirii. Nu e totu\u0219i clar dac\u0103 cipsetul va rula la o frecven\u021b\u0103 crescut\u0103 sau va r\u0103m\u00e2ne la 3.3 GHz, la fel ca varianta integrat\u0103 pe Z Flip7.<\/p>\n<p>Pe l\u00e2ng\u0103 acest cipset, <a href=\"https:\/\/www.mobilissimo.ro\/stiri-telefoane\/samsung-galaxy-s26-fe-la-prima-aparitie-in-imagini-avem-sau-nu-schimbari-de-look\" target=\"_blank\" rel=\"nofollow noopener\">Galaxy S26 FE<\/a> ar urma s\u0103 aduc\u0103 un ecran\u00a0Dynamic AMOLED 2X de 6.7 inch \u00een diagonal\u0103, cu rezolu\u021bie Full HD+ \u0219i refresh rate variabil (1-120Hz).\u00a0Telefonul ar urma s\u0103 beneficieze de certificare IP68, difuzoare stereo \u0219i senzor de amprent\u0103 integrat \u00een ecran.<\/p>\n<p>Pe partea de camere ne putem a\u0219tepta la un senzor frontal de 12 MP, o camer\u0103 principal\u0103 de 50 MP \u00een spate, una ultrawide de 12 MP si un senzor telephoto de 8 MP, ce va oferi zoom optic 3X. Device-ul va filma 4K la 60 FPS cu toate camerele, iar senzorul principal ar suporta inclusiv \u00eenregistrare 8K la 30 FPS.\u00a0<\/p>\n<p>Printre celelalte specifica\u021bii vehiculate se num\u0103r\u0103 8 GB RAM, 256 GB sau 512 GB ca spa\u021biu de stocare \u0219i o baterie de 4900 mAh ce se va \u00eenc\u0103rca la 45W. Din p\u0103cate, nu e clar c\u00e2nd va debuta noul Galaxy S26 FE. Se vehiculeaz\u0103 c\u0103 va fi prezentat dup\u0103 pliabilele Galaxy Z Fold8 \u0219i Z Flip8.<\/p>\n","protected":false},"excerpt":{"rendered":"Samsung a introdus cipsetul Exynos 2500 odat\u0103 cu debutul pliabilului Galaxy Z Flip7. \u00centre timp a debutat \u0219i&hellip;\n","protected":false},"author":2,"featured_media":212309,"comment_status":"","ping_status":"","sticky":false,"template":"","format":"standard","meta":{"footnotes":"","_share_on_mastodon":"0"},"categories":[16],"tags":[15855,2665,520,8275,41,40,38,39,41494,141,124],"class_list":["post-212308","post","type-post","status-publish","format-standard","has-post-thumbnail","category-tehnologie","tag-exynos-2500","tag-geekbench","tag-lansare","tag-leak","tag-ro","tag-romana","tag-romania","tag-romanian","tag-samsung-galaxy-s26-fe","tag-technology","tag-tehnologie"],"share_on_mastodon":{"url":"https:\/\/pubeurope.com\/@ro\/116794514870789706","error":""},"_links":{"self":[{"href":"https:\/\/www.europesays.com\/ro\/wp-json\/wp\/v2\/posts\/212308","targetHints":{"allow":["GET"]}}],"collection":[{"href":"https:\/\/www.europesays.com\/ro\/wp-json\/wp\/v2\/posts"}],"about":[{"href":"https:\/\/www.europesays.com\/ro\/wp-json\/wp\/v2\/types\/post"}],"author":[{"embeddable":true,"href":"https:\/\/www.europesays.com\/ro\/wp-json\/wp\/v2\/users\/2"}],"replies":[{"embeddable":true,"href":"https:\/\/www.europesays.com\/ro\/wp-json\/wp\/v2\/comments?post=212308"}],"version-history":[{"count":0,"href":"https:\/\/www.europesays.com\/ro\/wp-json\/wp\/v2\/posts\/212308\/revisions"}],"wp:featuredmedia":[{"embeddable":true,"href":"https:\/\/www.europesays.com\/ro\/wp-json\/wp\/v2\/media\/212309"}],"wp:attachment":[{"href":"https:\/\/www.europesays.com\/ro\/wp-json\/wp\/v2\/media?parent=212308"}],"wp:term":[{"taxonomy":"category","embeddable":true,"href":"https:\/\/www.europesays.com\/ro\/wp-json\/wp\/v2\/categories?post=212308"},{"taxonomy":"post_tag","embeddable":true,"href":"https:\/\/www.europesays.com\/ro\/wp-json\/wp\/v2\/tags?post=212308"}],"curies":[{"name":"wp","href":"https:\/\/api.w.org\/{rel}","templated":true}]}}