{"id":212475,"date":"2026-06-22T19:42:09","date_gmt":"2026-06-22T19:42:09","guid":{"rendered":"https:\/\/www.europesays.com\/ro\/212475\/"},"modified":"2026-06-22T19:42:09","modified_gmt":"2026-06-22T19:42:09","slug":"e-gata-steaua-are-antrenor","status":"publish","type":"post","link":"https:\/\/www.europesays.com\/ro\/212475\/","title":{"rendered":"E gata! Steaua are antrenor"},"content":{"rendered":"\n<ul class=\"bullets\">\n<li>\n<p>Media: Fotbal European, mar\u021bi, 22:00, DGS 1<\/p>\n<\/li>\n<li>\n<p>Media: Fotbal Club, mar\u021bi, 18:00, DGS 1<\/p>\n<\/li>\n<\/ul>\n<p>Contractul antrenorului expir\u0103 pe 30 iunie \u0219i <a href=\"https:\/\/www.digisport.ro\/fotbal\/liga-2\/oprita-nervos-pe-situatia-de-la-steaua-doar-doi-jucatori-mai-au-contract-nimeni-nu-stie-nimic-4258769\" target=\"_blank\" rel=\"noopener nofollow\" data-skip-linkfix=\"1\">Daniel Opri\u021ba d\u0103dea de \u00een\u021beles<\/a>, dup\u0103 ultimul meci al sezonului, c\u0103 \u0219ansele s\u0103 continue \u00een Ghencea sunt mici, mai ales c\u0103, aproape sigur, echipa nu va avea drept de promovare nici \u00een sezonul viitor.<\/p>\n<p>Daniel Opri\u021ba r\u0103m\u00e2ne la Steaua<\/p>\n<p>\u201dNu pot s\u0103 spun dac\u0103 mai r\u0103m\u00e2n. Eu mai am contract p\u00e2n\u0103 la 30 iunie. Apoi, dac\u0103 voi primi vreo ofert\u0103 de la vreun club&#8230; vom vedea. Sunt liber de contract. Probabil, a fost ultimul meci la Steaua!<\/p>\n<p>Nu poate fi vorba de prelungire, \u00een condi\u021biile \u00een care este situa\u021bia care este\u201d, spunea Daniel Opri\u021ba, pe 16 mai, dup\u0103 e\u0219ecul cu FC Voluntari, 2-4, din ultima etap\u0103 a play-off-ului Ligii 2.<\/p>\n<p>A ap\u0103rut o r\u0103sturnare de situa\u021bie \u0219i Daniel Opri\u021ba a decis s\u0103 continue pe banca tehnic\u0103 a Stelei. Se pare c\u0103 decisiv\u0103 \u00een hot\u0103r\u00e2rea antrenorului a fost o clauz\u0103 conform c\u0103reia va fi l\u0103sat s\u0103 plece gratis \u00een cazul \u00een care prime\u0219te o ofert\u0103 tentat\u0103, care a fost introdus\u0103 \u00een contract.<\/p>\n<p>\u201dSe pare c\u0103 acea clauz\u0103 va fi acceptat\u0103 de club \u0219i lucrurile vor fi \u00een regul\u0103. Cred c\u0103 e normal s\u0103 se \u00eent\u00e2mple asta, din moment ce echipa nu are drept de promovare. Sunt de at\u00e2\u021bia ani la Steaua \u0219i a\u0219 l\u0103sa echipa cu un lot, cred eu, destul de bun, dac\u0103 ar fi s\u0103 se \u00eent\u00e2mple ceva.<\/p>\n<p>\u00cencerc s\u0103 fac o echip\u0103 ca s\u0103 nu avem griji. Ne-am mi\u0219cat destul de t\u00e2rziu, ne-au plecat mul\u021bi juc\u0103tori \u0219i trebuie s\u0103-i \u00eenlocuim. Am v\u0103zut c\u0103 s-au sup\u0103rat unii pentru c\u0103 am spus echipele care au \u0219anse s\u0103 promoveze \u0219i nu am zis de Steaua. Dar noi nu putem promova. Sigur c\u0103 putem termina pe locul unu, doi sau trei, dar nu avem drept de promovare. Eu am vorbit despre echipele care au dreptul. Nu pot s\u0103 ne includem \u00eentre ele.<\/p>\n<p>Cupa Rom\u00e2niei a fost tot timpul un obiectiv important pentru noi. Sezonul trecut am jucat cu UTA, o echip\u0103 \u00een mare form\u0103, \u0219i am pierdut cu acel gol. Eu mi-a\u0219 dori s\u0103 intr\u0103m \u00een grupe \u0219i chiar s\u0103 mergem mai departe. Depinde \u0219i ce culoar prinzi. Noi nu prea am avut \u0219ans\u0103 p\u00e2n\u0103 acum. Sper s\u0103 prindem un culoar favorabil, s\u0103 juc\u0103m meciuri cu stadionul plin, cu echipe importante, derby-uri\u201d, a spus\u00a0 Daniel Opri\u021ba, citat de <a href=\"https:\/\/as.ro\/fotbal\/liga-2\/steaua-nu-se-opreste-din-transferuri-vine-si-un-varf-oprita-ramane-si-anunta-obiectivul-sa-intram-in-grupe-656321.html\" target=\"_blank\" rel=\"noopener nofollow\" data-skip-linkfix=\"1\">As.ro<\/a>.<\/p>\n<p>  <img decoding=\"async\" data-skip-htmlfix=\"1\" src=\"https:\/\/www.europesays.com\/ro\/wp-content\/uploads\/2026\/06\/ZjFmZjU5YThhZjkxYTVkZDE4OTI2YmYwY2Ex.thumb.jpg\" alt=\"STEAUA BUCURESTI-SEPSI OSK SFANTU GHEORGHE, LIGA 2 CASA PARIURILOR (30.09.2025)\"\/>   Daniel Opri\u021ba \/ Foto: Sport Pictures  Daniel Opri\u021ba, de \u0219apte ani la Steaua<\/p>\n<p>Daniel Opri\u021ba este pe banca Stelei din vara lui 2019.<\/p>\n<p>Daniel Opri\u021ba este antrenorul cu care CSA Steaua a reu\u0219it promovarea \u00een Liga 2, iar \u00een cele cinci sezoane petrecute \u00een e\u0219alonul secund a \u00eencheiat \u00een trei r\u00e2nduri pe pozi\u021bii care s\u0103-i aduc\u0103 promovarea direct\u0103 sau accederea la barajul de accedere \u00een SuperLig\u0103.<\/p>\n<p>\u00cen 2021 &#8211; 2022, Steaua termina pe 4, pozi\u021bie de baraj, iar sezonul urm\u0103tor reu\u0219ea s\u0103 c\u00e2\u0219tige play-off-ul Ligii 2. \u00cen stagiunea 2024 &#8211; 2025, echipa lui Daniel Opri\u021ba a \u00eencheiat campionatul pe doi, pozi\u021bie de promovare direct\u0103.<\/p>\n<p>CSA Steaua a r\u0103mas, \u00eens\u0103, de fiecare dat\u0103 \u00een Liga 2, pentru c\u0103 nu are drept de promovare ca urmare a formei de organizare.<\/p>\n<p>Din cauza situa\u021biei de la club, Daniel Opri\u021ba a vrut s\u0103 plece de dou\u0103 ori \u00een ultimul an. \u00cen vara anului trecut, Sepsi, proasp\u0103t retrogradat\u0103 \u00een Liga 2, l-a ofertat pe Daniel Opri\u021ba, iar \u00een iarn\u0103 antrenorul a primit o propunere de la Hermannstadt. De fiecare dat\u0103, \u0219i-a dorit s\u0103 fac\u0103 pasul de la Steaua, al\u0103turi de secundul Fane Nofitovici, dar clubul a transmis c\u0103 c\u0103 cei doi pot pleca doar dac\u0103 li se achit\u0103 clauzele de reziliere, \u00een valoare total\u0103 de 100.000 de euro.<\/p>\n<p>Nici Sepsi, nici Hermannstadt nu au vrut s\u0103 pl\u0103teasc\u0103, astfel c\u0103 Daniel Opri\u021ba \u0219i Fane Nofitovici au continuat la Steaua p\u00e2n\u0103 acum, c\u00e2nd contractele urmeaz\u0103 s\u0103 le expire. \u00cen noul contract, clauza nu va exista, astfel c\u0103 Daniel Opri\u021ba va putea pleca \u00een cazul unei oferte tentante.<\/p>\n<p>  Etichete:  <a href=\"https:\/\/www.digisport.ro\/eticheta\/csa-steaua\" rel=\"nofollow noopener\" target=\"_blank\">csa steaua<\/a> , <a href=\"https:\/\/www.digisport.ro\/eticheta\/daniel-oprita\" rel=\"nofollow noopener\" target=\"_blank\">daniel oprita<\/a>   <\/p>\n<p>Urm\u0103re\u0219te \u0219tirile digisport.ro \u0219i pe <a href=\"https:\/\/news.google.com\/publications\/CAAiENr1L9HFNMG5hpp5zTfVtpsqFAgKIhDa9S_RxTTBuYaaec031bab?ceid=RO:ro&amp;oc=3\" target=\"_blank\" rel=\"external nofollow noopener\">Google News<\/a><\/p>\n<p>   Noua Aplica\u0163ie Digi Sport poate fi desc\u0103rcat\u0103 din   <\/p>\n","protected":false},"excerpt":{"rendered":"Media: Fotbal European, mar\u021bi, 22:00, DGS 1 Media: Fotbal Club, mar\u021bi, 18:00, DGS 1 Contractul antrenorului expir\u0103 pe&hellip;\n","protected":false},"author":2,"featured_media":212476,"comment_status":"","ping_status":"","sticky":false,"template":"","format":"standard","meta":{"footnotes":"","_share_on_mastodon":"0"},"categories":[20],"tags":[2366,7263,41,40,38,39,185,184],"class_list":["post-212475","post","type-post","status-publish","format-standard","has-post-thumbnail","category-sport","tag-csa-steaua","tag-daniel-oprita","tag-ro","tag-romana","tag-romania","tag-romanian","tag-sport","tag-sports"],"share_on_mastodon":{"url":"https:\/\/pubeurope.com\/@ro\/116795470375215757","error":""},"_links":{"self":[{"href":"https:\/\/www.europesays.com\/ro\/wp-json\/wp\/v2\/posts\/212475","targetHints":{"allow":["GET"]}}],"collection":[{"href":"https:\/\/www.europesays.com\/ro\/wp-json\/wp\/v2\/posts"}],"about":[{"href":"https:\/\/www.europesays.com\/ro\/wp-json\/wp\/v2\/types\/post"}],"author":[{"embeddable":true,"href":"https:\/\/www.europesays.com\/ro\/wp-json\/wp\/v2\/users\/2"}],"replies":[{"embeddable":true,"href":"https:\/\/www.europesays.com\/ro\/wp-json\/wp\/v2\/comments?post=212475"}],"version-history":[{"count":0,"href":"https:\/\/www.europesays.com\/ro\/wp-json\/wp\/v2\/posts\/212475\/revisions"}],"wp:featuredmedia":[{"embeddable":true,"href":"https:\/\/www.europesays.com\/ro\/wp-json\/wp\/v2\/media\/212476"}],"wp:attachment":[{"href":"https:\/\/www.europesays.com\/ro\/wp-json\/wp\/v2\/media?parent=212475"}],"wp:term":[{"taxonomy":"category","embeddable":true,"href":"https:\/\/www.europesays.com\/ro\/wp-json\/wp\/v2\/categories?post=212475"},{"taxonomy":"post_tag","embeddable":true,"href":"https:\/\/www.europesays.com\/ro\/wp-json\/wp\/v2\/tags?post=212475"}],"curies":[{"name":"wp","href":"https:\/\/api.w.org\/{rel}","templated":true}]}}