{"id":212488,"date":"2026-06-22T20:02:11","date_gmt":"2026-06-22T20:02:11","guid":{"rendered":"https:\/\/www.europesays.com\/ro\/212488\/"},"modified":"2026-06-22T20:02:11","modified_gmt":"2026-06-22T20:02:11","slug":"inteligenta-artificiala-este-la-doar-cateva-luni-distanta-de-a-putea-rasturna-guverne-avertizeaza-serviciile-de-informatii-occidentale","status":"publish","type":"post","link":"https:\/\/www.europesays.com\/ro\/212488\/","title":{"rendered":"Inteligen\u021ba Artificial\u0103 este la doar c\u00e2teva luni distan\u021b\u0103 de a putea r\u0103sturna guverne, avertizeaz\u0103 serviciile de informa\u021bii occidentale"},"content":{"rendered":"<p>Modelele de inteligen\u021b\u0103 artificial\u0103 capabile s\u0103 pr\u0103bu\u0219easc\u0103 guverne \u0219i mari companii sunt la doar \u201ec\u00e2teva luni\u201d distan\u021b\u0103 de a fi lansate pe pia\u021b\u0103, avertizeaz\u0103 serviciile de spionaj occidentale.<\/p>\n<p>\t\t\t<img decoding=\"async\" src=\"https:\/\/www.europesays.com\/ro\/wp-content\/uploads\/2026\/06\/1782158531_273_index.jpeg\" alt=\" Saltul tehnologic va reduce semnificativ barierele pentru actorii cibernetici r\u0103u inten\u021biona\u021bi\" width=\"1400\" height=\"750\" loading=\"eager\" fetchpriority=\"high\" class=\"svelte-h45upf\"\/><\/p>\n<p> Saltul tehnologic va reduce semnificativ barierele pentru actorii cibernetici r\u0103u inten\u021biona\u021bi<\/p>\n<p>publicitate&#8221;); background-position: center center; background-repeat: no-repeat;&#8221;&gt;<\/p>\n<p>\u00centr-o declara\u021bie comun\u0103 extrem de rar\u0103, agen\u021biile de informa\u021bii din alian\u021ba \u201eFive Eyes\u201d (Marea Britanie, SUA, Canada, Australia \u0219i Noua Zeeland\u0103) le cer liderilor mondiali s\u0103 ac\u021bioneze de urgen\u021b\u0103. Semnalul de alarm\u0103 vine la scurt timp dup\u0103 ce administra\u021bia Donald Trump a decis, la \u00eenceputul acestei luni, s\u0103 interzic\u0103 accesul cet\u0103\u021benilor str\u0103ini la modelul AI \u201eFable\u201d, dezvoltat de compania Anthropic.<\/p>\n<p>Conform documentului publicat luni sear\u0103, inteligen\u021ba artificial\u0103 \u201eaccelereaz\u0103 viteza, amploarea \u0219i sofisticarea amenin\u021b\u0103rilor cibernetice\u201d. Oficialii din serviciile secrete subliniaz\u0103 c\u0103 noile tehnologii vor dep\u0103\u0219i cu mult a\u0219tept\u0103rile actuale ale industriei, transform\u00e2nd radical at\u00e2t capacit\u0103\u021bile ofensive, c\u00e2t \u0219i cele defensive, scrie metro.co.uk.<\/p>\n<p>\u201eOrizontul de timp nu mai este de ordinul anilor, ci al lunilor. \u00cen acest nou context, rezilien\u021ba cibernetic\u0103 devine esen\u021bial\u0103 pentru continuitatea afacerilor, \u00eencrederea \u00een pia\u021b\u0103 \u0219i stabilitatea pe termen lung\u201d, se arat\u0103 \u00een comunicat.<\/p>\n<p>Exper\u021bii \u00een securitate avertizeaz\u0103 c\u0103 saltul tehnologic uria\u0219 va reduce semnificativ barierele pentru actorii cibernetici r\u0103u inten\u021biona\u021bi, cresc\u00e2nd complexitatea atacurilor. Din acest motiv, problema nu mai poate fi privit\u0103 doar ca una pur tehnic\u0103, ci ca un risc major de securitate na\u021bional\u0103 \u0219i o responsabilitate direct\u0103 a liderilor politici \u0219i economici.<\/p>\n<p>De\u0219i comunitatea de informa\u021bii nu a numit explicit anumite produse, aten\u021bia general\u0103 se \u00eendreapt\u0103 c\u0103tre versiunile avansate ale companiei Anthropic. Cea mai nou\u0103 crea\u021bie a sa, Fable 5, este capabil\u0103 s\u0103 detecteze vulnerabilit\u0103\u021bi critice \u00een sistemele informatice, motiv pentru care accesul a fost deja restric\u021bionat \u00een iunie de c\u0103tre guvernul SUA pentru cet\u0103\u021benii str\u0103ini, din considerente de siguran\u021b\u0103 na\u021bional\u0103.<\/p>\n<p>Cu toate acestea, speciali\u0219tii avertizeaz\u0103 c\u0103 restric\u021biile americane sunt doar o parte din problem\u0103. Olivia Shen, expert \u00een securitate na\u021bional\u0103 la Universitatea din Sydney, a explicat pentru The Guardian c\u0103 alte modele extrem de puternice sunt deja dezvoltate \u00een secret de state rivale, precum China, sau de diverse organiza\u021bii private, iar apari\u021bia lor pe scen\u0103 este iminent\u0103.<\/p>\n<p>publicitate&#8221;); background-position: center center; background-repeat: no-repeat;&#8221;&gt;<\/p>\n","protected":false},"excerpt":{"rendered":"Modelele de inteligen\u021b\u0103 artificial\u0103 capabile s\u0103 pr\u0103bu\u0219easc\u0103 guverne \u0219i mari companii sunt la doar \u201ec\u00e2teva luni\u201d distan\u021b\u0103 de&hellip;\n","protected":false},"author":2,"featured_media":212489,"comment_status":"","ping_status":"","sticky":false,"template":"","format":"standard","meta":{"footnotes":"","_share_on_mastodon":"0"},"categories":[5],"tags":[1418,32,33,31,36,37,27,179,34,35,25,41,40,38,39,571,26,28,29,30],"class_list":["post-212488","post","type-post","status-publish","format-standard","has-post-thumbnail","category-titluri","tag-avertisment","tag-breaking-news","tag-breakingnews","tag-cele-mai-populare-subiecte","tag-featured-news","tag-featurednews","tag-headlines","tag-inteligenta-artificiala","tag-latest-news","tag-latestnews","tag-news","tag-ro","tag-romana","tag-romania","tag-romanian","tag-servicii-secrete","tag-stiri","tag-titluri","tag-top-stories","tag-topstories"],"share_on_mastodon":{"url":"https:\/\/pubeurope.com\/@ro\/116795549087536619","error":""},"_links":{"self":[{"href":"https:\/\/www.europesays.com\/ro\/wp-json\/wp\/v2\/posts\/212488","targetHints":{"allow":["GET"]}}],"collection":[{"href":"https:\/\/www.europesays.com\/ro\/wp-json\/wp\/v2\/posts"}],"about":[{"href":"https:\/\/www.europesays.com\/ro\/wp-json\/wp\/v2\/types\/post"}],"author":[{"embeddable":true,"href":"https:\/\/www.europesays.com\/ro\/wp-json\/wp\/v2\/users\/2"}],"replies":[{"embeddable":true,"href":"https:\/\/www.europesays.com\/ro\/wp-json\/wp\/v2\/comments?post=212488"}],"version-history":[{"count":0,"href":"https:\/\/www.europesays.com\/ro\/wp-json\/wp\/v2\/posts\/212488\/revisions"}],"wp:featuredmedia":[{"embeddable":true,"href":"https:\/\/www.europesays.com\/ro\/wp-json\/wp\/v2\/media\/212489"}],"wp:attachment":[{"href":"https:\/\/www.europesays.com\/ro\/wp-json\/wp\/v2\/media?parent=212488"}],"wp:term":[{"taxonomy":"category","embeddable":true,"href":"https:\/\/www.europesays.com\/ro\/wp-json\/wp\/v2\/categories?post=212488"},{"taxonomy":"post_tag","embeddable":true,"href":"https:\/\/www.europesays.com\/ro\/wp-json\/wp\/v2\/tags?post=212488"}],"curies":[{"name":"wp","href":"https:\/\/api.w.org\/{rel}","templated":true}]}}