{"id":212787,"date":"2026-06-23T06:54:10","date_gmt":"2026-06-23T06:54:10","guid":{"rendered":"https:\/\/www.europesays.com\/ro\/212787\/"},"modified":"2026-06-23T06:54:10","modified_gmt":"2026-06-23T06:54:10","slug":"ce-nu-trebuie-sa-spui-niciodata-cand-esti-oprit-de-politie-in-trafic-intrebarea-aparent-banala-a-politistului-care-poate-influenta-dosarul","status":"publish","type":"post","link":"https:\/\/www.europesays.com\/ro\/212787\/","title":{"rendered":"Ce nu trebuie s\u0103 spui niciodat\u0103 c\u00e2nd e\u0219ti oprit de poli\u021bie \u00een trafic. \u00centrebarea aparent banal\u0103 a poli\u021bistului care poate influen\u021ba dosarul"},"content":{"rendered":"<p>Marti, 23 Iunie 2026, ora 09:03<\/p>\n<p>2366 citiri<\/p>\n<p>Pu\u021bini \u0219oferi r\u0103m\u00e2n complet relaxa\u021bi atunci c\u00e2nd sunt opri\u021bi de poli\u021bie \u00een trafic. \u00cen astfel de momente, agen\u021bii le adreseaz\u0103 adesea o \u00eentrebare care, de\u0219i pare banal\u0103, \u00eei poate pune \u00een dificultate: \u201e\u0218ti\u021bi de ce a\u021bi fost oprit?\u201d.<\/p>\n<p>\u00cen jurul acestei \u00eentreb\u0103ri s-au creat numeroase mituri, iar mul\u021bi conduc\u0103tori auto se tem c\u0103 un r\u0103spuns nepotrivit le-ar putea aduce probleme suplimentare. Potrivit avocatului Vladimir Miljevi\u0107, situa\u021bia este \u00eens\u0103 mai nuan\u021bat\u0103, iar legisla\u021bia stabile\u0219te clar care sunt drepturile \u0219i obliga\u021biile \u0219oferilor, scrie <a href=\"https:\/\/www.blic.rs\/vesti\/drustvo\/na-ovo-pitanje-niposto-ne-odgovarajte-saobracajnom-policajcu-ako-vas-zaustavi\/24753l1\" target=\"_blank\" rel=\"nofollow noopener\">Blic<\/a>.<\/p>\n<p>Ce trebuie s\u0103 fac\u0103 \u0219oferul atunci c\u00e2nd este oprit de poli\u021bie<\/p>\n<p>\u00centr-o declara\u021bie acordat\u0103 publica\u021biei citate, avocatul a explicat c\u0103 un conduc\u0103tor auto nu este obligat s\u0103 r\u0103spund\u0103 \u00eentreb\u0103rilor adresate de poli\u021bist, ci doar s\u0103 prezinte documentele solicitate.<\/p>\n<p>\u201e\u0218oferul nu are obliga\u021bia de a r\u0103spunde la \u00eentreb\u0103rile unui poli\u021bist. Ar trebui s\u0103 prezinte documentele \u0219i s\u0103 nu intre \u00een discu\u021bii. Tema despre ce ar trebui s\u0103 spun\u0103 un \u0219ofer atunci c\u00e2nd este oprit de un poli\u021bist vine din Occident, \u00een special din Statele Unite ale Americii\u201d, spune Vladimir Miljevi\u0107.<\/p>\n<p>Avocatul precizeaz\u0103 c\u0103, \u00een practic\u0103, declara\u021biile verbale f\u0103cute de \u0219oferi \u00een timpul unui control rutier sunt rareori luate \u00een considerare de instan\u021be.<\/p>\n<p>\u201eMajoritatea judec\u0103torilor vor respinge astfel de declara\u021bii, deoarece nu sunt consemnate \u00eentr-un proces-verbal. Exist\u0103 situa\u021bii extreme, dar acestea sunt rare \u0219i nu pot fi luate \u00een serios\u201d, explic\u0103 acesta.<\/p>\n<p>Rolul procesului-verbal \u0219i drepturile conduc\u0103torului auto<\/p>\n<p>Potrivit lui Vladimir Miljevi\u0107, orice audiere sau declara\u021bie care ar putea avea valoare juridic\u0103 trebuie consemnat\u0103 \u00eentr-un proces-verbal.<\/p>\n<p>\u201eOrice act de audiere trebuie efectuat prin \u00eentocmirea unui proces-verbal. F\u0103r\u0103 un proces-verbal care s\u0103 confirme c\u0103 \u0219oferul a fost informat despre drepturile sale, orice alt\u0103 discu\u021bie este lipsit\u0103 de sens. O declara\u021bie verbal\u0103 nu poate constitui o prob\u0103\u201d, afirm\u0103 avocatul.<\/p>\n<p>Acesta spune c\u0103, \u00eenainte de orice alt\u0103 discu\u021bie, poli\u021bistul trebuie s\u0103 \u00eei comunice \u0219oferului motivul pentru care a fost oprit \u0219i s\u0103 \u00eei solicite documentele.<\/p>\n<p>\u201e\u0218oferul ar trebui s\u0103 \u00eentrebe de ce a fost oprit, nu s\u0103 r\u0103spund\u0103 la \u00eentreb\u0103ri. \u0218oferul are dreptul s\u0103 introduc\u0103 obiec\u021bii \u00een procesul-verbal. Totu\u0219i, \u0219oferul nu are niciodat\u0103 obliga\u021bia de a semna procesul-verbal. Semnarea poate implica recunoa\u0219terea contraven\u021biei\u201d, subliniaz\u0103 Miljevi\u0107.<\/p>\n<p>\u00cen final, avocatul le recomand\u0103 conduc\u0103torilor auto s\u0103 \u00ee\u0219i p\u0103streze calmul \u0219i s\u0103 evite discu\u021biile contradictorii cu agen\u021bii de poli\u021bie.<\/p>\n<p>\u201eCel mai bun sfat este ca \u0219oferul s\u0103 fie politicos \u0219i calm, dar s\u0103 nu r\u0103spund\u0103 la \u00eentreb\u0103ri. Ar trebui s\u0103 prezinte documentele \u0219i s\u0103 nu intre \u00een discu\u021bii\u201d, spune Vladimir Miljevi\u0107.<\/p>\n<p>\u021ai-a pl\u0103cut articolul?<\/p>\n<p> Vrem s\u0103 producem mai multe, \u00eens\u0103 avem nevoie de sus\u021binerea ta. Orice dona\u021bie conteaz\u0103 pentru jurnalismul independent <\/p>\n","protected":false},"excerpt":{"rendered":"Marti, 23 Iunie 2026, ora 09:03 2366 citiri Pu\u021bini \u0219oferi r\u0103m\u00e2n complet relaxa\u021bi atunci c\u00e2nd sunt opri\u021bi de&hellip;\n","protected":false},"author":2,"featured_media":212788,"comment_status":"","ping_status":"","sticky":false,"template":"","format":"standard","meta":{"footnotes":"","_share_on_mastodon":"0"},"categories":[12],"tags":[1586,32,33,31,36,37,27,74,34801,34,35,25,59701,14604,41,40,38,39,26,28,29,30,71,72,73],"class_list":["post-212787","post","type-post","status-publish","format-standard","has-post-thumbnail","category-international","tag-avocat","tag-breaking-news","tag-breakingnews","tag-cele-mai-populare-subiecte","tag-featured-news","tag-featurednews","tag-headlines","tag-international","tag-intrebare","tag-latest-news","tag-latestnews","tag-news","tag-oprire-trafic","tag-politist","tag-ro","tag-romana","tag-romania","tag-romanian","tag-stiri","tag-titluri","tag-top-stories","tag-topstories","tag-world","tag-world-news","tag-worldnews"],"share_on_mastodon":{"url":"https:\/\/pubeurope.com\/@ro\/116798112597936613","error":""},"_links":{"self":[{"href":"https:\/\/www.europesays.com\/ro\/wp-json\/wp\/v2\/posts\/212787","targetHints":{"allow":["GET"]}}],"collection":[{"href":"https:\/\/www.europesays.com\/ro\/wp-json\/wp\/v2\/posts"}],"about":[{"href":"https:\/\/www.europesays.com\/ro\/wp-json\/wp\/v2\/types\/post"}],"author":[{"embeddable":true,"href":"https:\/\/www.europesays.com\/ro\/wp-json\/wp\/v2\/users\/2"}],"replies":[{"embeddable":true,"href":"https:\/\/www.europesays.com\/ro\/wp-json\/wp\/v2\/comments?post=212787"}],"version-history":[{"count":0,"href":"https:\/\/www.europesays.com\/ro\/wp-json\/wp\/v2\/posts\/212787\/revisions"}],"wp:featuredmedia":[{"embeddable":true,"href":"https:\/\/www.europesays.com\/ro\/wp-json\/wp\/v2\/media\/212788"}],"wp:attachment":[{"href":"https:\/\/www.europesays.com\/ro\/wp-json\/wp\/v2\/media?parent=212787"}],"wp:term":[{"taxonomy":"category","embeddable":true,"href":"https:\/\/www.europesays.com\/ro\/wp-json\/wp\/v2\/categories?post=212787"},{"taxonomy":"post_tag","embeddable":true,"href":"https:\/\/www.europesays.com\/ro\/wp-json\/wp\/v2\/tags?post=212787"}],"curies":[{"name":"wp","href":"https:\/\/api.w.org\/{rel}","templated":true}]}}