{"id":212912,"date":"2026-06-23T09:25:10","date_gmt":"2026-06-23T09:25:10","guid":{"rendered":"https:\/\/www.europesays.com\/ro\/212912\/"},"modified":"2026-06-23T09:25:10","modified_gmt":"2026-06-23T09:25:10","slug":"cabral-a-vorbit-despre-viata-dupa-divortul-de-andreea-ibacka-stau-cu-copiii-si-merg-sa-pun-muzica-la-cateva-festivaluri","status":"publish","type":"post","link":"https:\/\/www.europesays.com\/ro\/212912\/","title":{"rendered":"Cabral a vorbit despre via\u021ba dup\u0103 divor\u021bul de Andreea Ibacka. \u201eStau cu copiii \u0219i merg s\u0103 pun muzic\u0103 la c\u00e2teva festivaluri\u201d"},"content":{"rendered":"<p class=\"isSelectedEnd\">Cabral Ibacka traverseaz\u0103 o perioad\u0103 cu multe schimb\u0103ri, dup\u0103 divor\u021bul de Andreea Ibacka, \u00eens\u0103 prezentatorul spune c\u0103 \u00ee\u0219i concentreaz\u0103 aten\u021bia pe copii, pe proiectele de televiziune \u0219i pe muzic\u0103.\u00a0<\/p>\n<p class=\"isSelectedEnd\">\u00centr-un interviu acordat revistei <a href=\"https:\/\/www.tvmania.ro\/cabral-si-viata-de-barbat-divortat-stau-cu-copiii-si-merg-sa-pun-muzica-la-festivaluri-627205\" data-skip-linkfix=\"1\" target=\"_blank\" rel=\"nofollow noopener\">TVMania<\/a>, Cabral a vorbit despre \u00eentoarcerea pe platou \u0219i despre atmosfera pe care a reg\u0103sit-o la film\u0103ri. Prezentatorul a m\u0103rturisit c\u0103 i-a lipsit interac\u021biunea cu oamenii \u0219i energia concuren\u021bilor.<\/p>\n<p class=\"isSelectedEnd\">\u201eMi-a lipsit interac\u021biunea cu oamenii. Mi-a lipsit curiozitatea aia pe care o aveam atunci c\u00e2nd cuno\u0219team familiile, ori cea de c\u00e2nd vedeam \u00eentreb\u0103rile pe care urma s\u0103 le pun familiilor. E un sentiment foarte familiar \u0219i, cumva, nu-\u021bi dai seama c\u0103-\u021bi lipse\u0219te dec\u00e2t atunci c\u00e2nd ajungi din nou acolo\u2026\u201d, a declarat Cabral.<\/p>\n<p><a href=\"https:\/\/www.utv.ro\/stiri\/vedete\/cabral-a-transmis-un-mesaj-emotionant-dupa-divortul-de-andreea-ibacka-am-zile-in-care-ma-tin-din-inertie-62521\" data-skip-linkfix=\"1\" rel=\"nofollow noopener\" target=\"_blank\">Cite\u0219te \u0219i &#8222;Cabral a transmis un mesaj emo\u021bionant dup\u0103 divor\u021bul de Andreea Ibacka: \u201eAm zile \u00een care m\u0103 \u021bin din iner\u021bie\u201d<\/a><\/p>\n<p><img decoding=\"async\" src=\"https:\/\/www.europesays.com\/ro\/wp-content\/uploads\/2026\/06\/NTczNzU3NjE4NzZkMGE0ODU3OTA0YmQwOGE1Nw==.thumb.jpg\" alt=\"cabral3\" data-skip-htmlfix=\"1\" style=\"\"\/>   Cabral \/\/ Surs\u0103 foto: Instagram Cabral \u00ee\u0219i \u00eemparte vara \u00eentre copii \u0219i muzic\u0103<\/p>\n<p class=\"isSelectedEnd\">\u00centrebat ce au mo\u0219tenit copiii de la el, prezentatorul a spus c\u0103 se bucur\u0103 s\u0103 vad\u0103 la ei veselia \u0219i felul deschis \u00een care comunic\u0103. Cabral are doi copii cu Andreea Ibacka, pe Namiko \u0219i Tiago, \u0219i o fiic\u0103, Inoke, dintr-o rela\u021bie anterioar\u0103.<\/p>\n<p class=\"isSelectedEnd\">\u201eVeselia \u0219i bucuria cu care se lipesc de oameni. Comunic\u0103 la fel de bine \u0219i de u\u0219or ca \u0219i mine\u2026 ceea ce m\u0103 bucur\u0103 tare\u201d, a spus Cabral.<\/p>\n<p class=\"isSelectedEnd\">\u00cen ceea ce prive\u0219te planurile pentru aceast\u0103 var\u0103, prezentatorul a dat un r\u0103spuns simplu. Cabral vrea s\u0103 stea cu cei mici \u0219i s\u0103 revin\u0103 la una dintre pasiunile sale, muzica.<\/p>\n<p class=\"isSelectedEnd\">\u201eDincolo de TV\u2026 stau cu copiii \u0219i merg s\u0103 pun muzic\u0103 la c\u00e2teva festivaluri. Altceva\u2026 nimic!\u201d, a declarat Cabral.<\/p>\n<p class=\"isSelectedEnd\">Cabral \u0219i Andreea Ibacka au anun\u021bat luna trecut\u0103 c\u0103 au decis s\u0103 mearg\u0103 pe drumuri separate, dup\u0103 peste 18 ani de via\u021b\u0103 \u00eempreun\u0103. Cei doi au transmis atunci acela\u0219i mesaj pe re\u021belele sociale \u0219i au precizat c\u0103 prioritatea lor r\u0103m\u00e2n copiii.<\/p>\n<p>\u201eDup\u0103 peste 18 ani de via\u021b\u0103 \u00eempreun\u0103, cu recuno\u0219tin\u021b\u0103 pentru tot ce am construit \u00eempreun\u0103, dar \u0219i cu triste\u021be, am decis s\u0103 mergem pe drumuri separate. Este un moment greu pentru am\u00e2ndoi. Dar privim \u00eenapoi cu respect pentru anii \u00een care ne-am oferit totul, am crescut \u00eempreun\u0103 \u0219i am \u00eenv\u0103\u021bat unul de la cel\u0103lalt. (&#8230;) Cea mai mare responsabilitate \u0219i prioritate a noastr\u0103 r\u0103m\u00e2n copiii no\u0219tri\u201d, au transmis cei doi.<\/p>\n<p>Pute\u0163i urm\u0103ri \u0218tirile UTV \u015fi pe<br \/>\n                            <a href=\"https:\/\/news.google.com\/publications\/CAAqBwgKMPzSpgww4uDsAg?ceid=RO:ro&amp;oc=3\" target=\"_blank\" rel=\"nofollow noopener\">Google News<\/a>!\n                        <\/p>\n","protected":false},"excerpt":{"rendered":"Cabral Ibacka traverseaz\u0103 o perioad\u0103 cu multe schimb\u0103ri, dup\u0103 divor\u021bul de Andreea Ibacka, \u00eens\u0103 prezentatorul spune c\u0103 \u00ee\u0219i&hellip;\n","protected":false},"author":2,"featured_media":212913,"comment_status":"","ping_status":"","sticky":false,"template":"","format":"standard","meta":{"footnotes":"","_share_on_mastodon":"0"},"categories":[18],"tags":[50538,50539,16046,4842,171,170,41,40,38,39],"class_list":["post-212912","post","type-post","status-publish","format-standard","has-post-thumbnail","category-divertisment","tag-andreea-ibacka","tag-cabral-ibacka","tag-cuplu","tag-despartire","tag-divertisment","tag-entertainment","tag-ro","tag-romana","tag-romania","tag-romanian"],"share_on_mastodon":{"url":"https:\/\/pubeurope.com\/@ro\/116798707033375815","error":""},"_links":{"self":[{"href":"https:\/\/www.europesays.com\/ro\/wp-json\/wp\/v2\/posts\/212912","targetHints":{"allow":["GET"]}}],"collection":[{"href":"https:\/\/www.europesays.com\/ro\/wp-json\/wp\/v2\/posts"}],"about":[{"href":"https:\/\/www.europesays.com\/ro\/wp-json\/wp\/v2\/types\/post"}],"author":[{"embeddable":true,"href":"https:\/\/www.europesays.com\/ro\/wp-json\/wp\/v2\/users\/2"}],"replies":[{"embeddable":true,"href":"https:\/\/www.europesays.com\/ro\/wp-json\/wp\/v2\/comments?post=212912"}],"version-history":[{"count":0,"href":"https:\/\/www.europesays.com\/ro\/wp-json\/wp\/v2\/posts\/212912\/revisions"}],"wp:featuredmedia":[{"embeddable":true,"href":"https:\/\/www.europesays.com\/ro\/wp-json\/wp\/v2\/media\/212913"}],"wp:attachment":[{"href":"https:\/\/www.europesays.com\/ro\/wp-json\/wp\/v2\/media?parent=212912"}],"wp:term":[{"taxonomy":"category","embeddable":true,"href":"https:\/\/www.europesays.com\/ro\/wp-json\/wp\/v2\/categories?post=212912"},{"taxonomy":"post_tag","embeddable":true,"href":"https:\/\/www.europesays.com\/ro\/wp-json\/wp\/v2\/tags?post=212912"}],"curies":[{"name":"wp","href":"https:\/\/api.w.org\/{rel}","templated":true}]}}