{"id":213143,"date":"2026-06-23T13:22:08","date_gmt":"2026-06-23T13:22:08","guid":{"rendered":"https:\/\/www.europesays.com\/ro\/213143\/"},"modified":"2026-06-23T13:22:08","modified_gmt":"2026-06-23T13:22:08","slug":"cine-e-antrenorul-care-i-a-luat-locul-lui-razvan-lucescu-la-paok","status":"publish","type":"post","link":"https:\/\/www.europesays.com\/ro\/213143\/","title":{"rendered":"Cine e antrenorul care i-a luat locul lui R\u0103zvan Lucescu la PAOK"},"content":{"rendered":"<p>Marti, 23 Iunie 2026, ora 13:00<\/p>\n<p>1311 citiri<\/p>\n<p><a class=\"news__image\" data-href=\"https:\/\/s2.ziareromania.ro\/?mmid=d7b6356b1b4e04c99e\" data-size=\"459x330\" title=\"Cine e antrenorul care i-a luat locul lui R\u0103zvan Lucescu la PAOK\"><img decoding=\"async\" src=\"https:\/\/www.europesays.com\/ro\/wp-content\/uploads\/2026\/06\/Cine-e-antrenorul-care-i-a-luat-locul-lui-R--zvan-Lucescu-la-PAOK.jpg\" alt=\"Cine e antrenorul care i-a luat locul lui R\u0103zvan Lucescu la PAOK\" title=\"Cine e antrenorul care i-a luat locul lui R\u0103zvan Lucescu la PAOK\" class=\"img-responsive\"\/><\/a><\/p>\n<p>Alessio Lisci FOTO Captura X<\/p>\n<p>Italianul Alessio Lisci a fost numit \u00een postul de antrenor al echipei de fotbal PAOK Salonic, \u00een locul rom\u00e2nului R\u0103zvan Lucescu, a anun\u021bat clubul grec pe site-ul s\u0103u oficial.<\/p>\n<p>\u201dUn nou capitol \u00eencepe. Alessio Lisci este aici\u201d, a postat PAOK pe pagina sa de <a href=\"https:\/\/ziare.com\/facebook\/\" title=\"Facebook\" rel=\"nofollow noopener\" target=\"_blank\">Facebook<\/a>, \u00eentr-un videoclip de prezentare a noului s\u0103u antrenor.<\/p>\n<p>\u00cen v\u00e2rst\u0103 de 40 de ani, Alessio Lisci a preg\u0103tit \u00een sezonul trecut echipa spaniol\u0103 Osasuna Pamplona, de care s-a desp\u0103r\u021bit dup\u0103 ce a reu\u0219it s\u0103 o salveze \u00een extremis de la retrogradarea \u00een liga secund\u0103.<\/p>\n<p>R\u0103zvan Lucescu a preg\u0103tit-o pe PAOK \u00een ultimii cinci ani, \u00eencep\u00e2nd din mai 2021, dup\u0103 ce a mai avut un mandat la echipa elen\u0103, \u00een perioada 2017-2019.<\/p>\n<p>\u00cen acest ultim mandat, tehnicianul rom\u00e2n a reu\u0219it s\u0103 c\u00e2\u0219tige un titlu \u00een 2024, juc\u00e2nd \u0219i trei finale ale Cupei Greciei (2022, 2023, 2026).<\/p>\n<p>\u021ai-a pl\u0103cut articolul?<\/p>\n<p> Vrem s\u0103 producem mai multe, \u00eens\u0103 avem nevoie de sus\u021binerea ta. Orice dona\u021bie conteaz\u0103 pentru jurnalismul independent <\/p>\n","protected":false},"excerpt":{"rendered":"Marti, 23 Iunie 2026, ora 13:00 1311 citiri Alessio Lisci FOTO Captura X Italianul Alessio Lisci a fost&hellip;\n","protected":false},"author":2,"featured_media":213144,"comment_status":"","ping_status":"","sticky":false,"template":"","format":"standard","meta":{"footnotes":"","_share_on_mastodon":"0"},"categories":[20],"tags":[59514,351,2385,2466,41,40,38,39,185,184],"class_list":["post-213143","post","type-post","status-publish","format-standard","has-post-thumbnail","category-sport","tag-alessio-lisci","tag-antrenor","tag-paok","tag-razvan-lucescu","tag-ro","tag-romana","tag-romania","tag-romanian","tag-sport","tag-sports"],"share_on_mastodon":{"url":"https:\/\/pubeurope.com\/@ro\/116799638439575867","error":""},"_links":{"self":[{"href":"https:\/\/www.europesays.com\/ro\/wp-json\/wp\/v2\/posts\/213143","targetHints":{"allow":["GET"]}}],"collection":[{"href":"https:\/\/www.europesays.com\/ro\/wp-json\/wp\/v2\/posts"}],"about":[{"href":"https:\/\/www.europesays.com\/ro\/wp-json\/wp\/v2\/types\/post"}],"author":[{"embeddable":true,"href":"https:\/\/www.europesays.com\/ro\/wp-json\/wp\/v2\/users\/2"}],"replies":[{"embeddable":true,"href":"https:\/\/www.europesays.com\/ro\/wp-json\/wp\/v2\/comments?post=213143"}],"version-history":[{"count":0,"href":"https:\/\/www.europesays.com\/ro\/wp-json\/wp\/v2\/posts\/213143\/revisions"}],"wp:featuredmedia":[{"embeddable":true,"href":"https:\/\/www.europesays.com\/ro\/wp-json\/wp\/v2\/media\/213144"}],"wp:attachment":[{"href":"https:\/\/www.europesays.com\/ro\/wp-json\/wp\/v2\/media?parent=213143"}],"wp:term":[{"taxonomy":"category","embeddable":true,"href":"https:\/\/www.europesays.com\/ro\/wp-json\/wp\/v2\/categories?post=213143"},{"taxonomy":"post_tag","embeddable":true,"href":"https:\/\/www.europesays.com\/ro\/wp-json\/wp\/v2\/tags?post=213143"}],"curies":[{"name":"wp","href":"https:\/\/api.w.org\/{rel}","templated":true}]}}