{"id":213746,"date":"2026-06-24T07:44:13","date_gmt":"2026-06-24T07:44:13","guid":{"rendered":"https:\/\/www.europesays.com\/ro\/213746\/"},"modified":"2026-06-24T07:44:13","modified_gmt":"2026-06-24T07:44:13","slug":"inlocuitorul-lui-razvan-lucescu-anuntat-de-paok-salonic","status":"publish","type":"post","link":"https:\/\/www.europesays.com\/ro\/213746\/","title":{"rendered":"\u00cenlocuitorul lui R\u0103zvan Lucescu, anun\u021bat de PAOK Salonic"},"content":{"rendered":"<p id=\"p-0\">Oficialii echipei PAOK Salonic l-au numit pe Alessio Lisci \u00een func\u021bia de antrenor principal al echipei din prima lig\u0103 de fotbal a Greciei. Tehnicianul italian <a href=\"https:\/\/www.g4media.ro\/paok-salonic-anunta-oficial-incetarea-colaborarii-cu-razvan-lucescu.html\" rel=\"nofollow noopener\" target=\"_blank\">l-a \u00eenlocuit pe R\u0103zvan Lucescu<\/a>.<\/p>\n<p id=\"p-1\">\u201eUn nou capitol \u00eencepe. Alessio Lisci este aici\u201d, a spus PAOK pe re\u021belele sociale dup\u0103 ce l-a prezentat pe noul s\u0103u antrenor.<\/p>\n<p id=\"p-2\">\u00cen v\u00e2rst\u0103 de 40 de ani, Lisci a antrenat-o sezonul recent \u00eencheiat pe Osasuna Pamplona. A salvat echipa de la retrogradare \u00eenainte de a desp\u0103r\u021bi de forma\u021bia din LaLiga.<\/p>\n<p>&#8211; articolul continu\u0103 mai jos &#8211;<\/p>\n<p id=\"p-3\">\u00centre 2017-2019 \u0219i 2021-2026, PAOK Salonic a fost antrenat\u0103 de R\u0103zvan Lucescu.<\/p>\n<p id=\"p-4\">\u00cen 2024, antrenorul rom\u00e2n a reu\u0219it s\u0103 c\u00e2\u0219tige campionatul \u00een Grecia \u0219i a mai disputat \u0219i trei finale ale Cupei Greciei: 2022, 2023 \u0219i 2026.<\/p>\n<blockquote class=\"twitter-tweet\">\n<p dir=\"ltr\" lang=\"en\" id=\"p-5\">A new chapter begins\u2026<\/p>\n<p id=\"p-6\">Alessio <a href=\"https:\/\/x.com\/hashtag\/Lisci?src=hash&amp;ref_src=twsrc%5Etfw\" rel=\"nofollow\">#Lisci<\/a> is here! <a href=\"https:\/\/x.com\/hashtag\/PAOK?src=hash&amp;ref_src=twsrc%5Etfw\" rel=\"nofollow\">#PAOK<\/a> <a href=\"https:\/\/x.com\/hashtag\/NewEra?src=hash&amp;ref_src=twsrc%5Etfw\" rel=\"nofollow\">#NewEra<\/a> <a href=\"https:\/\/t.co\/y37l1bK9ut\" rel=\"nofollow\">pic.twitter.com\/y37l1bK9ut<\/a><\/p>\n<p id=\"p-7\">\u2014 PAOK FC (@PAOK_FC) <a href=\"https:\/\/x.com\/PAOK_FC\/status\/2069072681828237424?ref_src=twsrc%5Etfw\" rel=\"nofollow\">June 22, 2026<\/a><\/p>\n<\/blockquote>\n<p>                                            <script async src=\"https:\/\/platform.twitter.com\/widgets.js\" charset=\"utf-8\"><\/script><\/p>\n","protected":false},"excerpt":{"rendered":"Oficialii echipei PAOK Salonic l-au numit pe Alessio Lisci \u00een func\u021bia de antrenor principal al echipei din prima&hellip;\n","protected":false},"author":2,"featured_media":209585,"comment_status":"","ping_status":"","sticky":false,"template":"","format":"standard","meta":{"footnotes":"","_share_on_mastodon":"0"},"categories":[20],"tags":[449,4121,2466,41,40,38,39,185,184],"class_list":["post-213746","post","type-post","status-publish","format-standard","has-post-thumbnail","category-sport","tag-grecia","tag-paok-salonic","tag-razvan-lucescu","tag-ro","tag-romana","tag-romania","tag-romanian","tag-sport","tag-sports"],"share_on_mastodon":{"url":"https:\/\/pubeurope.com\/@ro\/116803971577452256","error":""},"_links":{"self":[{"href":"https:\/\/www.europesays.com\/ro\/wp-json\/wp\/v2\/posts\/213746","targetHints":{"allow":["GET"]}}],"collection":[{"href":"https:\/\/www.europesays.com\/ro\/wp-json\/wp\/v2\/posts"}],"about":[{"href":"https:\/\/www.europesays.com\/ro\/wp-json\/wp\/v2\/types\/post"}],"author":[{"embeddable":true,"href":"https:\/\/www.europesays.com\/ro\/wp-json\/wp\/v2\/users\/2"}],"replies":[{"embeddable":true,"href":"https:\/\/www.europesays.com\/ro\/wp-json\/wp\/v2\/comments?post=213746"}],"version-history":[{"count":0,"href":"https:\/\/www.europesays.com\/ro\/wp-json\/wp\/v2\/posts\/213746\/revisions"}],"wp:featuredmedia":[{"embeddable":true,"href":"https:\/\/www.europesays.com\/ro\/wp-json\/wp\/v2\/media\/209585"}],"wp:attachment":[{"href":"https:\/\/www.europesays.com\/ro\/wp-json\/wp\/v2\/media?parent=213746"}],"wp:term":[{"taxonomy":"category","embeddable":true,"href":"https:\/\/www.europesays.com\/ro\/wp-json\/wp\/v2\/categories?post=213746"},{"taxonomy":"post_tag","embeddable":true,"href":"https:\/\/www.europesays.com\/ro\/wp-json\/wp\/v2\/tags?post=213746"}],"curies":[{"name":"wp","href":"https:\/\/api.w.org\/{rel}","templated":true}]}}