{"id":213755,"date":"2026-06-24T07:51:11","date_gmt":"2026-06-24T07:51:11","guid":{"rendered":"https:\/\/www.europesays.com\/ro\/213755\/"},"modified":"2026-06-24T07:51:11","modified_gmt":"2026-06-24T07:51:11","slug":"regretul-lui-razvan-lucescu-antrenorul-roman-dupa-despartirea-de-paok-firesc-ar-fi-fost-ca-eu-si-domnul-savvidis-sa-ne-strangem-mana","status":"publish","type":"post","link":"https:\/\/www.europesays.com\/ro\/213755\/","title":{"rendered":"Regretul lui R\u0103zvan Lucescu.\u00a0Antrenorul rom\u00e2n, dup\u0103 desp\u0103r\u021birea de PAOK: \u201eFiresc ar fi fost ca eu \u0219i domnul Savvidis s\u0103 ne str\u00e2ngem m\u00e2na\u201d"},"content":{"rendered":"<ul class=\"bullets\">&#13;<\/p>\n<li>R\u0103zvan Lucescu (57 de ani) a oferit un interviu \u00een care \u0219i-a exprimat un mare regret dup\u0103 desp\u0103r\u021birea de PAOK Salonic.<\/li>\n<p>&#13;\n<\/ul>\n<p><a id=\"google-source-button\" class=\"google-favorite\" target=\"_blank\" href=\"https:\/\/www.google.com\/preferences\/source?q=golazo.ro\" rel=\"nofollow noopener\"><\/p>\n<p>        <img decoding=\"async\" src=\"https:\/\/golazo.ro\/images\/google-logo.svg\" alt=\"\"\/><br \/>\n        <img decoding=\"async\" src=\"https:\/\/golazo.ro\/images\/check-icon-2.svg\" alt=\"\"\/><\/p>\n<p>    Adaug\u0103 GOLAZO.ro la favorite<\/p>\n<p><\/a><\/p>\n<p class=\"\">Clubul grec a anun\u021bat, \u00een urm\u0103 cu patru zile, <a target=\"_blank\" href=\"https:\/\/golazo.ro\/razvan-lucescu-antrenor-paok-salonic-grecia-ivan-savvidis-177693\" rel=\"nofollow noopener\">plecarea lui Lucescu Jr. de pe banca tehnic<\/a>. R\u0103zvan a condus PAOK \u00een ultimele 5 sezoane, \u00een cel de-al doilea mandat. <\/p>\n<p>Regretul lui R\u0103zvan Lucescu: \u201eMi-a\u0219 fi dorit s\u0103 am un alt mod de a-mi lua r\u0103mas-bun de la suporteri\u201d<\/p>\n<p class=\"\">\u00centr-un interviu acordat pentru Fox Insider, R\u0103zvan Lucescu a explicat c\u0103 \u0219i-ar fi dorit s\u0103-\u0219i ia r\u0103mas-bun de la fanii lui PAOK \u00eentr-un context favorabil.<\/p>\n<p class=\"\">\u201eSunt mul\u021bumit de tot ceea ce am realizat aici, la PAOK. Sunt mul\u021bumit de momentele extraordinare pe care le-am tr\u0103it la PAOK, de trofeele pe care le-am c\u00e2\u0219tigat \u00eempreun\u0103.<\/p>\n<p class=\"\">Singurul regret pe care-l am este c\u0103 mi-a\u0219 fi dorit s\u0103 am un alt mod de a-mi lua r\u0103mas-bun de la suporterii lui PAOK.<\/p>\n<p class=\"\">Au existat oameni care au creat aceast\u0103 atmosfer\u0103 negativ\u0103 \u00een unele momente. A fost o nebunie ceea ce s-a \u00eent\u00e2mplat \u00een acele trei-patru s\u0103pt\u0103m\u00e2ni de vacan\u021b\u0103.<\/p>\n<p class=\"\">Firesc ar fi fost ca eu \u0219i domnul Savvidis s\u0103 ne str\u00e2ngem m\u00e2na \u0219i s\u0103 ne \u00eembr\u0103\u021bi\u0219\u0103m. \u00cei mul\u021bumesc domnului Savvidis, pentru c\u0103 este omul care mi-a oferit \u0219ansa s\u0103 tr\u0103iesc aceast\u0103 perioad\u0103\u201d, a declarat R\u0103zvan Lucescu, citat de <a target=\"_blank\" href=\"https:\/\/www.metrosport.gr\/loytseskoy-lypamai-ithela-diaforetiko-apochairetismo-me-ton-kosmo-toy-paok-1316908\" rel=\"nofollow noopener\">metrosport.gr<\/a>.<\/p>\n<p class=\"\">Lucescu p\u0103r\u0103se\u0219te a doua oar\u0103 PAOK. Dup\u0103 ce, \u00een 2019, Al-Hilal a pl\u0103tit clauza de reziliere de dou\u0103 milioane de euro a contractului antrenorului, care tocmai cucerise titlul \u0219i Cupa Greciei, R\u0103zvan se desparte acum \u00eenc\u0103 o dat\u0103 de alb-negri.<\/p>\n<p class=\"\">A r\u0103mas \u00een total \u0219apte ani la Salonic (2017-2019 \u0219i 2021-2026), a cucerit patru trofee, trei \u00een primul mandat, unul singur \u00een al doilea, dar <a href=\"https:\/\/golazo.ro\/razvan-lucescu-paok-salonic-grecia-antrenor-177418\" target=\"_blank\" rel=\"noreferrer noopener nofollow\">rela\u021bia tensionat\u0103 cu fiii patronului Ivan Savvidis<\/a> a dus la ruptur\u0103.<\/p>\n<p>172 de victorii <\/p>\n<p>a ob\u021binut R\u0103zvan Lucescu \u00een 283 de meciuri disputate cu PAOK \u00een dou\u0103 mandate (plus 57 de egaluri \u0219i 54 de \u00eenfr\u00e2ngeri)<\/p>\n<ul class=\"\">&#13;<\/p>\n<li>De-a lungul carierei sale, R\u0103zvan Lucescu le-a mai antrenat pe FC Bra\u0219ov, Rapid, El-Jaish, Petrolul, Xanthi \u0219i Al-Hilal. A fost \u0219i selec\u021bionerul Rom\u00e2niei \u00een perioada 2009-2011.<\/li>\n<p>&#13;\n<\/ul>\n<p>Cine \u00eel schimb\u0103 pe Lucescu la PAOK<\/p>\n<p class=\"\">Aproape sigur, cel mai important tehnician din istoria de 100 de ani a lui PAOK va fi schimbat de Marino Pusic.<\/p>\n<p>        <img decoding=\"async\" src=\"https:\/\/www.europesays.com\/ro\/wp-content\/uploads\/2026\/06\/a7e7d08d-e268-4bbe-a74c-8d7cad55ea1a.jpeg\" alt=\"Pusic a cucerit trei trofee cu Shakhtar: titlul \u00een 2024 \u0219i Cupa Ucrainei \u00een 2024 \u0219i 2025. Foto: Imago\" width=\"684\" height=\"879\" class=\"blur\" loading=\"lazy\"\/><br \/>\n        <img decoding=\"async\" src=\"https:\/\/golazo.ro\/storage\/2026-06-19\/449868\/a7e7d08d-e268-4bbe-a74c-8d7cad55ea1a\" alt=\"Pusic a cucerit trei trofee cu Shakhtar: titlul \u00een 2024 \u0219i Cupa Ucrainei \u00een 2024 \u0219i 2025. Foto: Imago\" width=\"684\" height=\"879\" class=\"photo-in-article__main\" loading=\"lazy\"\/><\/p>\n<p>            Pusic a cucerit trei trofee cu Shakhtar: titlul \u00een 2024 \u0219i Cupa Ucrainei \u00een 2024 \u0219i 2025. Foto: Imago<\/p>\n<p class=\"\">N\u0103scut \u00een 1971, la Mostar, \u00een Bosnia, dar cu cet\u0103\u021benie croato-olandez\u0103, acesta a preg\u0103tit-o ultima oar\u0103 pe Al-Jazira (septembrie 2025-iunie 2026, Emiratele Arabe Unite), unde \u00eei ia locul Cosmin Ol\u0103roiu.<\/p>\n<p class=\"\">\u00cenainte de Al-Jazira, Pusic a antrenat un an \u0219i \u0219apte luni \u00een Ucraina, la Shakhtar Donetsk (2023-2025).<\/p>\n<p>Cite\u0219te \u0219i<\/p>\n<p>VIDEO: cele mai noi imagini din sport<\/p>\n","protected":false},"excerpt":{"rendered":"&#13; R\u0103zvan Lucescu (57 de ani) a oferit un interviu \u00een care \u0219i-a exprimat un mare regret dup\u0103&hellip;\n","protected":false},"author":2,"featured_media":202126,"comment_status":"","ping_status":"","sticky":false,"template":"","format":"standard","meta":{"footnotes":"","_share_on_mastodon":"0"},"categories":[20],"tags":[4842,2385,2466,41,40,38,39,185,184],"class_list":["post-213755","post","type-post","status-publish","format-standard","has-post-thumbnail","category-sport","tag-despartire","tag-paok","tag-razvan-lucescu","tag-ro","tag-romana","tag-romania","tag-romanian","tag-sport","tag-sports"],"share_on_mastodon":{"url":"https:\/\/pubeurope.com\/@ro\/116803999441504394","error":""},"_links":{"self":[{"href":"https:\/\/www.europesays.com\/ro\/wp-json\/wp\/v2\/posts\/213755","targetHints":{"allow":["GET"]}}],"collection":[{"href":"https:\/\/www.europesays.com\/ro\/wp-json\/wp\/v2\/posts"}],"about":[{"href":"https:\/\/www.europesays.com\/ro\/wp-json\/wp\/v2\/types\/post"}],"author":[{"embeddable":true,"href":"https:\/\/www.europesays.com\/ro\/wp-json\/wp\/v2\/users\/2"}],"replies":[{"embeddable":true,"href":"https:\/\/www.europesays.com\/ro\/wp-json\/wp\/v2\/comments?post=213755"}],"version-history":[{"count":0,"href":"https:\/\/www.europesays.com\/ro\/wp-json\/wp\/v2\/posts\/213755\/revisions"}],"wp:featuredmedia":[{"embeddable":true,"href":"https:\/\/www.europesays.com\/ro\/wp-json\/wp\/v2\/media\/202126"}],"wp:attachment":[{"href":"https:\/\/www.europesays.com\/ro\/wp-json\/wp\/v2\/media?parent=213755"}],"wp:term":[{"taxonomy":"category","embeddable":true,"href":"https:\/\/www.europesays.com\/ro\/wp-json\/wp\/v2\/categories?post=213755"},{"taxonomy":"post_tag","embeddable":true,"href":"https:\/\/www.europesays.com\/ro\/wp-json\/wp\/v2\/tags?post=213755"}],"curies":[{"name":"wp","href":"https:\/\/api.w.org\/{rel}","templated":true}]}}