{"id":214333,"date":"2026-06-24T18:21:14","date_gmt":"2026-06-24T18:21:14","guid":{"rendered":"https:\/\/www.europesays.com\/ro\/214333\/"},"modified":"2026-06-24T18:21:14","modified_gmt":"2026-06-24T18:21:14","slug":"paok-a-vrut-sa-l-vanda-pe-lucescu-golazo-ro-a-descoperit-incercarea-secreta-de-a-scapa-de-antrenor-castigand-bani-din-plecarea-lui","status":"publish","type":"post","link":"https:\/\/www.europesays.com\/ro\/214333\/","title":{"rendered":"PAOK a vrut s\u0103-l v\u00e2nd\u0103 pe Lucescu! GOLAZO.ro a descoperit \u00eencercarea secret\u0103 de a sc\u0103pa de antrenor c\u00e2\u0219tig\u00e2nd bani din plecarea lui"},"content":{"rendered":"<ul class=\"bullets\">&#13;<\/p>\n<li>R\u0103zvan Lucescu, 57 de ani, a reac\u021bionat dur c\u00e2nd a aflat c\u0103 PAOK vrea s\u0103-l \u00eenlocuiasc\u0103 \u0219i s\u0103 profite de clauza sa de reziliere.<\/li>\n<p>&#13;<br \/>\n&#13;<\/p>\n<li>Cine este antrenorul care l-a schimbat la Salonic. Italianul care a preg\u0103tit numai echipe din Spania.\u00a0<\/li>\n<p>&#13;\n<\/ul>\n<p><a id=\"google-source-button\" class=\"google-favorite\" target=\"_blank\" href=\"https:\/\/www.google.com\/preferences\/source?q=golazo.ro\" rel=\"nofollow noopener\"><\/p>\n<p>        <img decoding=\"async\" src=\"https:\/\/golazo.ro\/images\/google-logo.svg\" alt=\"\"\/><br \/>\n        <img decoding=\"async\" src=\"https:\/\/golazo.ro\/images\/check-icon-2.svg\" alt=\"\"\/><\/p>\n<p>    Adaug\u0103 GOLAZO.ro la favorite<\/p>\n<p><\/a><\/p>\n<p class=\"\">R\u0103zvan Lucescu s-a desp\u0103r\u021bit de PAOK. Nu i-a pl\u0103cut nici <a target=\"_blank\" href=\"https:\/\/golazo.ro\/razvan-lucescu-paok-salonic-grecia-antrenor-177418\" rel=\"nofollow noopener\">conflictul din ultimul timp<\/a>, nici <a target=\"_blank\" href=\"https:\/\/golazo.ro\/razvan-lucescu-paok-despartire-178062\" rel=\"nofollow noopener\">cum a p\u0103r\u0103sit clubul din Salonic<\/a>, chiar dac\u0103 alb-negrii i-au spus c\u0103 \u201ee <a target=\"_blank\" href=\"https:\/\/golazo.ro\/razvan-lucescu-antrenor-paok-salonic-grecia-ivan-savvidis-177693\" rel=\"nofollow noopener\">parte important\u0103 a istoriei lui PAOK<\/a>\u201d. <\/p>\n<p class=\"\">Antrenorul \u00een v\u00e2rst\u0103 de 57 de ani ar fi vrut s\u0103 continue p\u00e2n\u0103 la sf\u00e2r\u0219itul contractului, \u00een vara lui 2027, dar a descoperit la un moment dat c\u0103 liderii \u201evulturilor\u201d voiau s\u0103 scape de el. <\/p>\n<p>PAOK a vrut s\u0103 scape de Lucescu \u0219i s\u0103 profite de clauza lui <\/p>\n<p class=\"\">Sursele <a target=\"_blank\" href=\"http:\/\/golazo.ro\" rel=\"nofollow noopener\">GOLAZO.ro<\/a> din Grecia sus\u021bin c\u0103 PAOK a \u00eencercat s\u0103 profite de clauza de reziliere pe care tehnicianul o avea inclus\u0103 \u00een contract. <\/p>\n<p class=\"\">Dac\u0103 pleca \u00een timpul acordului, Lucescu sau clubul care \u00eel lua trebuia s\u0103 achite o anumit\u0103 sum\u0103. <\/p>\n<p class=\"\">Exact cum s-a \u00eent\u00e2mplat \u00een 2019, c\u00e2nd R\u0103zvan a ales s\u0103 \u00eentrerup\u0103 \u00een\u021belegerea de la Salonic \u0219i s\u0103 semneze \u00een Arabia Saudit\u0103. <\/p>\n<p>        <img decoding=\"async\" src=\"https:\/\/www.europesays.com\/ro\/wp-content\/uploads\/2026\/06\/1782325272_946_razvan-lucescu.jpeg\" alt=\"R\u0103zvan Lucescu a cucerit 4 trofee la PAOK: trei \u00een primul mandat (2017-2019), unul singur \u00een al doilea (2021-2026). Foto: Imago\" width=\"684\" height=\"879\" class=\"blur\" loading=\"lazy\"\/><br \/>\n        <img decoding=\"async\" src=\"https:\/\/www.europesays.com\/ro\/wp-content\/uploads\/2026\/06\/1782325273_608_razvan-lucescu.jpeg\" alt=\"R\u0103zvan Lucescu a cucerit 4 trofee la PAOK: trei \u00een primul mandat (2017-2019), unul singur \u00een al doilea (2021-2026). Foto: Imago\" width=\"684\" height=\"879\" class=\"photo-in-article__main\" loading=\"lazy\"\/><\/p>\n<p>            R\u0103zvan Lucescu a cucerit 4 trofee la PAOK: trei \u00een primul mandat (2017-2019), unul singur \u00een al doilea (2021-2026). Foto: Imago<\/p>\n<p class=\"\">Al-Hilal a pl\u0103tit clauza de dou\u0103 milioane de euro \u0219i el a ajuns la Riad dup\u0103 ce tocmai cucerise eventul campionat-cup\u0103 pe \u201eToumba\u201d, unicul event \u00een 100 de ani la PAOK.<\/p>\n<p class=\"\">Diferen\u021ba era c\u0103, acum, PAOK a vrut s\u0103 \u00eel \u00eendep\u0103rteze pe antrenor, ob\u021bin\u00e2nd \u0219i o sum\u0103 de bani \u00een schimbul s\u0103u. Se folosea de clauza lui!<\/p>\n<p>C\u00e2t ar fi primit PAOK de la Al-Sadd pentru Lucescu<\/p>\n<p class=\"\">Al-Sadd, care reziliase contractul cu Roberto Mancini, \u00eel voia pe Lucescu \u00een Qatar. Era ocazia perfect\u0103 pentru ceea ce voia s\u0103 fac\u0103 PAOK. <\/p>\n<p>3 milioane de euro <\/p>\n<p>ar fi trebuit s\u0103 pl\u0103teasc\u0103 Al-Sadd pentru a-l lua pe Lucescu de la PAOK<\/p>\n<p class=\"\">Nu se a\u0219teptau la Salonic ca Lucescu s\u0103 refuze. \u0218i tocmai acest lucru s-a \u00eent\u00e2mplat. <\/p>\n<p class=\"\">Tehnicianul voia s\u0103 continue. R\u0103zvan a realizat \u00eens\u0103 atunci c\u0103 existau \u0219anse minime de a mai r\u0103m\u00e2ne la alb-negri. <\/p>\n<p class=\"\">\u00cen cele din urm\u0103, ruptura s-a produs, chiar dac\u0103, oficial, desp\u0103r\u021birea a fost f\u0103cut\u0103 ca \u201eacord amiabil\u201d. <\/p>\n<p>PAOK l-a adus \u00een locul lui Lucescu pe italianul care a crescut ca antrenor \u00een Spania<\/p>\n<p class=\"\">Pentru cine a vrut patronul Ivan Savvidis s\u0103 renun\u021be la cel mai performant antrenor al istoriei lui PAOK? <\/p>\n<p class=\"\">L-a adus pe italianul Alessio Lisci, 40 de ani, care a \u00eenceput ca preparator fizic la academia lui Lazio \u0219i care a preg\u0103tit numai forma\u021bii din Spania.<\/p>\n<p class=\"\">A urcat la Levante de la juniori la \u201etineret\u201d \u0219i, interimar, la prima echip\u0103 (2021-2022). Apoi, \u00een liga secund\u0103, la Mirandes (2023-2025). <\/p>\n<p>        <img decoding=\"async\" src=\"https:\/\/www.europesays.com\/ro\/wp-content\/uploads\/2026\/06\/dc1b88cd-57cb-45af-86de-e6f7c6fc13d2.jpeg\" alt=\"Alessio ;Lisci, sezonul trecut, la Osasuna. Foto: Imago\" width=\"684\" height=\"879\" class=\"blur\" loading=\"lazy\"\/><br \/>\n        <img decoding=\"async\" src=\"https:\/\/golazo.ro\/storage\/2026-06-24\/451791\/dc1b88cd-57cb-45af-86de-e6f7c6fc13d2\" alt=\"Alessio ;Lisci, sezonul trecut, la Osasuna. Foto: Imago\" width=\"684\" height=\"879\" class=\"photo-in-article__main\" loading=\"lazy\"\/><\/p>\n<p>            Alessio ;Lisci, sezonul trecut, la Osasuna. Foto: Imago<\/p>\n<p class=\"\">\u00cen sezonul trecut, a fost la Osasuna, cu care a evitat la limit\u0103 retrogradarea! A \u00eencheiat pe locul 17, chiar deasupra zonei ro\u0219ii. <\/p>\n<p>Cite\u0219te \u0219i<\/p>\n<p>VIDEO: cele mai noi imagini din sport<\/p>\n","protected":false},"excerpt":{"rendered":"&#13; R\u0103zvan Lucescu, 57 de ani, a reac\u021bionat dur c\u00e2nd a aflat c\u0103 PAOK vrea s\u0103-l \u00eenlocuiasc\u0103 \u0219i&hellip;\n","protected":false},"author":2,"featured_media":214334,"comment_status":"","ping_status":"","sticky":false,"template":"","format":"standard","meta":{"footnotes":"","_share_on_mastodon":"0"},"categories":[20],"tags":[351,449,4121,2466,41,40,38,39,185,184],"class_list":["post-214333","post","type-post","status-publish","format-standard","has-post-thumbnail","category-sport","tag-antrenor","tag-grecia","tag-paok-salonic","tag-razvan-lucescu","tag-ro","tag-romana","tag-romania","tag-romanian","tag-sport","tag-sports"],"share_on_mastodon":{"url":"https:\/\/pubeurope.com\/@ro\/116806476502534322","error":""},"_links":{"self":[{"href":"https:\/\/www.europesays.com\/ro\/wp-json\/wp\/v2\/posts\/214333","targetHints":{"allow":["GET"]}}],"collection":[{"href":"https:\/\/www.europesays.com\/ro\/wp-json\/wp\/v2\/posts"}],"about":[{"href":"https:\/\/www.europesays.com\/ro\/wp-json\/wp\/v2\/types\/post"}],"author":[{"embeddable":true,"href":"https:\/\/www.europesays.com\/ro\/wp-json\/wp\/v2\/users\/2"}],"replies":[{"embeddable":true,"href":"https:\/\/www.europesays.com\/ro\/wp-json\/wp\/v2\/comments?post=214333"}],"version-history":[{"count":0,"href":"https:\/\/www.europesays.com\/ro\/wp-json\/wp\/v2\/posts\/214333\/revisions"}],"wp:featuredmedia":[{"embeddable":true,"href":"https:\/\/www.europesays.com\/ro\/wp-json\/wp\/v2\/media\/214334"}],"wp:attachment":[{"href":"https:\/\/www.europesays.com\/ro\/wp-json\/wp\/v2\/media?parent=214333"}],"wp:term":[{"taxonomy":"category","embeddable":true,"href":"https:\/\/www.europesays.com\/ro\/wp-json\/wp\/v2\/categories?post=214333"},{"taxonomy":"post_tag","embeddable":true,"href":"https:\/\/www.europesays.com\/ro\/wp-json\/wp\/v2\/tags?post=214333"}],"curies":[{"name":"wp","href":"https:\/\/api.w.org\/{rel}","templated":true}]}}