{"id":214854,"date":"2026-06-25T08:59:15","date_gmt":"2026-06-25T08:59:15","guid":{"rendered":"https:\/\/www.europesays.com\/ro\/214854\/"},"modified":"2026-06-25T08:59:15","modified_gmt":"2026-06-25T08:59:15","slug":"gabriela-ruse-de-neoprit-romanca-a-mai-facut-o-victima-de-top-si-e-in-sferturi-urmeaza-iga-swiatek","status":"publish","type":"post","link":"https:\/\/www.europesays.com\/ro\/214854\/","title":{"rendered":"Gabriela Ruse, de neoprit. Rom\u00e2nca a mai f\u0103cut o victim\u0103 de top \u0219i e \u00een sferturi. Urmeaz\u0103 Iga Swiatek?"},"content":{"rendered":"<p>Miercuri, 24 Iunie 2026, ora 15:55<\/p>\n<p>1726 citiri<\/p>\n<p><a class=\"news__image\" data-href=\"https:\/\/s2.ziareromania.ro\/?mmid=f2cca56a60b007c7d7\" data-size=\"723x460\" title=\"Gabriela Ruse, de neoprit. Rom\u00e2nca a mai f\u0103cut o victim\u0103 de top \u0219i e \u00een sferturi. Urmeaz\u0103 Iga Swiatek?\"><img decoding=\"async\" src=\"https:\/\/www.europesays.com\/ro\/wp-content\/uploads\/2026\/06\/Gabriela-Ruse--de-neoprit--Rom--nca-a-mai-f--cut-o-victim---de-top---i-e---n-sferturi--Urmeaz---Iga-.jpeg\" alt=\"Gabriela Ruse, de neoprit. Rom\u00e2nca a mai f\u0103cut o victim\u0103 de top \u0219i e \u00een sferturi. Urmeaz\u0103 Iga Swiatek?\" title=\"Gabriela Ruse, de neoprit. Rom\u00e2nca a mai f\u0103cut o victim\u0103 de top \u0219i e \u00een sferturi. Urmeaz\u0103 Iga Swiatek?\" class=\"img-responsive\"\/><\/a><\/p>\n<p>Gabriela Ruse FOTO Instagram Gabriela Ruse<\/p>\n<p>Juc\u0103toarea rom\u00e2n\u0103 de tenis <a href=\"https:\/\/ziare.com\/gabriela-ruse\/\" title=\"Gabriela Ruse\" rel=\"nofollow noopener\" target=\"_blank\">Gabriela Ruse<\/a> s-a calificat \u00een sferturile de final\u0103 ale turneului <a href=\"https:\/\/ziare.com\/tenis\/wta\/\" title=\"WTA\" rel=\"nofollow noopener\" target=\"_blank\">WTA<\/a> 500 de la Bad Homburg (Germania), dotat cu premii totale de 1.049.083 euro, miercuri, dup\u0103 ce a \u00eentrecut-o pe rusoaica Ana Kalinskaia, cu 7-5, 6-2.<\/p>\n<p>Ruse (28 ani, 105 WTA), venit\u0103 din calific\u0103ri, s-a impus dup\u0103 o or\u0103 \u0219i 40 de minute, dup\u0103 ce \u00een primul tur a \u00eenvins-o pe Linda Noskova, locul 10 mondial.<\/p>\n<p>Rom\u00e2nca a \u00eencheiat cu 9 a\u0219i, dar a f\u0103cut \u0219i 6 duble gre\u0219eli, \u00een timp ce Kalinskaia (27 ani, 20 WTA) a avut 4 a\u0219i \u0219i 8 duble gre\u0219eli.<\/p>\n<p>Gabriela Ruse are acum 2-1 \u00een meciurile directe cu Kalinskaia.<\/p>\n<p>Ruse \u0219i-a asigurat un cec de 30.435 de euro \u0219i 133 de puncte WTA, iar \u00een sferturi o va \u00eent\u00e2lni pe poloneza <a href=\"https:\/\/ziare.com\/iga-swiatek\/\" title=\"Iga Swiatek\" rel=\"nofollow noopener\" target=\"_blank\">Iga Swiatek<\/a>, principala favorit\u0103, sau pe americanca Emma Navarro.<\/p>\n<p>\u021ai-a pl\u0103cut articolul?<\/p>\n<p> Vrem s\u0103 producem mai multe, \u00eens\u0103 avem nevoie de sus\u021binerea ta. Orice dona\u021bie conteaz\u0103 pentru jurnalismul independent <\/p>\n","protected":false},"excerpt":{"rendered":"Miercuri, 24 Iunie 2026, ora 15:55 1726 citiri Gabriela Ruse FOTO Instagram Gabriela Ruse Juc\u0103toarea rom\u00e2n\u0103 de tenis&hellip;\n","protected":false},"author":2,"featured_media":214855,"comment_status":"","ping_status":"","sticky":false,"template":"","format":"standard","meta":{"footnotes":"","_share_on_mastodon":"0"},"categories":[20],"tags":[2041,782,41,40,38,39,10251,185,184,11154,60049],"class_list":["post-214854","post","type-post","status-publish","format-standard","has-post-thumbnail","category-sport","tag-gabriela-ruse","tag-iga-swiatek","tag-ro","tag-romana","tag-romania","tag-romanian","tag-sferturi","tag-sport","tag-sports","tag-victima","tag-wta-bad-homburg"],"share_on_mastodon":{"url":"https:\/\/pubeurope.com\/@ro\/116809928977747932","error":""},"_links":{"self":[{"href":"https:\/\/www.europesays.com\/ro\/wp-json\/wp\/v2\/posts\/214854","targetHints":{"allow":["GET"]}}],"collection":[{"href":"https:\/\/www.europesays.com\/ro\/wp-json\/wp\/v2\/posts"}],"about":[{"href":"https:\/\/www.europesays.com\/ro\/wp-json\/wp\/v2\/types\/post"}],"author":[{"embeddable":true,"href":"https:\/\/www.europesays.com\/ro\/wp-json\/wp\/v2\/users\/2"}],"replies":[{"embeddable":true,"href":"https:\/\/www.europesays.com\/ro\/wp-json\/wp\/v2\/comments?post=214854"}],"version-history":[{"count":0,"href":"https:\/\/www.europesays.com\/ro\/wp-json\/wp\/v2\/posts\/214854\/revisions"}],"wp:featuredmedia":[{"embeddable":true,"href":"https:\/\/www.europesays.com\/ro\/wp-json\/wp\/v2\/media\/214855"}],"wp:attachment":[{"href":"https:\/\/www.europesays.com\/ro\/wp-json\/wp\/v2\/media?parent=214854"}],"wp:term":[{"taxonomy":"category","embeddable":true,"href":"https:\/\/www.europesays.com\/ro\/wp-json\/wp\/v2\/categories?post=214854"},{"taxonomy":"post_tag","embeddable":true,"href":"https:\/\/www.europesays.com\/ro\/wp-json\/wp\/v2\/tags?post=214854"}],"curies":[{"name":"wp","href":"https:\/\/api.w.org\/{rel}","templated":true}]}}