{"id":215129,"date":"2026-06-25T14:42:12","date_gmt":"2026-06-25T14:42:12","guid":{"rendered":"https:\/\/www.europesays.com\/ro\/215129\/"},"modified":"2026-06-25T14:42:12","modified_gmt":"2026-06-25T14:42:12","slug":"ce-anunt-razvan-lucescu-a-pus-oferta-de-7-000-000e-pe-hold-si-incepe-negocierile-cu-alta-echipa","status":"publish","type":"post","link":"https:\/\/www.europesays.com\/ro\/215129\/","title":{"rendered":"Ce anun\u021b: R\u0103zvan Lucescu a pus oferta de 7.000.000\u20ac pe &#8222;hold&#8221; \u0219i \u00eencepe negocierile cu alt\u0103 echip\u0103!"},"content":{"rendered":"\n<ul class=\"bullets\">\n<li>\n<p>Media: Liga Digi Sport, joi, 15:30, DGS 1<\/p>\n<\/li>\n<li>\n<p>Media: Fotbal European, joi, 21:30, DGS 1<\/p>\n<\/li>\n<\/ul>\n<p>Joi, presa din Arabia Saudit\u0103 a anun\u021bat c\u0103 tehnicianul <a href=\"https:\/\/www.digisport.ro\/fotbal\/fotbal-international\/final-de-era-razvan-lucescu-a-plecat-de-la-paok-4325289\" target=\"_blank\" rel=\"noopener nofollow\" data-skip-linkfix=\"1\">plecat de la PAOK Salonic<\/a> a ajuns pe lista gigantului din Golf, care a renun\u021bat la Sergio Conceicao \u0219i \u00eei caut\u0103 \u00eenlocuitor.\u00a0<\/p>\n<p>R\u0103zvan Lucescu ar urma s\u0103 se vad\u0103 cu un reprezentant al lui Al-Ittihad<\/p>\n<p>Potrivit informa\u021biilor ap\u0103rute pe <a href=\"https:\/\/x.com\/Kh__070\/status\/2069830979754119372\" target=\"_blank\" rel=\"noopener nofollow\" data-skip-linkfix=\"1\">Twitter<\/a>, R\u0103zvan Lucescu a decis s\u0103 pun\u0103 pe &#8222;hold&#8221; negocierile cu Al-Sadd, dup\u0103 ce Al-Ittihad a devenit interesat\u0103 de serviciile sale.\u00a0<\/p>\n<p>Aflat \u00een Dubai, R\u0103zvan Lucescu ar urma s\u0103 aib\u0103 o \u00eent\u00e2lnire \u00een ora\u0219ul din Emiratele Arabe Unite cu un reprezentant al lui Al-Ittihad, semn c\u0103 inten\u021biile grup\u0103rii din Arabia Saudit\u0103 sunt c\u00e2t se poate de serioase.\u00a0<\/p>\n<p>Contacta\u021bi de cei de la <a href=\"https:\/\/x.com\/365scoresarabic\/status\/2070099691790913722\" target=\"_blank\" rel=\"noopener nofollow\" data-skip-linkfix=\"1\">365 Scores<\/a>, reprezentan\u021bii lui R\u0103zvan Lucescu s-au limitat la a transmite doar c\u0103 &#8222;momentan nu s-a \u00eent\u00e2mplat nimic&#8221;, dar \u00een acela\u0219i timp au refuzat s\u0103 infirme zvonurile ap\u0103rute \u00een ultimele 24 de ore.\u00a0<\/p>\n<p>Sursa citat\u0103 a mai ad\u0103ugat c\u0103 &#8222;bugetul alocat pentru noul antrenor i-a f\u0103cut pe unii candida\u021bi s\u0103 refuze ofertele din ultima vreme&#8221;.\u00a0<\/p>\n<p>R\u0103zvan Lucescu are o ofert\u0103 de cel pu\u021bin \u0219apte milioane de euro pe mas\u0103<\/p>\n<p>Amintim c\u0103, la Al-Sadd, R\u0103zvan Lucescu ar avea promis un contract valabil pe doi ani, cu un salariu anual de 3,5 milioane net, sum\u0103 care poate cre\u0219te cu alte aproximativ 500.000 de euro, \u00een func\u021bie de anumite bonusuri de performan\u021b\u0103.\u00a0<\/p>\n<p>Dac\u0103 ar semna cu Al-Ittihad, \u00eens\u0103, ar fi cel mai important pas f\u0103cut \u00een carier\u0103 de R\u0103zvan Lucescu. Liga saudit\u0103 s-a dezvoltat enorm \u00een ultimii ani, iar acum antrenorul rom\u00e2n ar putea preg\u0103ti fotbali\u0219ti care \u0219i-au f\u0103cut un renume \u00een Europa.\u00a0<\/p>\n<p>\u00cen lotul campioanei din 2025, care a terminat doar pe locul 5 sezonul trecut, se afl\u0103 nume precum Fabinho, Moussa Diaby, Houssem Aouar, Steven Bergwijn \u0219i Youssef En-Nesyri.\u00a0<\/p>\n<p>Al-Ittihad este una dintre echipele sponsorizate direct de Fondul Public de Investi\u021bii din Arabia Saudit\u0103, pe l\u00e2ng\u0103 Al-Nassr, Al-Hilal \u0219i Al-Ahli.\u00a0<\/p>\n<p>R\u0103zvan Lucescu a mai antrenat \u0219i \u00een Qatar, \u0219i \u00een Arabia Saudit\u0103<\/p>\n<p>Ajuns acum \u00een situa\u021bia de a alege \u00eentre cele dou\u0103 \u021b\u0103ri, R\u0103zvan Lucescu are experien\u021b\u0103 at\u00e2t \u00een Qatar, c\u00e2t \u0219i \u00een Arabia Saudit\u0103.\u00a0<\/p>\n<p>\u00cen Qatar, fostul selec\u021bioner al Rom\u00e2niei a antrenat-o pe El-Jaish, \u00een perioada 2012 &#8211; 2014, timp de 39 de meciuri, \u0219i a c\u00e2\u0219tigat Qatari Stars Cup.\u00a0<\/p>\n<p>\u00cen Arabia Saudit\u0103, a fost antrenorul lui Al-Hilal \u00een anii 2019 &#8211; 2021, \u00eentre cele dou\u0103 mandate pe care le-a avut la PAOK. Aici a stat 72 de meciuri \u0219i a reu\u0219it performan\u021ba de a c\u00e2\u0219tiga at\u00e2t un titlu, c\u00e2t \u0219i Liga Campionilor Asiei.\u00a0<\/p>\n<p>  Etichete:  <a href=\"https:\/\/www.digisport.ro\/eticheta\/razvan-lucescu\" rel=\"nofollow noopener\" target=\"_blank\">razvan lucescu<\/a> , <a href=\"https:\/\/www.digisport.ro\/eticheta\/arabia-saudita\" rel=\"nofollow noopener\" target=\"_blank\">arabia saudita<\/a> , <a href=\"https:\/\/www.digisport.ro\/eticheta\/al-ittihad\" rel=\"nofollow noopener\" target=\"_blank\">al ittihad<\/a>   <\/p>\n<p>Urm\u0103re\u0219te \u0219tirile digisport.ro \u0219i pe <a href=\"https:\/\/news.google.com\/publications\/CAAiENr1L9HFNMG5hpp5zTfVtpsqFAgKIhDa9S_RxTTBuYaaec031bab?ceid=RO:ro&amp;oc=3\" target=\"_blank\" rel=\"external nofollow noopener\">Google News<\/a><\/p>\n<p>   Noua Aplica\u0163ie Digi Sport poate fi desc\u0103rcat\u0103 din   <\/p>\n","protected":false},"excerpt":{"rendered":"Media: Liga Digi Sport, joi, 15:30, DGS 1 Media: Fotbal European, joi, 21:30, DGS 1 Joi, presa din&hellip;\n","protected":false},"author":2,"featured_media":215130,"comment_status":"","ping_status":"","sticky":false,"template":"","format":"standard","meta":{"footnotes":"","_share_on_mastodon":"0"},"categories":[20],"tags":[4019,4939,2466,41,40,38,39,185,184],"class_list":["post-215129","post","type-post","status-publish","format-standard","has-post-thumbnail","category-sport","tag-al-ittihad","tag-arabia-saudita","tag-razvan-lucescu","tag-ro","tag-romana","tag-romania","tag-romanian","tag-sport","tag-sports"],"share_on_mastodon":{"url":"https:\/\/pubeurope.com\/@ro\/116811277717716044","error":""},"_links":{"self":[{"href":"https:\/\/www.europesays.com\/ro\/wp-json\/wp\/v2\/posts\/215129","targetHints":{"allow":["GET"]}}],"collection":[{"href":"https:\/\/www.europesays.com\/ro\/wp-json\/wp\/v2\/posts"}],"about":[{"href":"https:\/\/www.europesays.com\/ro\/wp-json\/wp\/v2\/types\/post"}],"author":[{"embeddable":true,"href":"https:\/\/www.europesays.com\/ro\/wp-json\/wp\/v2\/users\/2"}],"replies":[{"embeddable":true,"href":"https:\/\/www.europesays.com\/ro\/wp-json\/wp\/v2\/comments?post=215129"}],"version-history":[{"count":0,"href":"https:\/\/www.europesays.com\/ro\/wp-json\/wp\/v2\/posts\/215129\/revisions"}],"wp:featuredmedia":[{"embeddable":true,"href":"https:\/\/www.europesays.com\/ro\/wp-json\/wp\/v2\/media\/215130"}],"wp:attachment":[{"href":"https:\/\/www.europesays.com\/ro\/wp-json\/wp\/v2\/media?parent=215129"}],"wp:term":[{"taxonomy":"category","embeddable":true,"href":"https:\/\/www.europesays.com\/ro\/wp-json\/wp\/v2\/categories?post=215129"},{"taxonomy":"post_tag","embeddable":true,"href":"https:\/\/www.europesays.com\/ro\/wp-json\/wp\/v2\/tags?post=215129"}],"curies":[{"name":"wp","href":"https:\/\/api.w.org\/{rel}","templated":true}]}}