{"id":215655,"date":"2026-06-26T06:15:09","date_gmt":"2026-06-26T06:15:09","guid":{"rendered":"https:\/\/www.europesays.com\/ro\/215655\/"},"modified":"2026-06-26T06:15:09","modified_gmt":"2026-06-26T06:15:09","slug":"tradare-razvan-lucescu-n-a-mai-tinut-cont-de-nimic-si-i-a-batut-obrazul-voi-nu-stiati","status":"publish","type":"post","link":"https:\/\/www.europesays.com\/ro\/215655\/","title":{"rendered":"Tr\u0103dare! R\u0103zvan Lucescu n-a mai \u021binut cont de nimic \u0219i i-a b\u0103tut obrazul: &#8222;Voi nu \u0219tia\u021bi?&#8221;"},"content":{"rendered":"\n<ul class=\"bullets\">\n<li>\n<p>SuperLiga: Tragerea la sor\u021bi a \u021bintarului, vineri, 15:00, DGS 1<\/p>\n<\/li>\n<li>\n<p>Media: Fotbal European, vineri, 22:50, DGS 1<\/p>\n<\/li>\n<\/ul>\n<p>Anumi\u021bi colaboratori ai lui Ivan Savvidis au for\u021bat instalarea unui alt tehnician, iar \u00een cele din urm\u0103 s-a ajuns la o reziliere de comun acord, ca mai apoi <a href=\"https:\/\/www.digisport.ro\/fotbal\/paok-l-a-prezentat-pe-inlocuitorul-lui-razvan-lucescu-e-aici-4332123\" target=\"_blank\" rel=\"noopener nofollow\" data-skip-linkfix=\"1\">s\u0103 fie prezentat oficial Alessio Lisci<\/a>.\u00a0<\/p>\n<p>R\u0103zvan Lucescu l-a acuzat pe miliardarul rus Ivan Savvidis de tr\u0103dare, dup\u0103 ce a plecat de la PAOK<\/p>\n<p>Ini\u021bial, R\u0103zvan Lucescu nu a dorit s\u0103 vorbeasc\u0103 despre culisele plec\u0103rii sale de pe Toumba, dar \u00een cele din urm\u0103 a decis s\u0103 spun\u0103 lucrurilor pe nume.\u00a0<\/p>\n<p>Antrenorul rom\u00e2n nu a mai \u021binut cont de rela\u021bia foarte bun\u0103 pe care a avut-o \u00een cei \u0219apte ani de colaborare cu Ivan Savvidis \u0219i chiar l-a acuzat pe miliardarul rus de tr\u0103dare pentru ce s-a \u00eent\u00e2mplat zilele acestea.\u00a0<\/p>\n<p>&#8222;Am fost complet loial clubului \u0219i lui Savvidis. \u00cen 2019 am plecat pentru c\u0103 am crezut c\u0103 era momentul, dup\u0103 ce se \u00eent\u00e2mplase ce se \u00eent\u00e2mplase. Cu o lun\u0103 \u00eenainte refuzasem oferta de la Al-Hilal, dar apoi am \u00een\u021beles c\u0103 trebuie s\u0103 plec. I-am spus agentului c\u0103, dac\u0103 oferta mai este valabil\u0103, plec. <\/p>\n<p>Asta s-a \u00eent\u00e2mplat \u00een 2019. \u00cen 2024, o alt\u0103 echip\u0103 a venit \u0219i era gata s\u0103 pl\u0103teasc\u0103 clauza de reziliere. Trimisese h\u00e2rtiile pe adresa lui PAOK, prin care informa c\u0103 pl\u0103te\u0219te clauza.<\/p>\n<p>Savvidis m-a sunat \u0219i m-a \u00eentrebat: &#8216;Ce-i asta?&#8217;. I-am zis: &#8216;\u0218tii c\u0103 \u00ee\u021bi sunt loial. Le-am spus s\u0103 vorbeasc\u0103 direct cu tine. Dac\u0103 \u00eemi spui s\u0103 nu plec, nu plec&#8217;.\u00a0<\/p>\n<p>A\u0219 fi putut s\u0103 plec. Dar nu am f\u0103cut-o din loialitate pentru Savvidis \u0219i pentru c\u0103 nu am vrut s\u0103 dezam\u0103gesc fanii echipei. Anul trecut, o nou\u0103 echip\u0103 a fost interesat\u0103, dar am redirec\u021bionat-o c\u0103tre PAOK.\u00a0<\/p>\n<p>Dar, anul \u0103sta, totul a fost diferit. Eu eram la Bucure\u0219ti, iar cei de la PAOK c\u0103utau antrenor s\u0103 m\u0103 \u00eenlocuiasc\u0103. Vorbeau cu mai mul\u021bi antrenori, voi nu \u0219tia\u021bi?\u00a0<\/p>\n<p>\u0218ti\u021bi c\u0103 lumea fotbalului e mic\u0103 \u0219i c\u0103 totul ajunge \u00een cele din urm\u0103 \u0219i la urechile tale. Eu le-am spus tuturor c\u0103 mai am un an de contract cu PAOK \u0219i c\u0103 nu vreau s\u0103 \u00eei dezam\u0103gesc pe fani \u0219i pe cei care m\u0103 respect\u0103. <\/p>\n<p>Le-am spus c\u0103 nu vreau s\u0103 vorbesc cu alte echipe, iar \u00een acela\u0219i timp PAOK a vorbit pe la spate cu al\u021bi antrenori. Eu am avut oferte \u0219i am spus nu&#8221;, a declarat R\u0103zvan Lucescu, citat de <a href=\"https:\/\/www.metrosport.gr\/piso-apo-tin-plati-moy-miloysan-me-alloys-proponites-1317109\" target=\"_blank\" rel=\"noopener nofollow\" data-skip-linkfix=\"1\">presa din Grecia<\/a>.\u00a0<\/p>\n<ul>\n<li>Ivan Savvidis este unul dintre cei mai boga\u021bi oligarhi din Rusia.\u00a0<\/li>\n<li>Apropiat de Vladimir Putin, fostul colaborator al lui R\u0103zvan Lucescu are o avere estimat\u0103 la dou\u0103 miliarde de euro.\u00a0<\/li>\n<\/ul>\n<p>Ivan Savvidis a intrat cu pistolul pe teren, la derby-ul PAOK &#8211; AEK din 2018Galerie FotoR\u0103zvan Lucescu, \u00eentre Qatar \u0219i Arabia Saudit\u0103\u00a0<\/p>\n<p>Plecat de la PAOK, R\u0103zvan Lucescu are acum cel pu\u021bin dou\u0103 variante de a continua \u00een antrenorat.<\/p>\n<p>Prima ofert\u0103 a venit de la Al-Sadd (Qatar), un contract pe doi ani cu un salariu uria\u0219, de 3,5 milioane de euro net pe sezon, sum\u0103 care poate cre\u0219te p\u00e2n\u0103 la 4 milioane, cu anumite bonusuri \u00eendeplinite.\u00a0<\/p>\n<p>A doua echip\u0103 care \u0219i-a manifestat interesul este Al-Ittihad (Arabia Saudit\u0103). Campioana din 2025 \u00eenc\u0103 nu a f\u0103cut o ofert\u0103 concret\u0103, dar inten\u021bioneaz\u0103 s\u0103 negocieze direct cu antrenorul rom\u00e2n zilele acestea.\u00a0<\/p>\n<p>  Etichete:  <a href=\"https:\/\/www.digisport.ro\/eticheta\/razvan-lucescu\" rel=\"nofollow noopener\" target=\"_blank\">razvan lucescu<\/a> , <a href=\"https:\/\/www.digisport.ro\/eticheta\/paok-salonic\" rel=\"nofollow noopener\" target=\"_blank\">paok salonic<\/a> , <a href=\"https:\/\/www.digisport.ro\/eticheta\/ivan-savvidis\" rel=\"nofollow noopener\" target=\"_blank\">ivan savvidis<\/a>   <\/p>\n<p>Urm\u0103re\u0219te \u0219tirile digisport.ro \u0219i pe <a href=\"https:\/\/news.google.com\/publications\/CAAiENr1L9HFNMG5hpp5zTfVtpsqFAgKIhDa9S_RxTTBuYaaec031bab?ceid=RO:ro&amp;oc=3\" target=\"_blank\" rel=\"external nofollow noopener\">Google News<\/a><\/p>\n<p>   Noua Aplica\u0163ie Digi Sport poate fi desc\u0103rcat\u0103 din   <\/p>\n","protected":false},"excerpt":{"rendered":"SuperLiga: Tragerea la sor\u021bi a \u021bintarului, vineri, 15:00, DGS 1 Media: Fotbal European, vineri, 22:50, DGS 1 Anumi\u021bi&hellip;\n","protected":false},"author":2,"featured_media":215656,"comment_status":"","ping_status":"","sticky":false,"template":"","format":"standard","meta":{"footnotes":"","_share_on_mastodon":"0"},"categories":[20],"tags":[45396,4121,2466,41,40,38,39,185,184],"class_list":["post-215655","post","type-post","status-publish","format-standard","has-post-thumbnail","category-sport","tag-ivan-savvidis","tag-paok-salonic","tag-razvan-lucescu","tag-ro","tag-romana","tag-romania","tag-romanian","tag-sport","tag-sports"],"share_on_mastodon":{"url":"https:\/\/pubeurope.com\/@ro\/116814946207313827","error":""},"_links":{"self":[{"href":"https:\/\/www.europesays.com\/ro\/wp-json\/wp\/v2\/posts\/215655","targetHints":{"allow":["GET"]}}],"collection":[{"href":"https:\/\/www.europesays.com\/ro\/wp-json\/wp\/v2\/posts"}],"about":[{"href":"https:\/\/www.europesays.com\/ro\/wp-json\/wp\/v2\/types\/post"}],"author":[{"embeddable":true,"href":"https:\/\/www.europesays.com\/ro\/wp-json\/wp\/v2\/users\/2"}],"replies":[{"embeddable":true,"href":"https:\/\/www.europesays.com\/ro\/wp-json\/wp\/v2\/comments?post=215655"}],"version-history":[{"count":0,"href":"https:\/\/www.europesays.com\/ro\/wp-json\/wp\/v2\/posts\/215655\/revisions"}],"wp:featuredmedia":[{"embeddable":true,"href":"https:\/\/www.europesays.com\/ro\/wp-json\/wp\/v2\/media\/215656"}],"wp:attachment":[{"href":"https:\/\/www.europesays.com\/ro\/wp-json\/wp\/v2\/media?parent=215655"}],"wp:term":[{"taxonomy":"category","embeddable":true,"href":"https:\/\/www.europesays.com\/ro\/wp-json\/wp\/v2\/categories?post=215655"},{"taxonomy":"post_tag","embeddable":true,"href":"https:\/\/www.europesays.com\/ro\/wp-json\/wp\/v2\/tags?post=215655"}],"curies":[{"name":"wp","href":"https:\/\/api.w.org\/{rel}","templated":true}]}}