{"id":216105,"date":"2026-06-26T14:39:08","date_gmt":"2026-06-26T14:39:08","guid":{"rendered":"https:\/\/www.europesays.com\/ro\/216105\/"},"modified":"2026-06-26T14:39:08","modified_gmt":"2026-06-26T14:39:08","slug":"tradat-razvan-lucescu-a-renuntat-la-2-000-000-de-euro-si-a-rabufnit-oameni-fara-creier","status":"publish","type":"post","link":"https:\/\/www.europesays.com\/ro\/216105\/","title":{"rendered":"Tr\u0103dat, R\u0103zvan Lucescu a renun\u021bat la 2.000.000 de euro \u0219i a r\u0103bufnit: &#8222;Oameni f\u0103r\u0103 creier&#8221;"},"content":{"rendered":"\n<ul class=\"bullets\">\n<li>\n<p>Media: Fotbal Club, s\u00e2mb\u0103t\u0103, 20:30, DGS 1<\/p>\n<\/li>\n<li>\n<p>Media: Fotbal European, s\u00e2mb\u0103t\u0103, 22:30, DGS 1<\/p>\n<\/li>\n<\/ul>\n<p>Antrenorul rom\u00e2n voia s\u0103 termine contractul scadent \u00een vara anului 2027, dar cei din conducere \u0219i-au dorit alt antrenor. \u00cen loc s\u0103 \u00eei comunice direct acest lucru, Ivan Savvidis \u0219i colaboratorii s\u0103i au negociat &#8222;pe la spate&#8221; cu al\u021bi tehnicieni.\u00a0<\/p>\n<p>R\u0103zvan Lucescu a refuzat s\u0103 primeasc\u0103 dou\u0103 milioane de euro de la PAOK<\/p>\n<p>Dup\u0103 ce le-a explicat grecilor de ce <a href=\"https:\/\/www.digisport.ro\/fotbal\/tradare-razvan-lucescu-n-a-mai-tinut-cont-de-nimic-si-i-a-batut-obrazul-voi-nu-stiati-4339125\" target=\"_blank\" rel=\"noopener nofollow\" data-skip-linkfix=\"1\">s-a sim\u021bit tr\u0103dat de miliardarul rus<\/a>, R\u0103zvan Lucescu a confirmat \u0219i o informa\u021bie ap\u0103rut\u0103 \u00een presa elen\u0103 acum c\u00e2teva zile.\u00a0<\/p>\n<p>Concret, R\u0103zvan Lucescu era \u00eendrept\u0103\u021bit s\u0103 cear\u0103 dou\u0103 milioane de euro la plecare, salariul s\u0103u \u0219i al celor din staff pentru cele 12 luni r\u0103mase din contract.\u00a0<\/p>\n<p>\u00cens\u0103, at\u00e2t antrenorul rom\u00e2n, c\u00e2t \u0219i cei din staff-ul s\u0103u au fost de acord s\u0103 semneze rezilierea de comun acord, iar astfel Ivan Savvidis nu a mai trebuit s\u0103 scoat\u0103 din buzunar suma uria\u0219\u0103.\u00a0<\/p>\n<p>&#8222;Clar nu voiam s\u0103 plec. Am vrut s\u0103 r\u0103m\u00e2n. Chiar dac\u0103 alte echipe au pus presiune mult\u0103 pe mine, eu nici m\u0103car nu am vorbit cu ele. <\/p>\n<p>S-au \u00eentors \u0219i au vrut apoi s\u0103 vorbeasc\u0103 direct cu Savvidis, iar aparent asta s-a \u00eent\u00e2mplat deoarece cineva din club \u0219i-a dorit-o, dar nu vreau acum s\u0103 b\u00e2rfesc.<\/p>\n<p>Indiferent, nu mi-a pl\u0103cut asta. Eu am avut cea mai sincer\u0103 atitudine \u0219i le-am spus clar tuturor c\u0103 mai am un an de contract.<\/p>\n<p>Am plecat de la PAOK f\u0103r\u0103 s\u0103 primesc vreo compensa\u021bie, iar cei care spun c\u0103 am vrut bani sunt ni\u0219te oameni f\u0103r\u0103 creier, care nu au f\u0103cut niciodat\u0103 ceva \u00een via\u021ba lor. <\/p>\n<p>Am fost pl\u0103tit la plecarea de la PAOK pentru fix c\u00e2t am muncit&#8221;, a declarat R\u0103zvan Lucescu, citat \u00een <a href=\"https:\/\/www.metrosport.gr\/piso-apo-tin-plati-moy-miloysan-me-alloys-proponites-1317109\" target=\"_blank\" rel=\"noopener nofollow\" data-skip-linkfix=\"1\">presa din Grecia<\/a>.\u00a0<\/p>\n<ul>\n<li>R\u0103zvan Lucescu are o ofert\u0103 de la Al-Sadd (Qatar), cu un contract pe doi ani \u0219i salariu anual de 3,5 milioane de euro net.\u00a0<\/li>\n<li>Antrenorul rom\u00e2n a pus pe pauz\u0103 negocierile cu qatarezii, dup\u0103 ce pe fir au intrat cei de la Al-Ittihad (Arabia Saudit\u0103).\u00a0<\/li>\n<\/ul>\n<p>Acum opt ani, Ivan Savvidis a intrat cu pistolul pe teren \u00een GreciaGalerie FotoDe ce s-a sim\u021bit R\u0103zvan Lucescu tr\u0103dat de Ivan Savvidis<\/p>\n<p>&#8222;Am fost complet loial echipei \u0219i lui Savvidis. \u00cen 2019 am plecat pentru c\u0103 am crezut c\u0103 era momentul, dup\u0103 ce se \u00eent\u00e2mplase ce se \u00eent\u00e2mplase. <\/p>\n<p>Cu o lun\u0103 \u00eenainte, refuzasem o ofert\u0103 de la Al-Hilal, dar apoi am \u00een\u021beles c\u0103 trebuie s\u0103 plec. I-am spus agentului c\u0103, dac\u0103 oferta mai este valabil\u0103, plec.<\/p>\n<p>Acest lucru s-a \u00eent\u00e2mplat \u00een 2019. \u00cen 2024, o alt\u0103 echip\u0103 a venit \u0219i era gata s\u0103 pl\u0103teasc\u0103 clauza de reziliere. Trimisese h\u00e2rtiile pe adresa lui PAOK, prin care informa c\u0103 pl\u0103te\u0219te clauza.<\/p>\n<p>Savvidis m-a sunat \u0219i m-a \u00eentrebat: &#8216;Ce-i asta?&#8217;. I-am spus: &#8216;\u0218tii c\u0103 \u00ee\u021bi sunt loial. Le-am spus s\u0103 vorbeasc\u0103 direct cu tine. Dac\u0103 \u00eemi spui s\u0103 nu plec, nu plec&#8217;.\u00a0<\/p>\n<p>A\u0219 fi putut s\u0103 plec. Dar nu am f\u0103cut-o din loialitate pentru Savvidis \u0219i pentru c\u0103 nu am vrut s\u0103 dezam\u0103gesc suporterii echipei. Anul trecut, o nou\u0103 echip\u0103 a fost interesat\u0103, dar am redirec\u021bionat-o c\u0103tre PAOK.\u00a0<\/p>\n<p>Dar, anul \u0103sta, totul a fost diferit. Eu eram la Bucure\u0219ti, iar cei de la PAOK c\u0103utau s\u0103 aduc\u0103 antrenor \u00een locul meu. Vorbeau cu mai mul\u021bi antrenori, voi nu \u0219tia\u021bi?\u00a0<\/p>\n<p>\u0218ti\u021bi c\u0103 lumea fotbalului e mic\u0103 \u0219i c\u0103 totul ajunge \u00een cele din urm\u0103 \u0219i la tine. Eu le-am spus tuturor c\u0103 mai am un an de contract cu PAOK \u0219i c\u0103 nu vreau s\u0103 \u00eei dezam\u0103gesc pe fani \u0219i pe cei care m\u0103 respect\u0103.<\/p>\n<p>Le-am spus c\u0103 nu vreau s\u0103 vorbesc cu nicio alt\u0103 echip\u0103, iar \u00een acela\u0219i timp PAOK a vorbit pe la spate cu al\u021bi antrenori. Eu am avut oferte \u0219i am spus nu&#8221;, a declarat R\u0103zvan Lucescu, citat de\u00a0<a href=\"https:\/\/www.metrosport.gr\/piso-apo-tin-plati-moy-miloysan-me-alloys-proponites-1317109\" target=\"_blank\" rel=\"noopener nofollow\" data-skip-linkfix=\"1\">presa din Grecia<\/a>.\u00a0<\/p>\n<p>  Etichete:  <a href=\"https:\/\/www.digisport.ro\/eticheta\/razvan-lucescu\" rel=\"nofollow noopener\" target=\"_blank\">razvan lucescu<\/a> , <a href=\"https:\/\/www.digisport.ro\/eticheta\/paok-salonic\" rel=\"nofollow noopener\" target=\"_blank\">paok salonic<\/a> , <a href=\"https:\/\/www.digisport.ro\/eticheta\/ivan-savvidis\" rel=\"nofollow noopener\" target=\"_blank\">ivan savvidis<\/a>   <\/p>\n<p>Urm\u0103re\u0219te \u0219tirile digisport.ro \u0219i pe <a href=\"https:\/\/news.google.com\/publications\/CAAiENr1L9HFNMG5hpp5zTfVtpsqFAgKIhDa9S_RxTTBuYaaec031bab?ceid=RO:ro&amp;oc=3\" target=\"_blank\" rel=\"external nofollow noopener\">Google News<\/a><\/p>\n<p>   Noua Aplica\u0163ie Digi Sport poate fi desc\u0103rcat\u0103 din   <\/p>\n","protected":false},"excerpt":{"rendered":"Media: Fotbal Club, s\u00e2mb\u0103t\u0103, 20:30, DGS 1 Media: Fotbal European, s\u00e2mb\u0103t\u0103, 22:30, DGS 1 Antrenorul rom\u00e2n voia s\u0103&hellip;\n","protected":false},"author":2,"featured_media":216106,"comment_status":"","ping_status":"","sticky":false,"template":"","format":"standard","meta":{"footnotes":"","_share_on_mastodon":"0"},"categories":[20],"tags":[45396,4121,2466,41,40,38,39,185,184],"class_list":["post-216105","post","type-post","status-publish","format-standard","has-post-thumbnail","category-sport","tag-ivan-savvidis","tag-paok-salonic","tag-razvan-lucescu","tag-ro","tag-romana","tag-romania","tag-romanian","tag-sport","tag-sports"],"share_on_mastodon":{"url":"https:\/\/pubeurope.com\/@ro\/116816927963856756","error":""},"_links":{"self":[{"href":"https:\/\/www.europesays.com\/ro\/wp-json\/wp\/v2\/posts\/216105","targetHints":{"allow":["GET"]}}],"collection":[{"href":"https:\/\/www.europesays.com\/ro\/wp-json\/wp\/v2\/posts"}],"about":[{"href":"https:\/\/www.europesays.com\/ro\/wp-json\/wp\/v2\/types\/post"}],"author":[{"embeddable":true,"href":"https:\/\/www.europesays.com\/ro\/wp-json\/wp\/v2\/users\/2"}],"replies":[{"embeddable":true,"href":"https:\/\/www.europesays.com\/ro\/wp-json\/wp\/v2\/comments?post=216105"}],"version-history":[{"count":0,"href":"https:\/\/www.europesays.com\/ro\/wp-json\/wp\/v2\/posts\/216105\/revisions"}],"wp:featuredmedia":[{"embeddable":true,"href":"https:\/\/www.europesays.com\/ro\/wp-json\/wp\/v2\/media\/216106"}],"wp:attachment":[{"href":"https:\/\/www.europesays.com\/ro\/wp-json\/wp\/v2\/media?parent=216105"}],"wp:term":[{"taxonomy":"category","embeddable":true,"href":"https:\/\/www.europesays.com\/ro\/wp-json\/wp\/v2\/categories?post=216105"},{"taxonomy":"post_tag","embeddable":true,"href":"https:\/\/www.europesays.com\/ro\/wp-json\/wp\/v2\/tags?post=216105"}],"curies":[{"name":"wp","href":"https:\/\/api.w.org\/{rel}","templated":true}]}}