{"id":216969,"date":"2026-06-27T18:26:13","date_gmt":"2026-06-27T18:26:13","guid":{"rendered":"https:\/\/www.europesays.com\/ro\/216969\/"},"modified":"2026-06-27T18:26:13","modified_gmt":"2026-06-27T18:26:13","slug":"razvan-lucescu-a-ales-si-urmeaza-sa-semneze-salariul-e-urias","status":"publish","type":"post","link":"https:\/\/www.europesays.com\/ro\/216969\/","title":{"rendered":"R\u0103zvan Lucescu a ales \u0219i urmeaz\u0103 s\u0103 semneze! Salariul e uria\u0219"},"content":{"rendered":"\n<ul class=\"bullets\">\n<li>\n<p>Media: Fotbal Club, duminic\u0103, 18:30, DGS 1<\/p>\n<\/li>\n<li>\n<p>Media: Fotbal European, duminic\u0103, 20:30, DGS 1<\/p>\n<\/li>\n<\/ul>\n<p>\u00cen perioada trecut\u0103 de la desp\u0103r\u021birea de PAOK, R\u0103zvan Lucescu a primit dou\u0103 propuneri din Golf: <a href=\"https:\/\/www.digisport.ro\/fotbal\/negocieri-finale-razvan-lucescu-semneaza-si-va-castiga-peste-35-milioane-de-euro-pe-an-4327981\" target=\"_blank\" rel=\"noopener nofollow\" data-skip-linkfix=\"1\">de la Al-Sadd, din Qatar<\/a>, \u0219i <a href=\"https:\/\/www.digisport.ro\/fotbal\/fotbal-international\/un-colos-a-intrat-in-cursa-pentru-semnatura-lui-razvan-lucescu-4338305\" target=\"_blank\" rel=\"noopener nofollow\" data-skip-linkfix=\"1\">de la Al-Ittihad, din Arabia Saudit\u0103<\/a>.<\/p>\n<p>R\u0103zvan Lucescu a ales-o pe Al-Sadd \u0219i urmeaz\u0103 s\u0103 semneze<\/p>\n<p>De\u0219i campionatul din Arabia Saudit\u0103 este superior, R\u0103zvan Lucescu a ales oferta de la Al-Sadd, prima primit\u0103 dup\u0103 desp\u0103r\u021birea de PAOK.<\/p>\n<p>Grecii de la <a href=\"https:\/\/www.gazzetta.gr\/football\/superleague\/2550149\/mia-anasa-apo-tin-al-sant-o-loytseskoy\" target=\"_blank\" rel=\"noopener nofollow\" data-skip-linkfix=\"1\">Gazzetta<\/a> scriu c\u0103 R\u0103zvan Lucescu a ajuns la un acord cu Al-Sadd \u0219i c\u0103 este doar o chestiune de timp p\u00e2n\u0103 c\u00e2nd va semna contractul cu echipa din Qatar.<\/p>\n<p>Al-Sadd c\u0103uta un antrenor dup\u0103 ce Roberto Mancini \u0219i-a dat demisia. Foarte probabil, italianul a plecat pentru a prelua na\u021bionala \u021b\u0103rii sale, cu care a c\u00e2\u0219tigat Campionatul European \u00een 2021.<\/p>\n<p>Contract uria\u0219 pentru R\u0103zvan Lucescu la Al-Sadd<\/p>\n<p>Al-Sadd i-a oferit lui R\u0103zvan Lucescu un contract valabil doi ani, cu un salariu anual imens, de 3,5 milioane de euro.<\/p>\n<p>R\u0103zvan Lucescu va c\u00e2\u0219tiga, astfel, \u0219apte milioane de euro \u00een doi ani petrecu\u021bi \u00een Qatar. Suma poate deveni chiar mai mare, din bonusuri de performan\u021b\u0103.<\/p>\n<p>R\u0103zvan Lucescu a mai antrenat \u00een Qatar, la El-Jaish, \u00eentre 2012 \u0219i 2014, cu care a c\u00e2\u0219tigat Qatari Stars Cup.<\/p>\n<p>La a doua \u0219i cea mai recent\u0103 aventur\u0103 \u00een Golf, R\u0103zvan Lucescu a antrenat \u00een Arabia Saudit\u0103, pe Al-Hilal, cu care a c\u00e2\u0219tigat Liga Campionilor Asiei.<\/p>\n<p>  <img decoding=\"async\" data-skip-htmlfix=\"1\" src=\"https:\/\/www.europesays.com\/ro\/wp-content\/uploads\/2026\/06\/N2FlN2Q0NGEzNDk2MzhjYzA5OWMyMDUxZTk4OGI=.thumb.jpg\" alt=\"razvan\"\/>   R\u0103zvan Lucescu \/ Foto: Profimedia  R\u0103zvan Lucescu: \u201dNu voiam s\u0103 plec\u201d<\/p>\n<p>R\u0103zvan Lucescu a declarat \u00eentr-un interviu pentru publica\u021bia elen\u0103 Metrosport c\u0103 nu \u0219i-a dorit s\u0103 se despart\u0103 de PAOK Salonic, cu care mai avea un an de contract. Antrenorul sus\u021bine c\u0103 a refuzat din start toate ofertele primite c\u00e2t \u00eenc\u0103 era sub contract cu PAOK, pentru c\u0103 nu lua \u00een calcul o desp\u0103r\u021bire \u00eenainte de finalul angajamentului.<\/p>\n<p>\u201dClar nu voiam s\u0103 plec. Am vrut s\u0103 r\u0103m\u00e2n. Chiar dac\u0103 alte echipe au pus presiune mult\u0103 pe mine, eu nici m\u0103car nu am vorbit cu ele.<\/p>\n<p>S-au \u00eentors \u0219i au vrut apoi s\u0103 vorbeasc\u0103 direct cu Savvidis, iar aparent asta s-a \u00eent\u00e2mplat deoarece cineva din club \u0219i-a dorit-o, dar nu vreau acum s\u0103 b\u00e2rfesc.<\/p>\n<p>Indiferent, nu mi-a pl\u0103cut asta. Eu am avut cea mai sincer\u0103 atitudine \u0219i le-am spus clar tuturor c\u0103 mai am un an de contract.<\/p>\n<p>Am plecat de la PAOK f\u0103r\u0103 s\u0103 primesc vreo compensa\u021bie, iar cei care spun c\u0103 am vrut bani sunt ni\u0219te oameni f\u0103r\u0103 creier, care nu au f\u0103cut niciodat\u0103 ceva \u00een via\u021ba lor.<\/p>\n<p>Am fost pl\u0103tit la plecarea de la PAOK pentru fix c\u00e2t am muncit&#8221;, a declarat R\u0103zvan Lucescu.<\/p>\n<p>  Etichete:  <a href=\"https:\/\/www.digisport.ro\/eticheta\/razvan-lucescu\" rel=\"nofollow noopener\" target=\"_blank\">razvan lucescu<\/a> , <a href=\"https:\/\/www.digisport.ro\/eticheta\/al-sadd\" rel=\"nofollow noopener\" target=\"_blank\">al sadd<\/a>   <\/p>\n<p>Urm\u0103re\u0219te \u0219tirile digisport.ro \u0219i pe <a href=\"https:\/\/news.google.com\/publications\/CAAiENr1L9HFNMG5hpp5zTfVtpsqFAgKIhDa9S_RxTTBuYaaec031bab?ceid=RO:ro&amp;oc=3\" target=\"_blank\" rel=\"external nofollow noopener\">Google News<\/a><\/p>\n<p>   Noua Aplica\u0163ie Digi Sport poate fi desc\u0103rcat\u0103 din   <\/p>\n","protected":false},"excerpt":{"rendered":"Media: Fotbal Club, duminic\u0103, 18:30, DGS 1 Media: Fotbal European, duminic\u0103, 20:30, DGS 1 \u00cen perioada trecut\u0103 de&hellip;\n","protected":false},"author":2,"featured_media":216970,"comment_status":"","ping_status":"","sticky":false,"template":"","format":"standard","meta":{"footnotes":"","_share_on_mastodon":"0"},"categories":[20],"tags":[45913,2466,41,40,38,39,185,184],"class_list":["post-216969","post","type-post","status-publish","format-standard","has-post-thumbnail","category-sport","tag-al-sadd","tag-razvan-lucescu","tag-ro","tag-romana","tag-romania","tag-romanian","tag-sport","tag-sports"],"share_on_mastodon":{"url":"https:\/\/pubeurope.com\/@ro\/116823483020863363","error":""},"_links":{"self":[{"href":"https:\/\/www.europesays.com\/ro\/wp-json\/wp\/v2\/posts\/216969","targetHints":{"allow":["GET"]}}],"collection":[{"href":"https:\/\/www.europesays.com\/ro\/wp-json\/wp\/v2\/posts"}],"about":[{"href":"https:\/\/www.europesays.com\/ro\/wp-json\/wp\/v2\/types\/post"}],"author":[{"embeddable":true,"href":"https:\/\/www.europesays.com\/ro\/wp-json\/wp\/v2\/users\/2"}],"replies":[{"embeddable":true,"href":"https:\/\/www.europesays.com\/ro\/wp-json\/wp\/v2\/comments?post=216969"}],"version-history":[{"count":0,"href":"https:\/\/www.europesays.com\/ro\/wp-json\/wp\/v2\/posts\/216969\/revisions"}],"wp:featuredmedia":[{"embeddable":true,"href":"https:\/\/www.europesays.com\/ro\/wp-json\/wp\/v2\/media\/216970"}],"wp:attachment":[{"href":"https:\/\/www.europesays.com\/ro\/wp-json\/wp\/v2\/media?parent=216969"}],"wp:term":[{"taxonomy":"category","embeddable":true,"href":"https:\/\/www.europesays.com\/ro\/wp-json\/wp\/v2\/categories?post=216969"},{"taxonomy":"post_tag","embeddable":true,"href":"https:\/\/www.europesays.com\/ro\/wp-json\/wp\/v2\/tags?post=216969"}],"curies":[{"name":"wp","href":"https:\/\/api.w.org\/{rel}","templated":true}]}}