{"id":217043,"date":"2026-06-27T20:20:19","date_gmt":"2026-06-27T20:20:19","guid":{"rendered":"https:\/\/www.europesays.com\/ro\/217043\/"},"modified":"2026-06-27T20:20:19","modified_gmt":"2026-06-27T20:20:19","slug":"courteney-cox-si-johnny-mcdaid-s-au-despartit-in-secret-dupa-mai-bine-de-10-ani-de-relatie-apropiat-traiau-vieti-separate","status":"publish","type":"post","link":"https:\/\/www.europesays.com\/ro\/217043\/","title":{"rendered":"Courteney Cox \u0219i Johnny McDaid s-au desp\u0103r\u021bit \u00een secret dup\u0103 mai bine de 10 ani de rela\u021bie. Apropiat: \u201eTr\u0103iau vie\u021bi separate!\u201d"},"content":{"rendered":"<p>\n                            Articol scris de Filmnow<br \/>Data public\u0103rii:<br \/>\n                            27.06.2026 19:24\n                        <\/p>\n<p>Courteney Cox, actri\u021ba cunoscut\u0103 pentru rolul interpretat \u00een serialul \u201eFriends\u201d, s-a desp\u0103r\u021bit de partenerul ei, muzicianul Johnny McDaid, membru al trupei Snow Patrol, scrie Mail on Sunday.<\/p>\n<p>Cei doi, care au avut o rela\u021bie de mai bine de zece ani \u0219i erau logodi\u021bi, s-ar fi separat anul trecut \u00een termeni amiabili, potrivit unor surse apropiate actri\u021bei.<\/p>\n<p>Potrivit acestora, ruptura ar fi survenit \u00een momentul \u00een care cei doi au ajuns s\u0103 duc\u0103 \u201evie\u021bi diferite\u201d.<\/p>\n<p>  <img decoding=\"async\" data-skip-htmlfix=\"1\" src=\"https:\/\/www.europesays.com\/ro\/wp-content\/uploads\/2026\/06\/NmUwNTE0Yjk4MDgxMGQ0ZDMzMWU3NWQ5NDM4ZTE0MA==.thumb.jpg\" alt=\"The BRIT Awards 2022 - Show\"\/>    Courteney Cox \u0219i Johnny McDaid \/ Getty Images  <\/p>\n<p>Courteney Cox, \u00een v\u00e2rst\u0103 de 62 de ani, cunoscut\u0103 de milioane de fani pentru rolul iconic al Monic\u0103i Geller din \u201eFriends\u201d, celebrul sitcom al anilor \u201990 , locuie\u0219te \u00een Los Angeles, \u00een timp ce muzicianul originar din Irlanda de Nord, Johnny McDaid, de 49 de ani, s-ar fi stabilit la Londra. De\u0219i \u00een trecut \u00ee\u0219i \u00eemp\u0103r\u021beau timpul \u00eentre Statele Unite \u0219i Marea Britanie, distan\u021ba \u0219i programele \u00eenc\u0103rcate ar fi contribuit la separare.<\/p>\n<p>Cite\u0219te \u0219i:<a href=\"https:\/\/www.filmnow.ro\/stiri\/coco-fiica-lui-courteney-cox-la-fel-de-cuceritoare-ca-mama-ei-tanara-de-18-ani-a-pozat-in-costum-de-baie-in-vacanta-pe-barca-89793\" data-skip-linkfix=\"1\" rel=\"nofollow noopener\" target=\"_blank\">\u00a0Coco, fiica lui Courteney Cox, la fel de cuceritoare ca mama ei. T\u00e2n\u0103ra de 18 ani a pozat \u00een costum de baie, \u00een vacan\u021b\u0103 pe barc\u0103<\/a><\/p>\n<p>Confirm\u00e2nd desp\u0103r\u021birea, o surs\u0103 apropiat\u0103 cuplului a declarat: \u201eJohnny vorbe\u0219te \u00eentotdeauna cu mare respect despre Courteney. Au avut o rela\u021bie foarte profund\u0103 \u0219i au r\u0103mas extrem de amiabili. Sunt prieteni buni \u0219i \u021bin foarte mult unul la cel\u0103lalt\u201d.<\/p>\n<p>\u201eAceast\u0103 desp\u0103r\u021bire nu a fost una ur\u00e2t\u0103. Pur \u0219i simplu au ajuns \u00eentr-un punct \u00een care tr\u0103iau vie\u021bi diferite\u201d, a mai subliniat sursa respectiv\u0103, potrivit <a href=\"http:\/\/www.dailymail.co.uk\" data-skip-linkfix=\"1\" target=\"_blank\" rel=\"nofollow noopener\">Daily Mail.<\/a>\u00a0<\/p>\n<p>Cox \u0219i McDaid au s\u0103 ias\u0103 \u00eempreun\u0103 \u00een 2013, dup\u0103 ce s-au cunoscut prin intermediul unor prieteni comuni, printre care \u0219i Ed Sheeran. De-a lungul timpului, McDaid a devenit unul dintre cei mai aprecia\u021bi compozitori din industrie, colabor\u00e2nd cu artistul britanic la piese de succes precum \u201eShape of You\u201d, \u201ePhotograph\u201d, \u201eGalway Girl\u201d, \u201eBad Habits\u201d \u0219i \u201eShivers\u201d.<\/p>\n<p>  <img decoding=\"async\" data-skip-htmlfix=\"1\" src=\"https:\/\/www.europesays.com\/ro\/wp-content\/uploads\/2026\/06\/Y2FiOGJlZjkzYzlmNzY0NWI0MmY2OWExNzFiOWU5Mg==.thumb.jpg\" alt=\"UCLA IoES Honors Barbra Streisand And Gisele Bundchen At The 2019 Hollywood For Science Gala\"\/>    Courteney Cox \u0219i Johnny McDaid \/ Getty Images  <\/p>\n<p>Un an mai t\u00e2rziu, \u00een 2014, ei au anun\u021bat c\u0103 s-au logodit, \u00eens\u0103 la sf\u00e2r\u0219itul anului 2015 s-au desp\u0103r\u021bit pentru o scurt\u0103 perioad\u0103. \u00cen 2016, \u00eens\u0103, s-au \u00eemp\u0103cat \u0219i au r\u0103mas \u00eempreun\u0103 p\u00e2n\u0103 recent.<\/p>\n<p>Anterior, Courteney Cox a declarat \u00een mai multe interviuri c\u0103 acea pauz\u0103 a fost benefic\u0103 pentru rela\u021bia lor, descriind-o drept un moment de \u201erecuno\u0219tin\u021b\u0103\u201d, \u00een timp ce McDaid a spus la r\u00e2ndul s\u0103u c\u0103 se consider\u0103 \u201enorocos\u201d s\u0103 fie al\u0103turi de actri\u021b\u0103.<\/p>\n<p>Cite\u0219te \u0219i:\u00a0<a class=\"row-title\" href=\"https:\/\/www.filmnow.ro\/stiri\/courteney-cox-vacanta-romantica-alaturi-de-iubitul-ei-actrita-de-58-de-ani-filmata-in-costum-de-baie-in-italia-relaxata-si-fara-machiaj-pe-fata-88730\" aria-label=\"\u201cCourteney Cox, vacan\u021b\u0103 romantic\u0103 al\u0103turi de iubitul ei. Actri\u021ba de 58 de ani, filmat\u0103 \u00een costum de baie \u00een Italia, relaxat\u0103 \u0219i f\u0103r\u0103 machiaj pe fa\u021b\u0103\u201d (Edit)\" data-skip-linkfix=\"1\" rel=\"nofollow noopener\" target=\"_blank\">Courteney Cox, vacan\u021b\u0103 romantic\u0103 al\u0103turi de iubitul ei. Actri\u021ba de 58 de ani, filmat\u0103 \u00een costum de baie \u00een Italia, relaxat\u0103 \u0219i f\u0103r\u0103 machiaj pe fa\u021b\u0103<\/a><\/p>\n<p>Cei doi au fost v\u0103zu\u021bi ultima dat\u0103 \u00eempreun\u0103 \u00een public \u00een august anul trecut, la o ie\u0219ire dubl\u0103 \u00een Malibu, al\u0103turi de Jennifer Aniston \u0219i presupusul ei partener, Jim Curtis. De asemenea, ultima lor apari\u021bie oficial\u0103 ca pereche a avut loc la US Open, \u00een luna septembrie.<\/p>\n<p>De la desp\u0103r\u021bire, at\u00e2t Courteney Cox, c\u00e2t \u0219i Johnny McDaid ar fi mers mai departe pe plan personal. Se pare c\u0103 McDaid se afl\u0103 la \u00eenceputul unei noi rela\u021bii, iar Courteney Cox a fost v\u0103zut\u0103 recent la New York al\u0103turi de colegul ei din \u201eShining Vale\u201d, Greg Kinnear, care a stat \u00een apartamentul ei. De\u0219i \u00een serial interpreteaz\u0103 un cuplu, cei doi au confirmat c\u0103 sunt doar prieteni.<\/p>\n<p>                                <a href=\"http:\/\/www.filmnow.ro\/galerie-foto\/1\/stiri\/courteney-cox-si-johnny-mcdaid-s-au-despartit-in-secret-dupa-mai-bine-de-10-ani-de-relatie-apropiat-traiau-vieti-separate-240375#0\" data-skip-linkfix=\"1\" rel=\"nofollow noopener\" target=\"_blank\"><img decoding=\"async\" src=\"https:\/\/www.europesays.com\/ro\/wp-content\/uploads\/2026\/06\/PTc0MCZoYXNoPWQ1OWZkNGM0NmNmZTY1OGMzNTAwYjNlZWFjNWFjNjgy.thumb.jpg\" alt=\"\" data-skip-htmlfix=\"1\" style=\"width: 100%; height: auto;\"\/><\/a><\/p>\n","protected":false},"excerpt":{"rendered":"Articol scris de FilmnowData public\u0103rii: 27.06.2026 19:24 Courteney Cox, actri\u021ba cunoscut\u0103 pentru rolul interpretat \u00een serialul \u201eFriends\u201d, s-a&hellip;\n","protected":false},"author":2,"featured_media":217044,"comment_status":"","ping_status":"","sticky":false,"template":"","format":"standard","meta":{"footnotes":"","_share_on_mastodon":"0"},"categories":[18],"tags":[4842,171,170,60758,41,40,38,39],"class_list":["post-217043","post","type-post","status-publish","format-standard","has-post-thumbnail","category-divertisment","tag-despartire","tag-divertisment","tag-entertainment","tag-johnny-mcdaid","tag-ro","tag-romana","tag-romania","tag-romanian"],"share_on_mastodon":{"url":"https:\/\/pubeurope.com\/@ro\/116823931491405853","error":""},"_links":{"self":[{"href":"https:\/\/www.europesays.com\/ro\/wp-json\/wp\/v2\/posts\/217043","targetHints":{"allow":["GET"]}}],"collection":[{"href":"https:\/\/www.europesays.com\/ro\/wp-json\/wp\/v2\/posts"}],"about":[{"href":"https:\/\/www.europesays.com\/ro\/wp-json\/wp\/v2\/types\/post"}],"author":[{"embeddable":true,"href":"https:\/\/www.europesays.com\/ro\/wp-json\/wp\/v2\/users\/2"}],"replies":[{"embeddable":true,"href":"https:\/\/www.europesays.com\/ro\/wp-json\/wp\/v2\/comments?post=217043"}],"version-history":[{"count":0,"href":"https:\/\/www.europesays.com\/ro\/wp-json\/wp\/v2\/posts\/217043\/revisions"}],"wp:featuredmedia":[{"embeddable":true,"href":"https:\/\/www.europesays.com\/ro\/wp-json\/wp\/v2\/media\/217044"}],"wp:attachment":[{"href":"https:\/\/www.europesays.com\/ro\/wp-json\/wp\/v2\/media?parent=217043"}],"wp:term":[{"taxonomy":"category","embeddable":true,"href":"https:\/\/www.europesays.com\/ro\/wp-json\/wp\/v2\/categories?post=217043"},{"taxonomy":"post_tag","embeddable":true,"href":"https:\/\/www.europesays.com\/ro\/wp-json\/wp\/v2\/tags?post=217043"}],"curies":[{"name":"wp","href":"https:\/\/api.w.org\/{rel}","templated":true}]}}