{"id":217224,"date":"2026-06-28T05:39:11","date_gmt":"2026-06-28T05:39:11","guid":{"rendered":"https:\/\/www.europesays.com\/ro\/217224\/"},"modified":"2026-06-28T05:39:11","modified_gmt":"2026-06-28T05:39:11","slug":"salariu-faraonic-pentru-razvan-lucescu-la-viitoarea-echipa-isi-depaseste-propriul-record","status":"publish","type":"post","link":"https:\/\/www.europesays.com\/ro\/217224\/","title":{"rendered":"Salariu faraonic pentru R\u0103zvan Lucescu la viitoarea echip\u0103! \u00ce\u0219i dep\u0103\u0219e\u0219te propriul record"},"content":{"rendered":"<p>\n            Articol de <a rel=\"author nofollow noopener\" href=\"https:\/\/www.gsp.ro\/autor\/eduard-apostol-10.html\" target=\"_blank\">Eduard Apostol<\/a>            &#8211; Publicat sambata, 27 iunie 2026 22:50            \/ Actualizat sambata, 27 iunie 2026 23:08                    <\/p>\n<p>R\u0103zvan Lucescu, 57 de ani, urmeaz\u0103 s\u0103 semneze cu Al-Sadd, principala for\u021b\u0103 din Qatar, unde va avea un angajament pe m\u0103sura renumelui s\u0103u, 5 milioane de euro\/an. Peste ceea ce avea la Al-Hilal (Arabia Saudit\u0103, 3,5 milioane de euro\/an), cu care a cucerit inclusiv Champions League al Asiei \u00een 2019<\/p>\n<p class=\"do-not-hide\">R\u0103zvan Lucescu se preg\u0103te\u0219te s\u0103 semneze cu Al-Sadd, cel mai de succes club din Qatar. Grupare ce tocmai s-a desp\u0103r\u021bit de Roberto Mancini. Nu va avea salariul italianului, 9 milioane de euro\/an, dar, totu\u0219i, mult mai mult dec\u00e2t la PAOK Salonic.<\/p>\n<p>Salariu important \u00een lumea boga\u021bilor din Qatar pentru R\u0103zvan Lucescu<\/p>\n<p>Conform informa\u021biilor GSP.ro, rom\u00e2nul va c\u00e2\u0219tiga peste 5 milioane de euro\/sezon, la care se adaug\u0103 bonusuri \u0219i posibilitatea de a-\u0219i aduce staff-ul s\u0103u. Mai sunt de pus mici detalii la punct p\u00e2n\u0103 la anun\u021bul oficial al afacerii.<\/p>\n<p>Grecii de la <a target=\"_self\" class=\"editor-link\" href=\"https:\/\/www.gazzetta.gr\/football\/superleague\/2550149\/mia-anasa-apo-tin-al-sant-o-loytseskoy\" rel=\"nofollow noopener\">Gazzetta.gr <\/a>sus\u021bin c\u0103 &#8222;antrenorul se afl\u0103 acum \u00een ultima faz\u0103 pentru a prelua conducerea tehnic\u0103 a echipei qatareze. Mai exact, cele dou\u0103 p\u0103r\u021bi au ajuns la un numitor comun la negocieri \u0219i acum tot ce mai r\u0103m\u00e2ne sunt formalit\u0103\u021bile pentru finalizarea numirii sale&#8221;.<\/p>\n<p>\u00cen urm\u0103 cu mai multe s\u0103pt\u0103m\u00e2ni, Gazeta Sporturilor a scris de interesul qatarezilor pentru R\u0103zvan, de salariul oferit reputatului tehnician, doar c\u0103 Lucescu a pus discu\u021biile pe hold \u00eentruc\u00e2t a\u0219tepta s\u0103 vad\u0103 ce inten\u021bii au cei de la PAOK Salonic cu el. <\/p>\n<p>Fidel discu\u021biilor personale cu Ivan Savvidis, R\u0103zvan n-a dorit s\u0103 discute direct cu emirii care conduc Al-Sadd, doar c\u0103 grecii au avut alte planuri. \u00centre timp, board-ul director de acolo au semnat \u0219i au \u00eenceput munca al\u0103turi de italianul Alessio Lisci, ex-Osasuna.<\/p>\n<p>Lucescu nu s-a gr\u0103bit s\u0103 semneze cu Al-Sadd, a stat s\u0103 c\u00e2nt\u0103reasc\u0103 oferta, iar, \u00eentre timp, \u0219i Al-Ittihad (Arabia Saudit\u0103) \u0219i-a ar\u0103tat interesul de a-l angaja pe rom\u00e2n. Care, printre altele, \u00een cariera sa, a cucerit inclusiv Champions League \u00een Asia, \u00een 2019, cu saudi\u021bii de la Al-Hilal.<\/p>\n<p class=\"cifra \">2milioane de euro era salariul anual al lui R\u0103zvan Lucescu la PAOK. Rom\u00e2nul a renun\u021bat la ultimul an de contract cu elenii, inclusiv la salariul s\u0103u trecut \u00een angajament<\/p>\n<p>Al-Sadd, un club unde banii sunt h\u00e2rtii colorate<\/p>\n<p>Al Sadd este cel mai titrat club din Qatar \u0219i a c\u00e2\u0219tigat titlul \u00een sezonul precedent. Nimic nou, fiindc\u0103 are \u00een palmares 19 titluri, 9 Cupe ale Qatarului, 19 Cupe ale Emirului \u0219i 2 Supercupe. La nivel continental, a cucerit de dou\u0103 ori Champions League \u00een Asia.<\/p>\n<p>Vedeta echipei r\u0103m\u00e2ne brazilianul Roberto Firmino, 34 de ani, care ar c\u00e2\u0219tiga aproape 30 de milioane de euro\/an \u00een Qatar! Al-Sadd este aproape de a semna cu Alessio Romagnoli, de la Lazio, italianul urm\u00e2nd a \u00eencasa aproximativ 6 milioane de euro\/an.<\/p>\n<p>Un rom\u00e2n din Genera\u021bia de Aur lucreaz\u0103 de ani buni la Al-Sadd, Ovidiu St\u00e2ng\u0103<\/p>\n<p>La Al-Sadd au mai fost, de-a lungul vremurilor, \u00een func\u021bia de antrenor, Ilie Balaci (2001-2002) \u0219i Cosmin Ol\u0103roiu (2009-2010). \u00cen prezent, de mai bine de cinci ani, Ovidiu St\u00e2ng\u0103, 57 de ani, lucreaz\u0103 la academia celor de la Al-Sadd, care tocmai au prelungit angajamentul cu antrenorul oltean.<\/p>\n<p>\u201ePot doar s\u0103 afirm cu toat\u0103 sinceritatea c\u0103 rom\u00e2nii sunt aprecia\u021bi la Al-Sadd. Am sim\u021bit-o eu \u00eensumi. Fiindc\u0103 Ilie Balaci \u0219i Cosmin Ol\u0103roiu, dou\u0103 nume uria\u0219e, au l\u0103sat ceva \u00een urm\u0103 \u0219i, c\u00e2nd am venit eu, mi s-a amintit de ei doi.<\/p>\n<p>Eu cred c\u0103 R\u0103zvan Lucescu ar fi o mutare de bun augur la Al-Sadd, nu v\u0103d de ce nu s-ar adapta. A mai antrenat \u00een Qatar, o echip\u0103 \u00eenfiin\u021bat\u0103 provizoriu, a armatei, \u0219i a avut rezultate notabile. \u00cei era greu atunci s\u0103 se bat\u0103 cu granzii cu o forma\u021bie de-abia format\u0103. \u00cen plus, este apreciat fiindc\u0103 a cucerit Champions League \u00een Asia&#8221;,<a target=\"_self\" class=\"editor-link\" href=\"https:\/\/www.gsp.ro\/international\/campionate\/ovidiu-stanga-razvan-lucescu-al-sadd-947496.html\" rel=\"nofollow noopener\"> a comentat Ovidiu St\u00e2ng\u0103 pentru Gazeta Sporturilor<\/a>.<\/p>\n<blockquote>\n<p>Eu cred c\u0103 R\u0103zvan Lucescu s-ar adapta f\u0103r\u0103 probleme \u00een lumea arab\u0103. Nu e la prima experien\u021b\u0103 \u00een zon\u0103, a mai fost \u00een Arabia Saudit\u0103 \u0219i chiar \u00een Qatar. De peste un deceniu lucreaz\u0103 doar \u00een str\u0103in\u0103tate. Este un rom\u00e2n cu care ne putem m\u00e2ndri \u0219i care are rezultate, a\u0219a c\u0103 nu v\u0103d de ce n-ar avea succes<br \/>Ovidiu St\u00e2ng\u0103, antrenor academia Al-Sadd<\/p>\n<\/blockquote>\n<p class=\"cifra \">2013este anul \u00een care Lucescu a cucerit Cupa Stelelor \u00een Qatar cu El-Jaish<\/p>\n","protected":false},"excerpt":{"rendered":"Articol de Eduard Apostol &#8211; Publicat sambata, 27 iunie 2026 22:50 \/ Actualizat sambata, 27 iunie 2026 23:08&hellip;\n","protected":false},"author":2,"featured_media":217225,"comment_status":"","ping_status":"","sticky":false,"template":"","format":"standard","meta":{"footnotes":"","_share_on_mastodon":"0"},"categories":[20],"tags":[4019,45913,2200,4121,76,2466,41,40,38,39,185,184],"class_list":["post-217224","post","type-post","status-publish","format-standard","has-post-thumbnail","category-sport","tag-al-ittihad","tag-al-sadd","tag-ovidiu-stanga","tag-paok-salonic","tag-qatar","tag-razvan-lucescu","tag-ro","tag-romana","tag-romania","tag-romanian","tag-sport","tag-sports"],"share_on_mastodon":{"url":"https:\/\/pubeurope.com\/@ro\/116826129174203386","error":""},"_links":{"self":[{"href":"https:\/\/www.europesays.com\/ro\/wp-json\/wp\/v2\/posts\/217224","targetHints":{"allow":["GET"]}}],"collection":[{"href":"https:\/\/www.europesays.com\/ro\/wp-json\/wp\/v2\/posts"}],"about":[{"href":"https:\/\/www.europesays.com\/ro\/wp-json\/wp\/v2\/types\/post"}],"author":[{"embeddable":true,"href":"https:\/\/www.europesays.com\/ro\/wp-json\/wp\/v2\/users\/2"}],"replies":[{"embeddable":true,"href":"https:\/\/www.europesays.com\/ro\/wp-json\/wp\/v2\/comments?post=217224"}],"version-history":[{"count":0,"href":"https:\/\/www.europesays.com\/ro\/wp-json\/wp\/v2\/posts\/217224\/revisions"}],"wp:featuredmedia":[{"embeddable":true,"href":"https:\/\/www.europesays.com\/ro\/wp-json\/wp\/v2\/media\/217225"}],"wp:attachment":[{"href":"https:\/\/www.europesays.com\/ro\/wp-json\/wp\/v2\/media?parent=217224"}],"wp:term":[{"taxonomy":"category","embeddable":true,"href":"https:\/\/www.europesays.com\/ro\/wp-json\/wp\/v2\/categories?post=217224"},{"taxonomy":"post_tag","embeddable":true,"href":"https:\/\/www.europesays.com\/ro\/wp-json\/wp\/v2\/tags?post=217224"}],"curies":[{"name":"wp","href":"https:\/\/api.w.org\/{rel}","templated":true}]}}