{"id":218331,"date":"2026-06-29T10:02:14","date_gmt":"2026-06-29T10:02:14","guid":{"rendered":"https:\/\/www.europesays.com\/ro\/218331\/"},"modified":"2026-06-29T10:02:14","modified_gmt":"2026-06-29T10:02:14","slug":"razvan-lucescu-a-dat-lovitura-ce-salariu-urias-va-avea-la-arabi","status":"publish","type":"post","link":"https:\/\/www.europesays.com\/ro\/218331\/","title":{"rendered":"R\u0103zvan Lucescu a dat lovitura! Ce salariu uria\u0219 va avea la arabi"},"content":{"rendered":"<p>R\u0103zvan Lucescu nu va r\u0103m\u00e2ne mult timp \u0219omer dup\u0103 desp\u0103r\u021birea de PAOK Salonic. Tehnicianul \u00een v\u00e2rst\u0103 de 57 de ani va antrena \u00een Golf \u0219i va primi un salariu extraordinar.<\/p>\n<p>\t\t\t<img decoding=\"async\" src=\"https:\/\/www.europesays.com\/ro\/wp-content\/uploads\/2026\/06\/1782727334_809_index.jpeg\" alt=\"R\u0103zvan Lucescu (FOTO: Facebook\/ PAOK Salonic)\" width=\"1400\" height=\"750\" loading=\"eager\" fetchpriority=\"high\" class=\"svelte-h45upf\"\/><\/p>\n<p>R\u0103zvan Lucescu (FOTO: Facebook\/ PAOK Salonic)<\/p>\n<p>publicitate&#8221;); background-position: center center; background-repeat: no-repeat;&#8221;&gt;<\/p>\n<p>Singura<br \/>\nproblem\u0103 a lui R\u0103zvan Lucescu este s\u0103 aleag\u0103 dac\u0103 va merge \u00een Qatar, la Al-Sadd sau \u00een Arabia<br \/>\nSaudit\u0103, la Al-Ittihad. Conform site-ului grecesc \u201eGazzetta\u201d, rom\u00e2nul ar fi<br \/>\nales-o deja pe Al-Sadd \u0219i urmeaz\u0103 s\u0103 semneze pe un contract mai mare dec\u00e2t a<br \/>\navut la campioana Greciei.\u00a0<\/p>\n<p>Dup\u0103 cum au aflat ziari\u0219tii eleni, care \u00eenc\u0103 sunt \u0219oca\u021bi dup\u0103\u00a0<a href=\"https:\/\/adevarul.ro\/sport\/razvan-lucescu-va-antrena-in-qatar-presa-din-2536550.html\" rel=\"nofollow noopener\" target=\"_blank\">desp\u0103r\u021birea tehnicianului de PAOK Salonic<\/a>, R\u0103zvan Lucescu ar urma s\u0103 primeasc\u0103 3,5<br \/>\nmilioane de euro pe sezon, plus eventuale bonusuri. La Al-Sadd, el l-ar \u00eenlocui<br \/>\npe italianul Roberto Mancini, care a demisionat \u00een speran\u021ba c\u0103 va fi numit<br \/>\nselec\u021bionerul na\u021bionalei Italiei, cu care a cucerit titlul european \u00een urm\u0103 cu<br \/>\ncinci ani. Pentru R\u0103zvan Lucescu ar fi a doua aventur\u0103 \u00een Qatar, \u021bar\u0103 \u00een care a<br \/>\ncondus-o pe El-Jaish, \u00eentre 2012 \u0219i 2014 \u0219i cu care a cucerit Cupa Qatari<br \/>\nStars.<\/p>\n<p>\t\t\tDesp\u0103r\u021bire cu sc\u00e2ntei \u00eentre R\u0103zvan Lucescu \u0219i PAOK Salonic<\/p>\n<p>Desp\u0103r\u021birea dintre R\u0103zvan Lucescu \u0219i PAOK Salonic a p\u0103rut<br \/>\nlini\u0219tit\u0103 doar la prima vedere. La c\u00e2teva zile dup\u0103 plecarea de la echip\u0103,<br \/>\nantrenorul rom\u00e2n a dezv\u0103luit \u00een presa din Grecia lucruri mai pu\u021bin pl\u0103cute petrecute<br \/>\n\u00een ultimele luni la forma\u021bia.<\/p>\n<p>\u201dAm fost absolut loial clubului \u015fi lui Ivan Savvidis. \u00cen<br \/>\n2019 am plecat pentru c\u0103 am considerat c\u0103 venise momentul s\u0103 o fac din cauza<br \/>\ncelor \u00eent\u00e2mplate. Cu o lun\u0103 \u00eenainte primisem o ofert\u0103 de la Al Hilal, dar am<br \/>\nrefuzat-o. Dup\u0103 tot ce s-a \u00eent\u00e2mplat la finalul sezonu ui, am \u00een\u0163eles \u00eens\u0103 c\u0103<br \/>\ntrebuia s\u0103 plec. I-am spus agentului meu c\u0103, dac\u0103 oferta mai este valabil\u0103,<br \/>\natunci voi pleca. Asta s-a \u00eent\u00e2mplat \u00een 2019. Apoi, \u00een 2024, a venit un club<br \/>\ncare era preg\u0103tit s\u0103 pl\u0103teasc\u0103 clauza de reziliere. Chiar trimisese documentele<br \/>\nprin care anun\u0163a c\u0103 va achita clauza. Atunci Savvidis m-a sunat \u015fi m-a \u00eentrebat<br \/>\nce este cu aceast\u0103 situa\u0163ie. I-am r\u0103spuns: \u00ab\u015etii c\u0103 \u00ee\u0163i sunt loial. Am trimis<br \/>\nclubul s\u0103 vorbeasc\u0103 direct cu tine. Dac\u0103 \u00eemi spui c\u0103 nu plec, atunci nu plec\u00bb.<\/p>\n<p>publicitate&#8221;); background-position: center center; background-repeat: no-repeat;&#8221;&gt;<\/p>\n<p>A\u015f fi putut s\u0103 plec, dar nu am f\u0103cut-o pentru c\u0103 \u00eei eram<br \/>\nloial lui Savvidis \u015fi pentru c\u0103 nu voiam s\u0103 dezam\u0103gesc suporterii echipei. \u015ei<br \/>\nanul trecut a existat interes din partea unui alt club, dar i-am trimis la<br \/>\nPAOK. Anul acesta \u00eens\u0103 totul a fost diferit. Eram la Bucure\u015fti \u015fi PAOK c\u0103uta un<br \/>\nantrenor care s\u0103 m\u0103 \u00eenlocuiasc\u0103. Vorbeau cu al\u0163i antrenori, \u015ftia\u0163i asta? \u015ei<br \/>\n\u015fti\u0163i foarte bine c\u0103 lumea fotbalului este mic\u0103 \u015fi toate informa\u0163iile circul\u0103,<br \/>\najung \u015fi la noi.\u00a0 Eu voiam s\u0103 r\u0103m\u00e2n, de\u015fi<br \/>\ncelelalte cluburi m\u0103 presau destul de mult. Nici m\u0103car nu am intrat \u00een<br \/>\nnegocieri cu ele.\u00a0 Nu mi-a pl\u0103cut aceast\u0103<br \/>\nsitua\u0163ie. Eu am avut cea mai sincer\u0103 atitudine posibil\u0103 \u015fi, pentru c\u0103 nu am<br \/>\nprimit aceea\u015fi sinceritate \u00een schimb, le-am spus clar c\u0103 mai am un an de<br \/>\ncontract. Am plecat de la PAOK f\u0103r\u0103 s\u0103 primesc desp\u0103gubiri. Iar cei care spun<br \/>\nc\u0103 am urm\u0103rit bani sunt oameni m\u0103run\u0163i, care nu au realizat nimic \u00een via\u0163a lor.<br \/>\nAm plecat de la PAOK dup\u0103 ce am fost pl\u0103tit doar pentru munca pe care am<br \/>\nprestat-o\u201d, a declarat R\u0103zvan Lucescu, conform Metrosport, citat\u0103 de orangesport.ro.<\/p>\n","protected":false},"excerpt":{"rendered":"R\u0103zvan Lucescu nu va r\u0103m\u00e2ne mult timp \u0219omer dup\u0103 desp\u0103r\u021birea de PAOK Salonic. Tehnicianul \u00een v\u00e2rst\u0103 de 57&hellip;\n","protected":false},"author":2,"featured_media":218332,"comment_status":"","ping_status":"","sticky":false,"template":"","format":"standard","meta":{"footnotes":"","_share_on_mastodon":"0"},"categories":[20],"tags":[2385,76,2466,41,40,38,39,185,184],"class_list":["post-218331","post","type-post","status-publish","format-standard","has-post-thumbnail","category-sport","tag-paok","tag-qatar","tag-razvan-lucescu","tag-ro","tag-romana","tag-romania","tag-romanian","tag-sport","tag-sports"],"share_on_mastodon":{"url":"https:\/\/pubeurope.com\/@ro\/116832826133645493","error":""},"_links":{"self":[{"href":"https:\/\/www.europesays.com\/ro\/wp-json\/wp\/v2\/posts\/218331","targetHints":{"allow":["GET"]}}],"collection":[{"href":"https:\/\/www.europesays.com\/ro\/wp-json\/wp\/v2\/posts"}],"about":[{"href":"https:\/\/www.europesays.com\/ro\/wp-json\/wp\/v2\/types\/post"}],"author":[{"embeddable":true,"href":"https:\/\/www.europesays.com\/ro\/wp-json\/wp\/v2\/users\/2"}],"replies":[{"embeddable":true,"href":"https:\/\/www.europesays.com\/ro\/wp-json\/wp\/v2\/comments?post=218331"}],"version-history":[{"count":0,"href":"https:\/\/www.europesays.com\/ro\/wp-json\/wp\/v2\/posts\/218331\/revisions"}],"wp:featuredmedia":[{"embeddable":true,"href":"https:\/\/www.europesays.com\/ro\/wp-json\/wp\/v2\/media\/218332"}],"wp:attachment":[{"href":"https:\/\/www.europesays.com\/ro\/wp-json\/wp\/v2\/media?parent=218331"}],"wp:term":[{"taxonomy":"category","embeddable":true,"href":"https:\/\/www.europesays.com\/ro\/wp-json\/wp\/v2\/categories?post=218331"},{"taxonomy":"post_tag","embeddable":true,"href":"https:\/\/www.europesays.com\/ro\/wp-json\/wp\/v2\/tags?post=218331"}],"curies":[{"name":"wp","href":"https:\/\/api.w.org\/{rel}","templated":true}]}}