{"id":218892,"date":"2026-06-29T21:00:13","date_gmt":"2026-06-29T21:00:13","guid":{"rendered":"https:\/\/www.europesays.com\/ro\/218892\/"},"modified":"2026-06-29T21:00:13","modified_gmt":"2026-06-29T21:00:13","slug":"ford-reangajeaza-ingineri-dupa-ce-inteligenta-artificiala-nu-a-putut-inlocui-experienta-oamenilor","status":"publish","type":"post","link":"https:\/\/www.europesays.com\/ro\/218892\/","title":{"rendered":"Ford reangajeaz\u0103 ingineri dup\u0103 ce inteligen\u021ba artificial\u0103 nu a putut \u00eenlocui experien\u021ba oamenilor"},"content":{"rendered":"<p id=\"p-0\">Ford a reangajat peste 300 de speciali\u0219ti cu experien\u021b\u0103 \u00een controlul calit\u0103\u021bii, dup\u0103 ce sistemele bazate pe inteligen\u021b\u0103 artificial\u0103 nu au reu\u0219it s\u0103 \u00eenlocuiasc\u0103 nivelul de expertiz\u0103 al inginerilor veterani, potrivit Bloomberg.<\/p>\n<p id=\"p-1\">Constructorul auto american a introdus \u00een ultimii ani tehnologii AI \u00een mai multe zone ale activit\u0103\u021bii sale, inclusiv \u00een fabrici, unde a instalat sute de camere inteligente pentru depistarea problemelor de calitate. Compania spera ca aceste sisteme s\u0103 ajute la reducerea costurilor \u0219i la cre\u0219terea productivit\u0103\u021bii.<\/p>\n<p id=\"p-2\">Rezultatele nu au fost \u00eens\u0103 cele a\u0219teptate. Charles Poon, vicepre\u0219edinte pentru ingineria componentelor hardware ale vehiculelor la Ford, a declarat c\u0103 inteligen\u021ba artificial\u0103 este un instrument util, dar depinde foarte mult de informa\u021biile pe baza c\u0103rora este antrenat\u0103.<\/p>\n<p id=\"p-3\">\u201eInteligen\u021ba artificial\u0103 este un instrument fantastic, dar este la fel de bun\u0103 ca informa\u021biile pe care le folose\u0219ti pentru a o antrena\u201d, a spus Poon.<\/p>\n<p id=\"p-4\">El a explicat c\u0103 Ford nu a valorificat suficient experien\u021ba inginerilor care au lucrat la mai multe genera\u021bii de produse. Mul\u021bi dintre ace\u0219tia plecaser\u0103 deja din companie \u00eenainte ca experien\u021ba lor s\u0103 poat\u0103 fi folosit\u0103 pentru \u00eembun\u0103t\u0103\u021birea sistemelor automatizate.<\/p>\n<p id=\"p-5\">\u201eAm crezut, \u00een mod gre\u0219it, c\u0103 simpla introducere a inteligen\u021bei artificiale \u0219i alimentarea ei cu cerin\u021bele noastre de proiectare vor duce la un produs de \u00eenalt\u0103 calitate\u201d, a mai spus oficialul Ford.<\/p>\n<p id=\"p-6\">Potrivit Bloomberg, angaja\u021bii rechema\u021bi au fost folosi\u021bi pentru a antrena sistemele AI ale companiei, dar \u0219i pentru a-i \u00eendruma pe angaja\u021bii mai tineri.<\/p>\n","protected":false},"excerpt":{"rendered":"Ford a reangajat peste 300 de speciali\u0219ti cu experien\u021b\u0103 \u00een controlul calit\u0103\u021bii, dup\u0103 ce sistemele bazate pe inteligen\u021b\u0103&hellip;\n","protected":false},"author":2,"featured_media":218893,"comment_status":"","ping_status":"","sticky":false,"template":"","format":"standard","meta":{"footnotes":"","_share_on_mastodon":"0"},"categories":[12],"tags":[1129,6903,32,33,31,36,37,4494,27,2367,179,74,34,35,25,41,40,38,39,26,124,28,29,30,71,72,73],"class_list":["post-218892","post","type-post","status-publish","format-standard","has-post-thumbnail","category-international","tag-ai","tag-angajari","tag-breaking-news","tag-breakingnews","tag-cele-mai-populare-subiecte","tag-featured-news","tag-featurednews","tag-ford","tag-headlines","tag-ingineri","tag-inteligenta-artificiala","tag-international","tag-latest-news","tag-latestnews","tag-news","tag-ro","tag-romana","tag-romania","tag-romanian","tag-stiri","tag-tehnologie","tag-titluri","tag-top-stories","tag-topstories","tag-world","tag-world-news","tag-worldnews"],"share_on_mastodon":{"url":"https:\/\/pubeurope.com\/@ro\/116835413029255930","error":""},"_links":{"self":[{"href":"https:\/\/www.europesays.com\/ro\/wp-json\/wp\/v2\/posts\/218892","targetHints":{"allow":["GET"]}}],"collection":[{"href":"https:\/\/www.europesays.com\/ro\/wp-json\/wp\/v2\/posts"}],"about":[{"href":"https:\/\/www.europesays.com\/ro\/wp-json\/wp\/v2\/types\/post"}],"author":[{"embeddable":true,"href":"https:\/\/www.europesays.com\/ro\/wp-json\/wp\/v2\/users\/2"}],"replies":[{"embeddable":true,"href":"https:\/\/www.europesays.com\/ro\/wp-json\/wp\/v2\/comments?post=218892"}],"version-history":[{"count":0,"href":"https:\/\/www.europesays.com\/ro\/wp-json\/wp\/v2\/posts\/218892\/revisions"}],"wp:featuredmedia":[{"embeddable":true,"href":"https:\/\/www.europesays.com\/ro\/wp-json\/wp\/v2\/media\/218893"}],"wp:attachment":[{"href":"https:\/\/www.europesays.com\/ro\/wp-json\/wp\/v2\/media?parent=218892"}],"wp:term":[{"taxonomy":"category","embeddable":true,"href":"https:\/\/www.europesays.com\/ro\/wp-json\/wp\/v2\/categories?post=218892"},{"taxonomy":"post_tag","embeddable":true,"href":"https:\/\/www.europesays.com\/ro\/wp-json\/wp\/v2\/tags?post=218892"}],"curies":[{"name":"wp","href":"https:\/\/api.w.org\/{rel}","templated":true}]}}