{"id":21892,"date":"2025-10-17T11:25:06","date_gmt":"2025-10-17T11:25:06","guid":{"rendered":"https:\/\/www.europesays.com\/ro\/21892\/"},"modified":"2025-10-17T11:25:06","modified_gmt":"2025-10-17T11:25:06","slug":"moartea-fondatorului-mango-investigata-de-politia-spaniola-fiul-miliardarului-suspect-de-omucidere","status":"publish","type":"post","link":"https:\/\/www.europesays.com\/ro\/21892\/","title":{"rendered":"Moartea fondatorului Mango investigat\u0103 de poli\u021bia spaniol\u0103. Fiul miliardarului, suspect de omucidere"},"content":{"rendered":"<p id=\"p-0\">Andic, \u00een v\u00e2rst\u0103 de 71 de ani, a murit \u00een decembrie 2024, dup\u0103 ce a c\u0103zut de la o \u00een\u0103l\u021bime de peste 100 de metri \u00een timp ce f\u0103cea drume\u021bii cu fiul s\u0103u mai mare, Jonathan, \u00een mun\u021bii Montserrat, l\u00e2ng\u0103 Barcelona.<\/p>\n<p id=\"p-1\">Poli\u021bia a considerat ini\u021bial c\u0103 moartea a fost accidental\u0103, dar acum \u00eel investigheaz\u0103 pe Jonathan pentru o posibil\u0103 omucidere, a raportat joi seara cotidianul El Pais, cit\u00e2nd \u201ediferite surse cu cuno\u0219tin\u021be despre anchet\u0103\u201d.<\/p>\n<p id=\"p-2\">Jonathan, care era singura persoan\u0103 care se afla al\u0103turi de tat\u0103l s\u0103u \u00een momentul incidentului, a dat m\u0103rturii \u201eincoerente\u201d \u00een dou\u0103 declara\u021bii, ceea ce \u201ea alimentat suspiciunile\u201d, a afirmat cotidianul.<\/p>\n<p id=\"p-3\">Ziarul La Vanguardia din Barcelona, cit\u00e2nd \u0219i el surse cu cuno\u0219tin\u021be despre anchet\u0103, a afirmat c\u0103 judec\u0103torul de instruc\u021bie a schimbat oficial statutul lui Jonathan de la martor la suspect la sf\u00e2r\u0219itul lunii septembrie \u0219i c\u0103 poli\u021bia a verificat con\u021binutul telefonului s\u0103u mobil.<\/p>\n<p id=\"p-4\">Ziarele au afirmat c\u0103 poli\u021bia a citat \u0219i m\u0103rturia partenerei lui Isak Andic, juc\u0103toarea profesionist\u0103 de golf Estefania Knuth, care a descris rela\u021biile tensionate dintre tat\u0103 \u0219i fiu.<\/p>\n<p id=\"p-5\">Contactate de AFP, surse din poli\u021bia regional\u0103 catalan\u0103 au confirmat c\u0103 ancheta este \u00een curs, f\u0103r\u0103 a oferi detalii suplimentare, deoarece cazul r\u0103m\u00e2ne sub secret judiciar.<\/p>\n<p id=\"p-6\">Familia Andic \u201eeste \u00eencrez\u0103toare c\u0103 acest proces se va \u00eencheia c\u00e2t mai cur\u00e2nd posibil \u0219i c\u0103 nevinov\u0103\u021bia lui Jonathan Andic va fi demonstrat\u0103\u201d, potrivit purt\u0103torilor de cuv\u00e2nt ai acesteia cita\u021bi de El Pais.<\/p>\n<p id=\"p-7\">Traseul pe care Isak Andic \u0219i fiul s\u0103u \u00eel parcurgeau, care leag\u0103 pe\u0219terile Salnitre din Collbato de m\u0103n\u0103stirea Montserrat, este un traseu simplu, popular \u00een r\u00e2ndul familiilor \u00een weekenduri.<\/p>\n<p id=\"p-8\">N\u0103scut la Istanbul, Isak Andic era unul dintre cei mai boga\u021bi oameni din Spania, Forbes estim\u00e2nd averea sa \u0219i a familiei sale la 4,5 miliarde de dolari.<\/p>\n<p id=\"p-9\">Andic a deschis primul s\u0103u magazin \u00een Barcelona \u00een 1984. Brandul s\u0103u Mango s-a extins rapid \u00een toat\u0103 Spania \u0219i a devenit unul dintre cele mai importante grupuri de mod\u0103 din lume, oferind at\u00e2t stiluri profesionale, c\u00e2t \u0219i casual, cu o prezen\u021b\u0103 \u00een peste 120 de pie\u021be \u0219i peste 16.400 de angaja\u021bi \u00een \u00eentreaga lume.<\/p>\n","protected":false},"excerpt":{"rendered":"Andic, \u00een v\u00e2rst\u0103 de 71 de ani, a murit \u00een decembrie 2024, dup\u0103 ce a c\u0103zut de la&hellip;\n","protected":false},"author":2,"featured_media":21893,"comment_status":"","ping_status":"","sticky":false,"template":"","format":"standard","meta":{"footnotes":"","_share_on_mastodon":"0"},"categories":[12],"tags":[32,33,31,36,37,27,74,10432,34,35,10433,25,41,40,38,39,563,26,28,29,30,71,72,73],"class_list":["post-21892","post","type-post","status-publish","format-standard","has-post-thumbnail","category-international","tag-breaking-news","tag-breakingnews","tag-cele-mai-populare-subiecte","tag-featured-news","tag-featurednews","tag-headlines","tag-international","tag-isak-andic","tag-latest-news","tag-latestnews","tag-mango","tag-news","tag-ro","tag-romana","tag-romania","tag-romanian","tag-spania","tag-stiri","tag-titluri","tag-top-stories","tag-topstories","tag-world","tag-world-news","tag-worldnews"],"share_on_mastodon":{"url":"","error":""},"_links":{"self":[{"href":"https:\/\/www.europesays.com\/ro\/wp-json\/wp\/v2\/posts\/21892","targetHints":{"allow":["GET"]}}],"collection":[{"href":"https:\/\/www.europesays.com\/ro\/wp-json\/wp\/v2\/posts"}],"about":[{"href":"https:\/\/www.europesays.com\/ro\/wp-json\/wp\/v2\/types\/post"}],"author":[{"embeddable":true,"href":"https:\/\/www.europesays.com\/ro\/wp-json\/wp\/v2\/users\/2"}],"replies":[{"embeddable":true,"href":"https:\/\/www.europesays.com\/ro\/wp-json\/wp\/v2\/comments?post=21892"}],"version-history":[{"count":0,"href":"https:\/\/www.europesays.com\/ro\/wp-json\/wp\/v2\/posts\/21892\/revisions"}],"wp:featuredmedia":[{"embeddable":true,"href":"https:\/\/www.europesays.com\/ro\/wp-json\/wp\/v2\/media\/21893"}],"wp:attachment":[{"href":"https:\/\/www.europesays.com\/ro\/wp-json\/wp\/v2\/media?parent=21892"}],"wp:term":[{"taxonomy":"category","embeddable":true,"href":"https:\/\/www.europesays.com\/ro\/wp-json\/wp\/v2\/categories?post=21892"},{"taxonomy":"post_tag","embeddable":true,"href":"https:\/\/www.europesays.com\/ro\/wp-json\/wp\/v2\/tags?post=21892"}],"curies":[{"name":"wp","href":"https:\/\/api.w.org\/{rel}","templated":true}]}}