{"id":219191,"date":"2026-06-30T08:30:11","date_gmt":"2026-06-30T08:30:11","guid":{"rendered":"https:\/\/www.europesays.com\/ro\/219191\/"},"modified":"2026-06-30T08:30:11","modified_gmt":"2026-06-30T08:30:11","slug":"razvan-lucescu-a-confirmat-acordul-anuntul-facut-de-tehnicianul-roman-voi-semna","status":"publish","type":"post","link":"https:\/\/www.europesays.com\/ro\/219191\/","title":{"rendered":"R\u0103zvan Lucescu a confirmat acordul! Anun\u021bul f\u0103cut de tehnicianul rom\u00e2n: \u201eVoi semna!\u201d"},"content":{"rendered":"<ul class=\"bullets\">&#13;<\/p>\n<li>R\u0103zvan Lucescu (57 de ani) a confirmat c\u0103 a ajuns la un acord cu Al-Sadd, una dintre cele mai puternice echipe din Qatar.<\/li>\n<p>&#13;\n<\/ul>\n<p><a id=\"google-source-button\" class=\"google-favorite\" target=\"_blank\" href=\"https:\/\/www.google.com\/preferences\/source?q=golazo.ro\" rel=\"nofollow noopener\"><\/p>\n<p>        <img decoding=\"async\" src=\"https:\/\/golazo.ro\/images\/google-logo.svg\" alt=\"\"\/><br \/>\n        <img decoding=\"async\" src=\"https:\/\/golazo.ro\/images\/check-icon-2.svg\" alt=\"\"\/><\/p>\n<p>    Adaug\u0103 GOLAZO.ro la favorite<\/p>\n<p><\/a><\/p>\n<p class=\"\">Lucescu Jr. s-a desp\u0103r\u021bit recent de PAOK Salonic, echip\u0103 la care a scris istorie, iar acum va \u00eencepe un nou capitol profesional la Al-Sadd, echip\u0103 care a pus cap\u0103t colabor\u0103rii cu Roberto Mancini.<\/p>\n<p>R\u0103zvan Lucescu a confirmat acordul cu Al-Sadd<\/p>\n<p class=\"\">De\u0219i au existat mai multe discu\u021bii, inclusiv cu Al-Ittihad, o for\u021b\u0103 a campionatului saudit, R\u0103zvan Lucescu a decis unde \u00ee\u0219i va continua cariera, scrie <a target=\"_blank\" href=\"https:\/\/www.fanatik.ro\/bomba-de-la-miezul-noptii-razvan-lucescu-s-a-inteles-cu-noua-echipa-pe-un-salariu-urias-voi-semna-exclusiv-21498037\" rel=\"nofollow noopener\">fanatik.ro<\/a>.<\/p>\n<p class=\"\">\u00centrebat dac\u0103 a ajuns la un acord cu Al-Sadd, R\u0103zvan Lucescu a transmis un mesaj scurt: \u201eVoi semna!\u201d. <\/p>\n<p class=\"\">R\u0103zvan Lucescu va avea un contract pe durata a dou\u0103 sezoane cu forma\u021bia din Qatar, urm\u00e2nd s\u0103 \u00eencaseze 3,5 milioane de euro pe sezon, men\u021bioneaz\u0103 sursa citat\u0103.<\/p>\n<p class=\"\">De-a lungul timpului, R\u0103zvan Lucescu a mai antrenat dou\u0103 echipe \u00een zona arab\u0103, pe El Jaish (Qatar) \u0219i Al-Hilal (Arabia Saudit\u0103), echip\u0103 al\u0103turi de care a c\u00e2\u0219tigat Liga Campionilor Asiei \u00een 2019.<\/p>\n<p>Al-Sadd, antrenat\u0103 \u00een trecut de nume mari ale fotbalului <\/p>\n<p class=\"\">Al-Sadd este cel mai titrat club din Qatar \u0219i a c\u00e2\u0219tigat campionatul \u00een sezonul precedent. Are \u00een palmares 19 titluri, 9 Cupe ale Qatarului, 19 Cupe ale Emirului \u0219i 15 Supercupe. A cucerit de dou\u0103 ori Liga Campionilor Asiei.<\/p>\n<p class=\"\">La echipa din Qatar au mai antrenat \u00een trecut al\u021bi doi rom\u00e2ni: Ilie Balaci (2001-2002) \u0219i Cosmin Ol\u0103roiu (2009-2010).<\/p>\n<p class=\"\">\u00cen afar\u0103 de Ol\u0103roiu \u0219i Balaci, gruparea qatarez\u0103 a mai fost antrenat\u0103 \u0219i de Xavi, fostul juc\u0103tor legendar al Barcelonei, care ulterior a \u0219i antrenat gruparea catalan\u0103, plec\u00e2nd chiar de la Al-Sadd, \u00een 2021. <\/p>\n<p>Cite\u0219te \u0219i<\/p>\n<p>VIDEO: cele mai noi imagini din sport<\/p>\n","protected":false},"excerpt":{"rendered":"&#13; R\u0103zvan Lucescu (57 de ani) a confirmat c\u0103 a ajuns la un acord cu Al-Sadd, una dintre&hellip;\n","protected":false},"author":2,"featured_media":219192,"comment_status":"","ping_status":"","sticky":false,"template":"","format":"standard","meta":{"footnotes":"","_share_on_mastodon":"0"},"categories":[20],"tags":[10565,45913,351,76,2466,41,40,38,39,185,184],"class_list":["post-219191","post","type-post","status-publish","format-standard","has-post-thumbnail","category-sport","tag-acord","tag-al-sadd","tag-antrenor","tag-qatar","tag-razvan-lucescu","tag-ro","tag-romana","tag-romania","tag-romanian","tag-sport","tag-sports"],"share_on_mastodon":{"url":"https:\/\/pubeurope.com\/@ro\/116838126782660841","error":""},"_links":{"self":[{"href":"https:\/\/www.europesays.com\/ro\/wp-json\/wp\/v2\/posts\/219191","targetHints":{"allow":["GET"]}}],"collection":[{"href":"https:\/\/www.europesays.com\/ro\/wp-json\/wp\/v2\/posts"}],"about":[{"href":"https:\/\/www.europesays.com\/ro\/wp-json\/wp\/v2\/types\/post"}],"author":[{"embeddable":true,"href":"https:\/\/www.europesays.com\/ro\/wp-json\/wp\/v2\/users\/2"}],"replies":[{"embeddable":true,"href":"https:\/\/www.europesays.com\/ro\/wp-json\/wp\/v2\/comments?post=219191"}],"version-history":[{"count":0,"href":"https:\/\/www.europesays.com\/ro\/wp-json\/wp\/v2\/posts\/219191\/revisions"}],"wp:featuredmedia":[{"embeddable":true,"href":"https:\/\/www.europesays.com\/ro\/wp-json\/wp\/v2\/media\/219192"}],"wp:attachment":[{"href":"https:\/\/www.europesays.com\/ro\/wp-json\/wp\/v2\/media?parent=219191"}],"wp:term":[{"taxonomy":"category","embeddable":true,"href":"https:\/\/www.europesays.com\/ro\/wp-json\/wp\/v2\/categories?post=219191"},{"taxonomy":"post_tag","embeddable":true,"href":"https:\/\/www.europesays.com\/ro\/wp-json\/wp\/v2\/tags?post=219191"}],"curies":[{"name":"wp","href":"https:\/\/api.w.org\/{rel}","templated":true}]}}