{"id":219208,"date":"2026-06-30T08:51:08","date_gmt":"2026-06-30T08:51:08","guid":{"rendered":"https:\/\/www.europesays.com\/ro\/219208\/"},"modified":"2026-06-30T08:51:08","modified_gmt":"2026-06-30T08:51:08","slug":"fostul-capitan-al-nationalei-s-a-despartit-de-fcsb-anuntul-clubului","status":"publish","type":"post","link":"https:\/\/www.europesays.com\/ro\/219208\/","title":{"rendered":"Fostul c\u0103pitan al na\u021bionalei s-a desp\u0103r\u021bit de FCSB. Anun\u021bul clubului"},"content":{"rendered":"<p>Marti, 30 Iunie 2026, ora 09:55<\/p>\n<p>1058 citiri<\/p>\n<p><a class=\"news__image\" data-href=\"https:\/\/s1.ziareromania.ro\/?mmid=29d8956b0ea50c00f0\" data-size=\"1024x768\" title=\"Fostul c\u0103pitan al na\u021bionalei s-a desp\u0103r\u021bit de FCSB. Anun\u021bul clubului\"><img decoding=\"async\" src=\"https:\/\/www.europesays.com\/ro\/wp-content\/uploads\/2026\/06\/Fostul-c--pitan-al-na--ionalei-s-a-desp--r--it-de-FCSB--Anun--ul-clubului.jpg\" alt=\"Fostul c\u0103pitan al na\u021bionalei s-a desp\u0103r\u021bit de FCSB. Anun\u021bul clubului\" title=\"Fostul c\u0103pitan al na\u021bionalei s-a desp\u0103r\u021bit de FCSB. Anun\u021bul clubului\" class=\"img-responsive\"\/><\/a><\/p>\n<p>Vlad Chiriche\u0219 FOTO Facebook FCSB<\/p>\n<p><a href=\"https:\/\/ziare.com\/fcsb\/\" title=\"FCSB\" rel=\"nofollow noopener\" target=\"_blank\">FCSB<\/a> anun\u021b\u0103 c\u0103 mar\u021bi se \u00eencheie \u00een mod oficial aventura \u00een ro\u0219-albastru a lui Vlad Chiriche\u0219, unul dintre juc\u0103torii de talie interna\u021bional\u0103 care au \u00eembr\u0103cat tricoul echipei de-a lungul timpului.<\/p>\n<p>Numitorul comun a dou\u0103 genera\u021bii de excep\u021bie din istoria clubului, Vlad Chiriche\u0219, va r\u0103m\u00e2ne \u00een memoria colectiv\u0103 datorit\u0103 celor 4 titluri de campion \u0219i a celor trei Supercupe ale Rom\u00e2niei ob\u021binute, dar, mai ales, gra\u021bie golurilor de generic \u00eenscrise \u00een sezonul 2012-2013 al <a href=\"https:\/\/ziare.com\/uefa\/\" title=\"UEFA\" rel=\"nofollow noopener\" target=\"_blank\">UEFA<\/a> <a href=\"https:\/\/ziare.com\/fotbal\/europa-league\/\" title=\"Europa League\" rel=\"nofollow noopener\" target=\"_blank\">Europa League<\/a>, \u00eempotriva celor de la Molde, Ajax sau <a href=\"https:\/\/ziare.com\/chelsea\/\" title=\"Chelsea\" rel=\"nofollow noopener\" target=\"_blank\">Chelsea<\/a>.<\/p>\n<p>Sau, mai recent, contra celor de la <a href=\"https:\/\/ziare.com\/cfr-cluj\/\" title=\"CFR Cluj\" rel=\"nofollow noopener\" target=\"_blank\">CFR Cluj<\/a>, c\u00e2nd a \u00eencununat evolu\u021biile de excep\u021bie din play-off-ul sezonului 2024-2025 cu un gol \u00eenscris din afara careului, pe Arena Na\u021bional\u0103.<\/p>\n<p>\u201dUn exemplu de profesionalism \u0219i devotament, fostul c\u0103pitan al echipei na\u021bionale, pe care a reprezentat-o de 78 de ori, este unul dintre juc\u0103torii care au contribuit decisiv la succesele majore ale echipei noastre pe plan european \u0219i va avea parte \u00eentotdeauna de respectul \u0219i aprecierea tuturor celor care fac parte din familia ro\u0219-albastr\u0103\u201d, a notat <a href=\"https:\/\/ziare.com\/fotbal\/fcsb\/\" title=\"FCSB\" rel=\"nofollow noopener\" target=\"_blank\">FCSB<\/a>.<\/p>\n<p>Vlad Chiriche\u0219 a revenit la FCSB \u00een 2023, la 10 ani dup\u0103 ce a p\u0103r\u0103sit echipa pentru <a href=\"https:\/\/ziare.com\/fc-tottenham-hotspur\/\" title=\"Tottenham Hotspur\" rel=\"nofollow noopener\" target=\"_blank\">Tottenham Hotspur<\/a>.<\/p>\n<p>El a mai evoluat \u00een ace\u0219ti zece ani petrecu\u021bi \u00een str\u0103in\u0103tate \u0219i pentru SSC <a href=\"https:\/\/ziare.com\/napoli\/\" title=\"Napoli\" rel=\"nofollow noopener\" target=\"_blank\">Napoli<\/a>, US Sassuolo \u0219i US Cremonese.<\/p>\n<p>\u021ai-a pl\u0103cut articolul?<\/p>\n<p> Vrem s\u0103 producem mai multe, \u00eens\u0103 avem nevoie de sus\u021binerea ta. Orice dona\u021bie conteaz\u0103 pentru jurnalismul independent <\/p>\n","protected":false},"excerpt":{"rendered":"Marti, 30 Iunie 2026, ora 09:55 1058 citiri Vlad Chiriche\u0219 FOTO Facebook FCSB FCSB anun\u021b\u0103 c\u0103 mar\u021bi se&hellip;\n","protected":false},"author":2,"featured_media":219209,"comment_status":"","ping_status":"","sticky":false,"template":"","format":"standard","meta":{"footnotes":"","_share_on_mastodon":"0"},"categories":[20],"tags":[992,8192,4842,269,1033,41,40,38,39,185,184,61289],"class_list":["post-219208","post","type-post","status-publish","format-standard","has-post-thumbnail","category-sport","tag-anunt","tag-capitan","tag-despartire","tag-fcsb","tag-nationala","tag-ro","tag-romana","tag-romania","tag-romanian","tag-sport","tag-sports","tag-vlad-chiriche"],"share_on_mastodon":{"url":"https:\/\/pubeurope.com\/@ro\/116838209027860134","error":""},"_links":{"self":[{"href":"https:\/\/www.europesays.com\/ro\/wp-json\/wp\/v2\/posts\/219208","targetHints":{"allow":["GET"]}}],"collection":[{"href":"https:\/\/www.europesays.com\/ro\/wp-json\/wp\/v2\/posts"}],"about":[{"href":"https:\/\/www.europesays.com\/ro\/wp-json\/wp\/v2\/types\/post"}],"author":[{"embeddable":true,"href":"https:\/\/www.europesays.com\/ro\/wp-json\/wp\/v2\/users\/2"}],"replies":[{"embeddable":true,"href":"https:\/\/www.europesays.com\/ro\/wp-json\/wp\/v2\/comments?post=219208"}],"version-history":[{"count":0,"href":"https:\/\/www.europesays.com\/ro\/wp-json\/wp\/v2\/posts\/219208\/revisions"}],"wp:featuredmedia":[{"embeddable":true,"href":"https:\/\/www.europesays.com\/ro\/wp-json\/wp\/v2\/media\/219209"}],"wp:attachment":[{"href":"https:\/\/www.europesays.com\/ro\/wp-json\/wp\/v2\/media?parent=219208"}],"wp:term":[{"taxonomy":"category","embeddable":true,"href":"https:\/\/www.europesays.com\/ro\/wp-json\/wp\/v2\/categories?post=219208"},{"taxonomy":"post_tag","embeddable":true,"href":"https:\/\/www.europesays.com\/ro\/wp-json\/wp\/v2\/tags?post=219208"}],"curies":[{"name":"wp","href":"https:\/\/api.w.org\/{rel}","templated":true}]}}