{"id":219270,"date":"2026-06-30T09:53:13","date_gmt":"2026-06-30T09:53:13","guid":{"rendered":"https:\/\/www.europesays.com\/ro\/219270\/"},"modified":"2026-06-30T09:53:13","modified_gmt":"2026-06-30T09:53:13","slug":"djokovic-laude-pentru-primul-lui-adversar-de-la-wimbledon-dupa-meci-merita-aplauze-m-a-pus-sub-o-anumita-presiune","status":"publish","type":"post","link":"https:\/\/www.europesays.com\/ro\/219270\/","title":{"rendered":"Djokovic, laude pentru primul lui adversar de la Wimbledon, dup\u0103 meci: \u201eMerit\u0103 aplauze. M-a pus sub o anumit\u0103 presiune\u201d"},"content":{"rendered":"<p>Marti, 30 Iunie 2026, ora 07:04<\/p>\n<p>945 citiri<\/p>\n<p><a class=\"news__image\" data-href=\"https:\/\/s2.ziareromania.ro\/?mmid=caf8756acf74863695\" data-size=\"1024x576\" title=\"Djokovic, laude pentru primul lui adversar de la Wimbledon, dup\u0103 meci: \u201eMerit\u0103 aplauze. M-a pus sub o anumit\u0103 presiune\u201d\"><img decoding=\"async\" src=\"https:\/\/www.europesays.com\/ro\/wp-content\/uploads\/2026\/06\/Djokovic--laude-pentru-primul-lui-adversar-de-la-Wimbledon--dup---meci-----Merit---aplauze--M-a-pus-.jpeg\" alt=\"Djokovic, laude pentru primul lui adversar de la Wimbledon, dup\u0103 meci: \u201eMerit\u0103 aplauze. M-a pus sub o anumit\u0103 presiune\u201d\" title=\"Djokovic, laude pentru primul lui adversar de la Wimbledon, dup\u0103 meci: \u201eMerit\u0103 aplauze. M-a pus sub o anumit\u0103 presiune\u201d\" class=\"img-responsive\"\/><\/a><\/p>\n<p>Novak Djokovic FOTO X Wimbledon<\/p>\n<p>Juc\u0103torul s\u00e2rb de tenis <a href=\"https:\/\/ziare.com\/novak-djokovici\/\" title=\"Novak Djokovici\" rel=\"nofollow noopener\" target=\"_blank\">Novak Djokovici<\/a>, favorit 7, s-a calificat, luni sear\u0103, \u00een turul doi la <a href=\"https:\/\/ziare.com\/tenis\/wimbledon\/\" title=\"Wimbledon\" rel=\"nofollow noopener\" target=\"_blank\">Wimbledon<\/a>, al treilea grand slam al anului.<\/p>\n<p>S\u00e2rbul l-a \u00eenvins pe chinezul Wu Yibing (6-4, 5-7, 6-4, 6-4) pentru a \u00eencheia prima sesiune pe terenul central.<\/p>\n<p>Meciul cu num\u0103rul 102 mondial a durat pu\u021bin peste trei ore.<\/p>\n<p>La finalul meciului, Djokovic s-a declarat \u00eenc\u00e2ntat de presta\u021bia adversarului s\u0103u: \u201eEvident, este mai bine atunci c\u00e2nd c\u00e2\u0219tigi. Nu este prima dat\u0103 c\u00e2nd ar\u0103t \u0219i vorbesc despre importan\u021ba pe care o are Wimbledon pentru mine \u0219i pentru via\u021ba mea. A fost o adev\u0103rat\u0103 provocare ast\u0103zi, iar Wu, v\u0103 rog, merit\u0103 aplauze la scen\u0103 deschis\u0103 pentru o evolu\u021bie incredibil\u0103. \u00cen ceea ce prive\u0219te \u00eentrebarea dumneavoastr\u0103 despre cum m\u0103 simt, m\u0103 simt fericit, dar nu chiar at\u00e2t de proasp\u0103t. M-a pus sub o anumit\u0103 presiune, \u0219tiu c\u0103 \u00eei place s\u0103 loveasc\u0103 mingea agresiv, a prins liniile \u0219i cu siguran\u021b\u0103 m-a surprins cu nivelul loviturilor sale. Forehand, backhand, serviciu, nu a avut nicio sl\u0103biciune. Poate c\u0103 nu ar fi trebuit s\u0103 c\u00e2\u0219tig setul al patrulea, dar c\u00e2nd joci pe aceast\u0103 suprafa\u021b\u0103 \u0219i \u00een astfel de meciuri, totul se decide la doar c\u00e2teva puncte. Din fericire, am o experien\u021b\u0103 de peste 20 de ani pe acest teren, a\u0219a c\u0103 reu\u0219esc s\u0103 m\u0103 descurc. Ar fi minunat s\u0103 combini experien\u021ba cu un corp t\u00e2n\u0103r. Sper c\u0103 v-a\u021bi bucurat cu to\u021bii de spectacolul de pe Terenul Central\u201d.<\/p>\n<p>Djokovici \u00eel va \u00eenfrunta pe grecul <a href=\"https:\/\/ziare.com\/stefanos-tsitsipas\/\" title=\"Stefanos Tsitsipas\" rel=\"nofollow noopener\" target=\"_blank\">Stefanos Tsitsipas<\/a> \u00een runda urm\u0103toare.<\/p>\n<p>\u021ai-a pl\u0103cut articolul?<\/p>\n<p> Vrem s\u0103 producem mai multe, \u00eens\u0103 avem nevoie de sus\u021binerea ta. Orice dona\u021bie conteaz\u0103 pentru jurnalismul independent <\/p>\n","protected":false},"excerpt":{"rendered":"Marti, 30 Iunie 2026, ora 07:04 945 citiri Novak Djokovic FOTO X Wimbledon Juc\u0103torul s\u00e2rb de tenis Novak&hellip;\n","protected":false},"author":2,"featured_media":219271,"comment_status":"","ping_status":"","sticky":false,"template":"","format":"standard","meta":{"footnotes":"","_share_on_mastodon":"0"},"categories":[5],"tags":[32,33,31,36,37,27,34,35,25,2221,41,40,38,39,26,657,28,29,30,14764,61307],"class_list":["post-219270","post","type-post","status-publish","format-standard","has-post-thumbnail","category-titluri","tag-breaking-news","tag-breakingnews","tag-cele-mai-populare-subiecte","tag-featured-news","tag-featurednews","tag-headlines","tag-latest-news","tag-latestnews","tag-news","tag-novak-djokovic","tag-ro","tag-romana","tag-romania","tag-romanian","tag-stiri","tag-tenis","tag-titluri","tag-top-stories","tag-topstories","tag-wimbledon","tag-wu-yibing"],"share_on_mastodon":{"url":"https:\/\/pubeurope.com\/@ro\/116838452909694324","error":""},"_links":{"self":[{"href":"https:\/\/www.europesays.com\/ro\/wp-json\/wp\/v2\/posts\/219270","targetHints":{"allow":["GET"]}}],"collection":[{"href":"https:\/\/www.europesays.com\/ro\/wp-json\/wp\/v2\/posts"}],"about":[{"href":"https:\/\/www.europesays.com\/ro\/wp-json\/wp\/v2\/types\/post"}],"author":[{"embeddable":true,"href":"https:\/\/www.europesays.com\/ro\/wp-json\/wp\/v2\/users\/2"}],"replies":[{"embeddable":true,"href":"https:\/\/www.europesays.com\/ro\/wp-json\/wp\/v2\/comments?post=219270"}],"version-history":[{"count":0,"href":"https:\/\/www.europesays.com\/ro\/wp-json\/wp\/v2\/posts\/219270\/revisions"}],"wp:featuredmedia":[{"embeddable":true,"href":"https:\/\/www.europesays.com\/ro\/wp-json\/wp\/v2\/media\/219271"}],"wp:attachment":[{"href":"https:\/\/www.europesays.com\/ro\/wp-json\/wp\/v2\/media?parent=219270"}],"wp:term":[{"taxonomy":"category","embeddable":true,"href":"https:\/\/www.europesays.com\/ro\/wp-json\/wp\/v2\/categories?post=219270"},{"taxonomy":"post_tag","embeddable":true,"href":"https:\/\/www.europesays.com\/ro\/wp-json\/wp\/v2\/tags?post=219270"}],"curies":[{"name":"wp","href":"https:\/\/api.w.org\/{rel}","templated":true}]}}