{"id":219627,"date":"2026-06-30T18:54:09","date_gmt":"2026-06-30T18:54:09","guid":{"rendered":"https:\/\/www.europesays.com\/ro\/219627\/"},"modified":"2026-06-30T18:54:09","modified_gmt":"2026-06-30T18:54:09","slug":"trei-luni-de-la-decesul-lui-mircea-lucescu-fiul-marelui-antrenor-critici-aspre-la-adresa-presei-lor-nu-le-era-rusine-el-suferea","status":"publish","type":"post","link":"https:\/\/www.europesays.com\/ro\/219627\/","title":{"rendered":"Trei luni de la decesul lui Mircea Lucescu. Fiul marelui antrenor, critici aspre la adresa presei: \u201eLor nu le era ru\u0219ine. El suferea!\u201d"},"content":{"rendered":"<p>La aproape trei luni de la dispari\u021bia lui Mircea Lucescu, fiul s\u0103u, R\u0103zvan, continu\u0103 s\u0103 resimt\u0103 durerea pierderii \u0219i\u00a0<a href=\"https:\/\/adevarul.ro\/sport\/razvan-lucescu-a-izbucnit-in-lacrimi-la-ceremonia-2537172.html\" rel=\"nofollow noopener\" target=\"_blank\">vorbe\u0219te cu am\u0103r\u0103ciune despre modul \u00een care o parte a presei l-a tratat pe fostul mare antrenor<\/a>\u00a0\u00een ultimii ani de via\u021b\u0103.<\/p>\n<p>\t\t\t<img decoding=\"async\" src=\"https:\/\/www.europesays.com\/ro\/wp-content\/uploads\/2026\/06\/1782845649_64_index.png\" alt=\"Mircea Lucescu, omagiat pe Arena Na\u021bional\u0103 Foto\/Sportpictures\" width=\"1400\" height=\"750\" loading=\"eager\" fetchpriority=\"high\" class=\"svelte-h45upf\"\/><\/p>\n<p>Mircea Lucescu, omagiat pe Arena Na\u021bional\u0103 Foto\/Sportpictures<\/p>\n<p>publicitate&#8221;); background-position: center center; background-repeat: no-repeat;&#8221;&gt;<\/p>\n<p>\u201eSuferea c\u00e2nd sim\u021bea c\u0103 se scriu lucruri nedrepte despre el!\u201d<\/p>\n<p>Actualul tehnician consider\u0103 c\u0103 au existat numeroase informa\u021bii false \u0219i atacuri nedrepte la adresa tat\u0103lui s\u0103u, decedat pe 7 aprilie 2025.<\/p>\n<p>\u201e\u0218tiu foarte bine c\u0103 selec\u021bionerul na\u021bionalei este mereu \u021binta criticilor. Era un om care intra mereu \u00een conflict cu jurnali\u0219tii, \u00eei suna, \u00eencerc\u00e2nd s\u0103-i conving\u0103 de ideile sale.\u00a0Suferea c\u00e2nd sim\u021bea c\u0103 se scriu lucruri nedrepte despre el \u0219i se lovea de oameni lipsi\u021bi de caracter. Nu \u00een\u021beleg cum nu le era ru\u0219ine acelor oameni de minciunile pe care le spuneau.\u00a0M\u0103 g\u00e2ndesc la p\u0103rin\u021bii lor, la educa\u021bia pe care au primit-o de la ace\u0219tia. Dar, \u00een fine, el a suferit, \u0219i totu\u0219i a p\u0103strat pasiunea pentru joc.\u00a0<\/p>\n<p>L-a afectat enorm meciul cu Turcia. Pentru mine, ceea ce a realizat este impresionant. Iar reac\u021bia lumii la moartea sa? A fost ceva \u0219ocant.\u00a0Totu\u0219i, mi-ar pl\u0103cea s\u0103-l v\u0103d z\u00e2mbind de acolo de sus, acesta ar fi cel mai frumos lucru pentru mine. S\u0103-l v\u0103d z\u00e2mbind \u0219i s\u0103 simt c\u0103 e fericit. Uneori simt nevoia s\u0103-l sun!\u201d, a spus el, conform\u00a0<a href=\"https:\/\/www.youtube.com\/watch?v=4p9hs0tdunw\" rel=\"nofollow noopener\" target=\"_blank\">Foxbet Channel<\/a>.<\/p>\n<p>\t\t\t\u201eSper s\u0103 reu\u0219esc s\u0103-i calc pe urme, s\u0103-l fac m\u00e2ndru!\u201d<\/p>\n<p>\u00centre timp, R\u0103zvan Lucescu se preg\u0103te\u0219te pentru o nou\u0103 provocare \u00een carier\u0103. Dup\u0103 desp\u0103r\u021birea de PAOK Salonic, oficializat\u0103 pe 19 iunie,\u00a0<a href=\"https:\/\/adevarul.ro\/sport\/razvan-lucescu-va-antrena-in-qatar-presa-din-2536550.html\" rel=\"nofollow noopener\" target=\"_blank\">antrenorul rom\u00e2n este foarte aproape de a prelua forma\u021bia Al-Sadd din Qata<\/a>r.<\/p>\n<p>publicitate&#8221;); background-position: center center; background-repeat: no-repeat;&#8221;&gt;<\/p>\n<p>Potrivit jurnali\u0219tilor din Grecia, forma\u021bia\u00a0din Qatar \u00eei va oferi<a href=\"https:\/\/adevarul.ro\/sport\/razvan-lucescu-a-dat-lovitura-ce-salariu-urias-va-2539576.html\" rel=\"nofollow noopener\" target=\"_blank\"> un salariu de aproximativ 5 milioane de euro pe sezon\u00a0tehnicianului rom\u00e2n<\/a>. Suma este considerabil mai mare dec\u00e2t cea pe care R\u0103zvan Lucescu\u00a0o \u00eencasa la PAOK, unde era remunerat cu circa 3,5 milioane de euro anual.<\/p>\n<p>\u201eSunt foarte trist \u0219i tulburat c\u00e2nd v\u0103d imagini de la \u00eenmorm\u00e2ntare. A fost ceva cu adev\u0103rat incredibil.\u00a0M\u0103 \u00eentreb dac\u0103 el a \u00een\u021beles ce a realizat, ce a reu\u0219it cu adev\u0103rat \u00een aceast\u0103 via\u021b\u0103.\u00a0Da, \u0219tiu c\u0103 a tr\u0103it acele momente, via\u021ba lui a fost ca un puzzle. Pies\u0103 cu pies\u0103, le-a a\u0219ezat \u0219i a creat acest puzzle, tr\u0103ind la maximum fiecare moment.<\/p>\n<p>S-a bucurat de victorii, a fost fericit, dar e foarte interesant s\u0103 prive\u0219ti de sus imaginea de ansamblu a acestui puzzle.\u00a0\u0218i nu \u0219tiu dac\u0103 \u0219i-a dat seama de asta, pentru c\u0103 finalul vie\u021bii tat\u0103lui meu a fost unul complicat, av\u00e2nd \u00een vedere c\u0103 era selec\u021bionerul na\u021bionalei Rom\u00e2niei\u00a0De exemplu, c\u00e2nd am o problem\u0103, a\u0219 vrea s\u0103-l sun, dar nu pot\u2026\u00een fine, pentru mine a fost un model. Din toate punctele de vedere.\u00a0A fost un tat\u0103 grozav, un antrenor uria\u0219, \u0219i sper s\u0103 reu\u0219esc s\u0103-i calc pe urme, s\u0103-l fac m\u00e2ndru!\u201d, a mai spus R\u0103zvan Lucescu, conform sursei citate anterior.<\/p>\n","protected":false},"excerpt":{"rendered":"La aproape trei luni de la dispari\u021bia lui Mircea Lucescu, fiul s\u0103u, R\u0103zvan, continu\u0103 s\u0103 resimt\u0103 durerea pierderii&hellip;\n","protected":false},"author":2,"featured_media":219628,"comment_status":"","ping_status":"","sticky":false,"template":"","format":"standard","meta":{"footnotes":"","_share_on_mastodon":"0"},"categories":[20],"tags":[584,4121,2466,41,40,38,39,185,184],"class_list":["post-219627","post","type-post","status-publish","format-standard","has-post-thumbnail","category-sport","tag-mircea-lucescu","tag-paok-salonic","tag-razvan-lucescu","tag-ro","tag-romana","tag-romania","tag-romanian","tag-sport","tag-sports"],"share_on_mastodon":{"url":"https:\/\/pubeurope.com\/@ro\/116840580567208435","error":""},"_links":{"self":[{"href":"https:\/\/www.europesays.com\/ro\/wp-json\/wp\/v2\/posts\/219627","targetHints":{"allow":["GET"]}}],"collection":[{"href":"https:\/\/www.europesays.com\/ro\/wp-json\/wp\/v2\/posts"}],"about":[{"href":"https:\/\/www.europesays.com\/ro\/wp-json\/wp\/v2\/types\/post"}],"author":[{"embeddable":true,"href":"https:\/\/www.europesays.com\/ro\/wp-json\/wp\/v2\/users\/2"}],"replies":[{"embeddable":true,"href":"https:\/\/www.europesays.com\/ro\/wp-json\/wp\/v2\/comments?post=219627"}],"version-history":[{"count":0,"href":"https:\/\/www.europesays.com\/ro\/wp-json\/wp\/v2\/posts\/219627\/revisions"}],"wp:featuredmedia":[{"embeddable":true,"href":"https:\/\/www.europesays.com\/ro\/wp-json\/wp\/v2\/media\/219628"}],"wp:attachment":[{"href":"https:\/\/www.europesays.com\/ro\/wp-json\/wp\/v2\/media?parent=219627"}],"wp:term":[{"taxonomy":"category","embeddable":true,"href":"https:\/\/www.europesays.com\/ro\/wp-json\/wp\/v2\/categories?post=219627"},{"taxonomy":"post_tag","embeddable":true,"href":"https:\/\/www.europesays.com\/ro\/wp-json\/wp\/v2\/tags?post=219627"}],"curies":[{"name":"wp","href":"https:\/\/api.w.org\/{rel}","templated":true}]}}