{"id":219715,"date":"2026-06-30T20:43:11","date_gmt":"2026-06-30T20:43:11","guid":{"rendered":"https:\/\/www.europesays.com\/ro\/219715\/"},"modified":"2026-06-30T20:43:11","modified_gmt":"2026-06-30T20:43:11","slug":"schisma-in-interiorul-bisericii-catolice-papa-leon-transmite-un-ultim-apel-catre-comunitatea-sfantul-pius-al-x-lea","status":"publish","type":"post","link":"https:\/\/www.europesays.com\/ro\/219715\/","title":{"rendered":"Schism\u0103 \u00een interiorul Bisericii Catolice. Papa Leon transmite un &#8221;ultim apel&#8221; c\u0103tre comunitatea &#8221;Sf\u00e2ntul Pius al X-lea&#8221;"},"content":{"rendered":"<p>Marti, 30 Iunie 2026, ora 20:12<\/p>\n<p>1048 citiri<\/p>\n<p><a class=\"news__image\" data-href=\"https:\/\/s2.ziareromania.ro\/?mmid=1f25456b0c258f18f0\" data-size=\"1024x683\" title=\"Schism\u0103 \u00een interiorul Bisericii Catolice. Papa Leon transmite un &quot;ultim apel&quot; c\u0103tre comunitatea &quot;Sf\u00e2ntul Pius al X-lea&quot;\"><img decoding=\"async\" src=\"https:\/\/www.europesays.com\/ro\/wp-content\/uploads\/2026\/06\/Schism-----n-interiorul-Bisericii-Catolice--Papa-Leon-transmite-un--ultim-apel--c--tre-comunitatea--.jpeg\" alt=\"Schism\u0103 \u00een interiorul Bisericii Catolice. Papa Leon transmite un &quot;ultim apel&quot; c\u0103tre comunitatea &quot;Sf\u00e2ntul Pius al X-lea&quot;\" title=\"Schism\u0103 \u00een interiorul Bisericii Catolice. Papa Leon transmite un &quot;ultim apel&quot; c\u0103tre comunitatea &quot;Sf\u00e2ntul Pius al X-lea&quot;\" class=\"img-responsive\"\/><\/a><\/p>\n<p>Papa Leon &#8211; FOTO: Vatican<\/p>\n<p><a href=\"https:\/\/ziare.com\/papa-leon\/\" title=\"Papa Leon\" rel=\"nofollow noopener\" target=\"_blank\">Papa Leon<\/a> al XVI-lea a lansat un ultim apel adresat Fraternit\u0103\u021bii Sacerdotale Sf\u00e2ntul Pius al X-lea, c\u0103reia \u00eei cere \u201ds\u0103 renun\u021be la planul s\u0103u\u201d de a consacra patru noi episcopi &#8211; f\u0103r\u0103 acordul Vaticanului, o ini\u021biativ\u0103 care va constitui o schism\u0103 fa\u021b\u0103 de Roma, relateaz\u0103 AFP.<\/p>\n<p>Aceast\u0103 comunitate catolic\u0103 tradi\u021bionalist\u0103, cu sediul la Ec\u00f4ne, \u00een Elve\u021bia, influent\u0103 \u00een mediile conservatoare, \u0219i-a anun\u021bat inten\u021bia de a-\u0219i ordina, la 1 iulie, proprii episcopi, f\u0103r\u0103 acordul Vaticanului.<\/p>\n<p>Din punctul de vedere al Vaticanului, acest lucru va reprezenta un act direct de nesubordonare, care va antrena o excomunicare automat\u0103 a episcopilor respectivi.<\/p>\n<p>Fraternitatea Sf. Pius al X-lea &#8211; \u00eenfiin\u021bat\u0103 \u00een 1970, la Ec\u00f4ne, de c\u0103tre episcopul francez Marcel Lefebvre &#8211; respinge \u00een bloc schimb\u0103rile din Biserica catolic\u0103 de dup\u0103 Conciliul Vatican II (1962-1965), care a transformat \u00een mod profund institu\u021bia.<\/p>\n<p>Credincio\u0219ii s\u0103i sunt ata\u0219a\u021bi unei interpret\u0103ri stricte a tradi\u021biei doctrinale \u0219i liturgice, \u0219i anume messa de rit &#8222;tridentin&#8221;, caracterizat\u0103 prin folosirea latinei \u0219i un preot care oficiaz\u0103 cu spatele la mul\u021bime.<\/p>\n<p>&#8222;V\u0103 implor din ad\u00e2ncul sufletului, reveni\u021bi asupra deciziei!&#8221;, scrie Leon al XVI-lea \u00een aceast\u0103 scrisoare adresat\u0103 superiorului general al Fraternit\u0103\u021bii, datat\u0103 la 29 iunie \u0219i f\u0103cut\u0103 public\u0103 mar\u021bi de c\u0103tre Vatican.<\/p>\n<p><a href=\"https:\/\/ziare.com\/international\/papa\/\" title=\"Papa\" rel=\"nofollow noopener\" target=\"_blank\">Papa<\/a> american cere comunit\u0103\u021bii s\u0103 &#8222;ia \u00een considera\u021bie bun\u0103starea spiritual\u0103 a credincio\u0219ilor&#8221; &#8211; al c\u0103ror num\u0103r este estimat la 600.000 de oameni.<\/p>\n<p>El subliniaz\u0103 c\u0103, \u00een cazul unei schisme, sacramentele &#8211; c\u0103s\u0103toria sau spovedirea &#8211; administrate de c\u0103tre episcopi &#8211; \u00een prezent \u00een num\u0103r de doi &#8211; nu vor mai fi recunoscute de c\u0103tre Biserica Catolic\u0103.<\/p>\n<p>&#8222;M\u0103 rog pentru voi, pentru c\u0103 sf\u00e2\u0219ierea tunicii f\u0103r\u0103 cus\u0103tur\u0103 a lui Cristos este un p\u0103cat de o extrem\u0103 gravitate. Fie ca Dumnezeu s\u0103 v\u0103 lumineze con\u0219tiin\u021bele \u0219i s\u0103 v\u0103 trezeasc\u0103 inimile. Prin autoritatea primit\u0103 de la Cristos, cu inima grea, dar plin\u0103 de speran\u021b\u0103, m\u0103 simt obligat s\u0103 v\u0103 cer s\u0103 renun\u021ba\u021bi la planul vostru&#8221;, adaug\u0103 el.<\/p>\n<p>\u00cen 1988, Papa Ioan Paul al II-lea a lansat un apel similar Fraternit\u0103\u021bii, pentru a o descuraja s\u0103 ordineze noi episcopi, \u00eens\u0103 \u00een zadar.<\/p>\n<p>Aceast\u0103 ordinare a antrenat, atunci, o excomunicare imediat\u0103, care a fost ridicat\u0103 \u00een 2009.<\/p>\n<p>\u021ai-a pl\u0103cut articolul?<\/p>\n<p> Vrem s\u0103 producem mai multe, \u00eens\u0103 avem nevoie de sus\u021binerea ta. Orice dona\u021bie conteaz\u0103 pentru jurnalismul independent <\/p>\n","protected":false},"excerpt":{"rendered":"Marti, 30 Iunie 2026, ora 20:12 1048 citiri Papa Leon &#8211; FOTO: Vatican Papa Leon al XVI-lea a&hellip;\n","protected":false},"author":2,"featured_media":219716,"comment_status":"","ping_status":"","sticky":false,"template":"","format":"standard","meta":{"footnotes":"","_share_on_mastodon":"0"},"categories":[12],"tags":[15514,32,33,14444,31,4924,61437,36,37,27,74,34,35,25,663,4012,41,40,38,39,61436,26,28,29,30,71,72,73],"class_list":["post-219715","post","type-post","status-publish","format-standard","has-post-thumbnail","category-international","tag-biserica-catolica","tag-breaking-news","tag-breakingnews","tag-catolici","tag-cele-mai-populare-subiecte","tag-elvetia","tag-episcopi","tag-featured-news","tag-featurednews","tag-headlines","tag-international","tag-latest-news","tag-latestnews","tag-news","tag-papa-leon","tag-religie","tag-ro","tag-romana","tag-romania","tag-romanian","tag-sfantul-pius","tag-stiri","tag-titluri","tag-top-stories","tag-topstories","tag-world","tag-world-news","tag-worldnews"],"share_on_mastodon":{"url":"https:\/\/pubeurope.com\/@ro\/116841008930100284","error":""},"_links":{"self":[{"href":"https:\/\/www.europesays.com\/ro\/wp-json\/wp\/v2\/posts\/219715","targetHints":{"allow":["GET"]}}],"collection":[{"href":"https:\/\/www.europesays.com\/ro\/wp-json\/wp\/v2\/posts"}],"about":[{"href":"https:\/\/www.europesays.com\/ro\/wp-json\/wp\/v2\/types\/post"}],"author":[{"embeddable":true,"href":"https:\/\/www.europesays.com\/ro\/wp-json\/wp\/v2\/users\/2"}],"replies":[{"embeddable":true,"href":"https:\/\/www.europesays.com\/ro\/wp-json\/wp\/v2\/comments?post=219715"}],"version-history":[{"count":0,"href":"https:\/\/www.europesays.com\/ro\/wp-json\/wp\/v2\/posts\/219715\/revisions"}],"wp:featuredmedia":[{"embeddable":true,"href":"https:\/\/www.europesays.com\/ro\/wp-json\/wp\/v2\/media\/219716"}],"wp:attachment":[{"href":"https:\/\/www.europesays.com\/ro\/wp-json\/wp\/v2\/media?parent=219715"}],"wp:term":[{"taxonomy":"category","embeddable":true,"href":"https:\/\/www.europesays.com\/ro\/wp-json\/wp\/v2\/categories?post=219715"},{"taxonomy":"post_tag","embeddable":true,"href":"https:\/\/www.europesays.com\/ro\/wp-json\/wp\/v2\/tags?post=219715"}],"curies":[{"name":"wp","href":"https:\/\/api.w.org\/{rel}","templated":true}]}}