{"id":219870,"date":"2026-07-01T04:57:10","date_gmt":"2026-07-01T04:57:10","guid":{"rendered":"https:\/\/www.europesays.com\/ro\/219870\/"},"modified":"2026-07-01T04:57:10","modified_gmt":"2026-07-01T04:57:10","slug":"despartire-soc-la-hollywood-courteney-cox-si-johnny-mcdaid-si-au-spus-adio-dupa-mai-bine-de-10-ani-de-iubire","status":"publish","type":"post","link":"https:\/\/www.europesays.com\/ro\/219870\/","title":{"rendered":"Desp\u0103r\u021bire \u0219oc la Hollywood! Courteney Cox \u0219i Johnny McDaid \u0219i-au spus adio dup\u0103 mai bine de 10 ani de iubire"},"content":{"rendered":"<p>                        <a href=\"https:\/\/www.protv.ro\/autorii\/2-alina-popa\" class=\"author -image\" rel=\"nofollow noopener\" target=\"_blank\"><\/p>\n<p>                                <img loading=\"lazy\" decoding=\"async\" data- src=\"https:\/\/www.europesays.com\/ro\/wp-content\/uploads\/2026\/06\/1782671593_333_9f9cd187-3fc3-4571-b343-47fb8734168c.jpeg\" width=\"48\" height=\"48\" alt=\"Alina Popa\" class=\"img-fluid lazyload\"\/><\/p>\n<p>                        <\/a><\/p>\n<p class=\"lead\">\n            Dup\u0103 mai bine de un deceniu de iubire, Courteney Cox \u0219i Johnny McDaid au decis s\u0103 mearg\u0103 pe drumuri separate. Actri\u021ba din \u201eFriends\u201d \u0219i muzicianul nu au confirmat oficial desp\u0103r\u021birea, \u00eens\u0103 surse apropriate au declarat c\u0103 ruptura s-a produs \u00een secret la sf\u00e2r\u0219itul anului trecut.\n        <\/p>\n<p>Potrivit unor apropia\u021bi ai cuplului, separarea a avut loc \u00een condi\u021bii amiabile. Sursele au declarat pentru <a href=\"https:\/\/www.dailymail.com\/news\/article-15934709\/Courteney-Cox-separates-Snow-Patrol-Johnny-McDaid.html\" target=\"_blank\" rel=\"nofollow noopener\">Daily Mail<\/a> c\u0103, pur \u0219i simplu, cei doi au ajuns \u00eentr-un punct \u00een care duceau \u201evie\u021bi diferite\u201d.<\/p>\n<p>Courteney Cox, \u00een v\u00e2rst\u0103 de 62 de ani, cunoscut\u0103 \u00een \u00eentreaga lume pentru rolul Monic\u0103i Geller din serialul \u201eFriends\u201d, locuie\u0219te \u00een Los Angeles. \u00cen schimb, Johnny McDaid, \u00een v\u00e2rst\u0103 de 49 de ani \u0219i originar din Irlanda de Nord, \u0219i-a petrecut cea mai mare parte a timpului \u00een Londra, de\u0219i, \u00een timpul rela\u021biei, cei doi \u00ee\u0219i \u00eemp\u0103r\u021beau timpul \u00eentre Statele Unite \u0219i Marea Britanie.<\/p>\n<p>\u201eJohnny vorbe\u0219te \u00eentotdeauna foarte frumos despre Courteney. Au avut o rela\u021bie profund\u0103 \u0219i au r\u0103mas \u00een rela\u021bii excelente. Sunt prieteni foarte buni \u0219i \u021bin enorm unul la cel\u0103lalt. Nu a fost o desp\u0103r\u021bire cu scandal. Pur \u0219i simplu au ajuns \u00eentr-un punct \u00een care tr\u0103iau vie\u021bi separate\u201d, a declarat un apropiat al cuplului potrivit sursei citate mai sus.<\/p>\n<p>Cum s-au cunoscut\u00a0Courteney Cox \u0219i Johnny McDaid<\/p>\n<p>Courteney Cox \u0219i Johnny McDaid s-au cunoscut \u00een 2013 prin intermediul unor prieteni comuni, printre care \u0219i Ed Sheeran.<\/p>\n<p>McDaid este unul dintre cei mai apropia\u021bi colaboratori ai lui Ed Sheeran \u0219i unul dintre cei mai aprecia\u021bi compozitori din culisele industriei muzicale. El a semnat, al\u0103turi de artistul britanic, unele dintre cele mai mari hituri ale acestuia, precum \u201eShape of You\u201d, \u201ePhotograph\u201d, \u201eBad Habits\u201d \u0219i \u201eShivers\u201d.<\/p>\n<p>Cei doi \u0219i-au anun\u021bat logodna \u00een anul urm\u0103tor, iar de\u0219i s-au desp\u0103r\u021bit pentru scurt timp la sf\u00e2r\u0219itul lui 2015, s-au \u00eemp\u0103cat \u00een 2016 \u0219i au r\u0103mas \u00eempreun\u0103 p\u00e2n\u0103 recent.<\/p>\n<p>\u00cen mai multe interviuri, Courteney Cox a declarat c\u0103 este \u201erecunosc\u0103toare\u201d pentru desp\u0103r\u021birea temporar\u0103, deoarece aceasta le-a f\u0103cut rela\u021bia \u0219i mai puternic\u0103. La r\u00e2ndul s\u0103u, Johnny McDaid a vorbit despre c\u00e2t de \u201enorocos\u201d se considera c\u0103 tr\u0103ie\u0219te o poveste de dragoste al\u0103turi de actri\u021b\u0103.<\/p>\n<p>Cei doi au fost v\u0103zu\u021bi ultima dat\u0103 \u00eempreun\u0103 \u00een august anul trecut, la o \u00eent\u00e2lnire dubl\u0103 \u00een Malibu, al\u0103turi de colega lui Courteney din Friends, Jennifer Aniston, \u0219i de iubitul ei, expertul \u00een wellness Jim Curtis.<\/p>\n<p>Ultimele fotografii cu Courteney Cox \u0219i Johnny McDaid \u00eempreun\u0103 au fost realizate \u00een septembrie, la US Open.<\/p>\n<p>Daily Mail scrie c\u0103 Johnny McDaid s-ar afla deja la \u00eenceputul unei noi rela\u021bii. \u00cen ceea ce o prive\u0219te pe Courteney Cox, aceasta a fost surprins\u0103 recent la New York al\u0103turi de colegul s\u0103u din serialul \u201eShining Vale\u201d, Greg Kinnear, care a fost v\u0103zut ie\u0219ind din apartamentul actri\u021bei. De\u0219i \u00een serial interpreteaz\u0103 un cuplu c\u0103s\u0103torit, cei doi au precizat c\u0103 sunt doar prieteni foarte buni.<\/p>\n<p>Courteney Cox a r\u0103mas apropiat\u0103 \u0219i de fostul ei so\u021b, David Arquette, al\u0103turi de care are o fiic\u0103, Coco Arquette.<\/p>\n<p>Fotografii: Getty Images\/ Profimedia Images<\/p>\n<p>CITE\u0218TE \u0218I:<\/p>\n<p>\u200b<\/p>\n","protected":false},"excerpt":{"rendered":"Dup\u0103 mai bine de un deceniu de iubire, Courteney Cox \u0219i Johnny McDaid au decis s\u0103 mearg\u0103 pe&hellip;\n","protected":false},"author":2,"featured_media":219871,"comment_status":"","ping_status":"","sticky":false,"template":"","format":"standard","meta":{"footnotes":"","_share_on_mastodon":"0"},"categories":[18],"tags":[61484,4842,171,170,26522,41,40,38,39],"class_list":["post-219870","post","type-post","status-publish","format-standard","has-post-thumbnail","category-divertisment","tag-courtney-cox","tag-despartire","tag-divertisment","tag-entertainment","tag-friends","tag-ro","tag-romana","tag-romania","tag-romanian"],"share_on_mastodon":{"url":"https:\/\/pubeurope.com\/@ro\/116842951373978311","error":""},"_links":{"self":[{"href":"https:\/\/www.europesays.com\/ro\/wp-json\/wp\/v2\/posts\/219870","targetHints":{"allow":["GET"]}}],"collection":[{"href":"https:\/\/www.europesays.com\/ro\/wp-json\/wp\/v2\/posts"}],"about":[{"href":"https:\/\/www.europesays.com\/ro\/wp-json\/wp\/v2\/types\/post"}],"author":[{"embeddable":true,"href":"https:\/\/www.europesays.com\/ro\/wp-json\/wp\/v2\/users\/2"}],"replies":[{"embeddable":true,"href":"https:\/\/www.europesays.com\/ro\/wp-json\/wp\/v2\/comments?post=219870"}],"version-history":[{"count":0,"href":"https:\/\/www.europesays.com\/ro\/wp-json\/wp\/v2\/posts\/219870\/revisions"}],"wp:featuredmedia":[{"embeddable":true,"href":"https:\/\/www.europesays.com\/ro\/wp-json\/wp\/v2\/media\/219871"}],"wp:attachment":[{"href":"https:\/\/www.europesays.com\/ro\/wp-json\/wp\/v2\/media?parent=219870"}],"wp:term":[{"taxonomy":"category","embeddable":true,"href":"https:\/\/www.europesays.com\/ro\/wp-json\/wp\/v2\/categories?post=219870"},{"taxonomy":"post_tag","embeddable":true,"href":"https:\/\/www.europesays.com\/ro\/wp-json\/wp\/v2\/tags?post=219870"}],"curies":[{"name":"wp","href":"https:\/\/api.w.org\/{rel}","templated":true}]}}