{"id":220135,"date":"2026-07-01T09:59:09","date_gmt":"2026-07-01T09:59:09","guid":{"rendered":"https:\/\/www.europesays.com\/ro\/220135\/"},"modified":"2026-07-01T09:59:09","modified_gmt":"2026-07-01T09:59:09","slug":"gina-pistol-silueta-de-supermodel-in-costum-de-baie-imaginea-din-vacanta-din-italia-care-i-a-lasat-pe-fani-fara-cuvinte-perfecta","status":"publish","type":"post","link":"https:\/\/www.europesays.com\/ro\/220135\/","title":{"rendered":"Gina Pistol, siluet\u0103 de supermodel \u00een costum de baie! Imaginea din vacan\u021ba din Italia care i-a l\u0103sat pe fani f\u0103r\u0103 cuvinte: \u201ePerfect\u0103!\u201d"},"content":{"rendered":"<p>                Citeste mai mult despre:<br \/>\n                <a href=\"https:\/\/www.protv.ro\/tag\/902-gina-pistol\" class=\"keyword\" rel=\"nofollow noopener\" target=\"_blank\">Gina Pistol<\/a>,<\/p>\n<p>                        <a href=\"https:\/\/www.protv.ro\/autorii\/13-doina-goanta\" class=\"author -image\" rel=\"nofollow noopener\" target=\"_blank\"><\/p>\n<p>                                <img loading=\"lazy\" decoding=\"async\" data- src=\"https:\/\/www.europesays.com\/ro\/wp-content\/uploads\/2026\/07\/8a4ed3cb-752a-43d7-ae5f-f2792be6f5d4.jpeg\" width=\"48\" height=\"48\" alt=\"Doina Goan\u021b\u0103\" class=\"img-fluid lazyload\"\/><\/p>\n<p>                        <\/a><\/p>\n<p class=\"lead\">\n            Escapada Ginei Pistol \u0219i a lui Smiley \u00een sudul Italiei le ofer\u0103 fanilor imagini ca desprinse dintr-un album de vacan\u021b\u0103. Cei doi au publicat fotografii din zona Napoli \u0219i de pe insula Capri, \u00eens\u0103 cea care a st\u00e2rnit cele mai multe reac\u021bii a fost Gina, dup\u0103 ce a ap\u0103rut \u00eentr-un costum de baie ce i-a eviden\u021biat silueta impecabil\u0103.\n        <\/p>\n<p class=\"isSelectedEnd\">Vedeta \u0219i-a surprins fanii cu o apari\u021bie \u00een costum de baie, iar silueta sa a fost intens admirat\u0103. Cu un abdomen perfect tonifiat \u0219i o form\u0103 fizic\u0103 de invidiat, Gina pare c\u0103 \u0219i-a rec\u0103p\u0103tat silueta de dinainte de sarcin\u0103, dup\u0103 o perioad\u0103 lung\u0103 \u00een care a vorbit deschis despre lupta cu kilogramele \u00een plus.<\/p>\n<p class=\"isSelectedEnd\">Fotografia a str\u00e2ns rapid mii de aprecieri \u0219i zeci de comentarii din partea admiratorilor, care nu \u0219i-au ascuns entuziasmul. \u201eE\u0219ti fain\u0103 r\u0103u, Gina!!\u201d, \u201eCam bine\u201d, \u201ePerfect\u0103\u201d, \u201eGina, e\u0219ti superb\u0103!\u201d sunt doar c\u00e2teva dintre mesajele primite de prezentatoare.<\/p>\n<p>\u200b<\/p>\n<p class=\"isSelectedEnd\">Transformarea nu a venit peste noapte. <a href=\"https:\/\/www.protv.ro\/tag\/902-gina-pistol\" target=\"_blank\" rel=\"nofollow noopener\">Gina Pistol<\/a> a povestit \u00een repetate r\u00e2nduri c\u0103 \u00eenainte de a r\u0103m\u00e2ne \u00eens\u0103rcinat\u0103 c\u00e2nt\u0103rea \u00een jur de 53-54 de kilograme, \u00eens\u0103 \u00een timpul sarcinii a ajuns la aproximativ 80 de kilograme. Dup\u0103 na\u0219terea fiicei sale, procesul de revenire a fost unul dificil \u0219i a durat aproape patru ani. Vedeta a explicat c\u0103 \u0219i v\u00e2rsta a avut un rol important, deoarece metabolismul \u00eencetine\u0219te odat\u0103 cu \u00eenaintarea \u00een v\u00e2rst\u0103, iar sl\u0103bitul devine mai dificil.<\/p>\n<p class=\"isSelectedEnd\">La un moment dat, Gina a decis s\u0103 \u00eencerce o cur\u0103 de 12 zile bazat\u0103 pe un tip de lapte f\u0103r\u0103 cazein\u0103. Ea a spus c\u0103 principalul efect observat nu a fost neap\u0103rat pierderea kilogramelor, ci reducerea inflama\u021biei \u0219i a reten\u021biei de ap\u0103. Potrivit acesteia, \u00eencep\u00e2nd din a cincea zi a sim\u021bit c\u0103 organismul \u00eencepe s\u0103 se \u201edezumfle\u201d, iar c\u00e2ntarul confirma schimb\u0103rile de la o s\u0103pt\u0103m\u00e2n\u0103 la alta.<\/p>\n<p class=\"isSelectedEnd\">\u00cen prezent, Gina Pistol spune c\u0103 a revenit la aproximativ 53 de kilograme \u0219i c\u0103 \u00ee\u0219i men\u021bine forma prin disciplin\u0103. Face sport de trei ori pe s\u0103pt\u0103m\u00e2n\u0103 \u0219i a renun\u021bat la mesele haotice, aleg\u00e2nd un stil de via\u021b\u0103 mai echilibrat. Alimenta\u021bia ei este bazat\u0103 \u00een principal pe proteine, al\u0103turi de un cartof dulce \u0219i salat\u0103, iar schimb\u0103rile au f\u0103cut-o s\u0103 se simt\u0103 mult mai bine \u00een propria piele.<\/p>\n","protected":false},"excerpt":{"rendered":"Citeste mai mult despre: Gina Pistol, Escapada Ginei Pistol \u0219i a lui Smiley \u00een sudul Italiei le ofer\u0103&hellip;\n","protected":false},"author":2,"featured_media":220136,"comment_status":"","ping_status":"","sticky":false,"template":"","format":"standard","meta":{"footnotes":"","_share_on_mastodon":"0"},"categories":[18],"tags":[171,170,8318,41,40,38,39],"class_list":["post-220135","post","type-post","status-publish","format-standard","has-post-thumbnail","category-divertisment","tag-divertisment","tag-entertainment","tag-gina-pistol","tag-ro","tag-romana","tag-romania","tag-romanian"],"share_on_mastodon":{"url":"https:\/\/pubeurope.com\/@ro\/116844138778940700","error":""},"_links":{"self":[{"href":"https:\/\/www.europesays.com\/ro\/wp-json\/wp\/v2\/posts\/220135","targetHints":{"allow":["GET"]}}],"collection":[{"href":"https:\/\/www.europesays.com\/ro\/wp-json\/wp\/v2\/posts"}],"about":[{"href":"https:\/\/www.europesays.com\/ro\/wp-json\/wp\/v2\/types\/post"}],"author":[{"embeddable":true,"href":"https:\/\/www.europesays.com\/ro\/wp-json\/wp\/v2\/users\/2"}],"replies":[{"embeddable":true,"href":"https:\/\/www.europesays.com\/ro\/wp-json\/wp\/v2\/comments?post=220135"}],"version-history":[{"count":0,"href":"https:\/\/www.europesays.com\/ro\/wp-json\/wp\/v2\/posts\/220135\/revisions"}],"wp:featuredmedia":[{"embeddable":true,"href":"https:\/\/www.europesays.com\/ro\/wp-json\/wp\/v2\/media\/220136"}],"wp:attachment":[{"href":"https:\/\/www.europesays.com\/ro\/wp-json\/wp\/v2\/media?parent=220135"}],"wp:term":[{"taxonomy":"category","embeddable":true,"href":"https:\/\/www.europesays.com\/ro\/wp-json\/wp\/v2\/categories?post=220135"},{"taxonomy":"post_tag","embeddable":true,"href":"https:\/\/www.europesays.com\/ro\/wp-json\/wp\/v2\/tags?post=220135"}],"curies":[{"name":"wp","href":"https:\/\/api.w.org\/{rel}","templated":true}]}}