{"id":220141,"date":"2026-07-01T10:04:08","date_gmt":"2026-07-01T10:04:08","guid":{"rendered":"https:\/\/www.europesays.com\/ro\/220141\/"},"modified":"2026-07-01T10:04:08","modified_gmt":"2026-07-01T10:04:08","slug":"cata-dreptate-a-avut-premonitia-lui-maradona-despre-cm-2026-ei-o-sa-rupa-fotbalul","status":"publish","type":"post","link":"https:\/\/www.europesays.com\/ro\/220141\/","title":{"rendered":"C\u00e2t\u0103 dreptate a avut! Premoni\u021bia lui Maradona despre CM 2026: \u201eEi o s\u0103 rup\u0103 fotbalul\u201d"},"content":{"rendered":"<p>\n            Articol de <a rel=\"author nofollow noopener\" href=\"https:\/\/www.gsp.ro\/autor\/daniel-scorpie-62.html\" target=\"_blank\">Daniel Scorpie<\/a>            &#8211; Publicat miercuri, 01 iulie 2026,  11:04            \/ Actualizat miercuri, 01 iulie 2026 11:58                    <\/p>\n<p>Diego Armando Maradona, fostul campion mondial care s-a stins \u00een 2020 la v\u00e2rsta de 60 de ani, a prev\u0103zut din 2018 c\u0103 turneul final organizat \u00een <a class=\"autolink-enabled\" data-resource-id=\"1874\" data-resource-type=\"team\" data-sport=\"football\" href=\"https:\/\/www.gsp.ro\/rezultate-live\/echipa-teamname-1874\" rel=\"nofollow noopener\" target=\"_blank\">SUA<\/a>, Mexic \u0219i Canada va avea parte de schimb\u0103ri majore. Legendarul decar argentinian era convins c\u0103 meciurile vor fi \u00eemp\u0103r\u021bite \u00een America \u00een 4 sferturi, din ra\u021biuni publicitare.<\/p>\n<p class=\"do-not-hide\">Cu doi ani \u00eenaintea decesului, Diego Maradona a fost \u00eentrebat de presa din Argentina cum vede Cupa Mondial\u0103 ce avea s\u0103 fie g\u0103zduit\u0103 de trei \u021b\u0103ri de pe continentul nord-american. <\/p>\n<p class=\"do-not-hide\">C\u00e2\u0219tig\u0103torul titlului la edi\u021bia din Mexic 1986 n-a avut nicio \u00eendoial\u0103 asupra transform\u0103rii fotbalului \u00een beneficiului businessului \u0219i pe gustul publicului larg din Statele Unite.<\/p>\n<p>\u201eAmericanii vor face s\u0103 se joace patru reprize de 25 de minute cu pauze de reclame \u00eentre acestea\u201d, declara Diego Armando Maradona \u00eentr-un interviu din 2018 acordat TeleSur, care a devenit viral pe re\u021belele de socializare \u00een ultimele ore.<\/p>\n<p><img decoding=\"async\" src=\"https:\/\/www.europesays.com\/ro\/wp-content\/uploads\/2026\/07\/232ac824-ea89-445d-85d7-6e0b730c3d2f.jpg\" loading=\"lazy\" title=\"Pauze de hidratare de c\u00e2te 3 minute, nemaiv\u0103zute \u00een fotbal p\u00e2n\u0103 acum. Spa\u021biu larg de publicitate pentru televiziuni. Foto: Imago Images\" alt=\"C\u00e2t\u0103 dreptate a avut! Premoni\u021bia lui Maradona despre CM 2026: \u201eEi o s\u0103 rup\u0103 fotbalul\u201d\" width=\"738\" height=\"502\"\/><\/p>\n<p>Pauze de hidratare de c\u00e2te 3 minute, nemaiv\u0103zute \u00een fotbal p\u00e2n\u0103 acum. Spa\u021biu larg de publicitate pentru televiziuni. Foto: Imago Images<\/p>\n<p>Maradona: \u201eNu-mi place, nu mai exist\u0103 pasiune \u00een fotbal. Americanii vor s\u0103 se joace patru reprize pentru publicitate\u201d<\/p>\n<p>C\u00e2nd a fost \u00eentrebat de reporterul Victor Hugo Morales cum vede Cupa Mondial\u0103 din America de Nord, \u201eEl Pibe de Oro\u201d a r\u0103spuns: \u201eNu-mi place, nu exist\u0103 pasiune&#8230; Canadienii pot fi schiori buni \u0219i asta este tot ceea ce \u00ee\u0219i doresc.<\/p>\n<p>Americanii vor dori s\u0103 se joace patru reprize pentru publicitate \u0219i mexicanii continu\u0103 s\u0103 primeasc\u0103 Mondiale atunci c\u00e2nd nu merit\u0103, pentru c\u0103 imediat ce c\u00e2\u0219tig\u0103 dou\u0103 meciuri sunt elimina\u021bi din competi\u021bie\u201d.<\/p>\n<p>Inamic declarat al FIFA \u00eenc\u0103 din perioada \u00een care forul mondial era condus de Sepp Blatter, Diego Armando Maradona sim\u021bise c\u0103 \u0219efii fotbalulul aveau \u00een minte un astfel de plan \u00eenc\u0103 de la primul Mondial organizat \u00een SUA. Dar acesta a e\u0219uat \u00een 1994, iar acum a devenit realitate odat\u0103 cu pauzele de hidratare de la aceast\u0103 edi\u021bie m\u0103rit\u0103 la 48 de participante.<\/p>\n","protected":false},"excerpt":{"rendered":"Articol de Daniel Scorpie &#8211; Publicat miercuri, 01 iulie 2026, 11:04 \/ Actualizat miercuri, 01 iulie 2026 11:58&hellip;\n","protected":false},"author":2,"featured_media":220142,"comment_status":"","ping_status":"","sticky":false,"template":"","format":"standard","meta":{"footnotes":"","_share_on_mastodon":"0"},"categories":[5],"tags":[32,33,92,31,1602,36555,36,37,27,34,35,7053,25,8145,41,40,38,39,10251,26,77,28,29,30],"class_list":["post-220141","post","type-post","status-publish","format-standard","has-post-thumbnail","category-titluri","tag-breaking-news","tag-breakingnews","tag-canada","tag-cele-mai-populare-subiecte","tag-cm-2026","tag-diego-maradona","tag-featured-news","tag-featurednews","tag-headlines","tag-latest-news","tag-latestnews","tag-mexic","tag-news","tag-publicitate","tag-ro","tag-romana","tag-romania","tag-romanian","tag-sferturi","tag-stiri","tag-sua","tag-titluri","tag-top-stories","tag-topstories"],"share_on_mastodon":{"url":"https:\/\/pubeurope.com\/@ro\/116844158891777015","error":""},"_links":{"self":[{"href":"https:\/\/www.europesays.com\/ro\/wp-json\/wp\/v2\/posts\/220141","targetHints":{"allow":["GET"]}}],"collection":[{"href":"https:\/\/www.europesays.com\/ro\/wp-json\/wp\/v2\/posts"}],"about":[{"href":"https:\/\/www.europesays.com\/ro\/wp-json\/wp\/v2\/types\/post"}],"author":[{"embeddable":true,"href":"https:\/\/www.europesays.com\/ro\/wp-json\/wp\/v2\/users\/2"}],"replies":[{"embeddable":true,"href":"https:\/\/www.europesays.com\/ro\/wp-json\/wp\/v2\/comments?post=220141"}],"version-history":[{"count":0,"href":"https:\/\/www.europesays.com\/ro\/wp-json\/wp\/v2\/posts\/220141\/revisions"}],"wp:featuredmedia":[{"embeddable":true,"href":"https:\/\/www.europesays.com\/ro\/wp-json\/wp\/v2\/media\/220142"}],"wp:attachment":[{"href":"https:\/\/www.europesays.com\/ro\/wp-json\/wp\/v2\/media?parent=220141"}],"wp:term":[{"taxonomy":"category","embeddable":true,"href":"https:\/\/www.europesays.com\/ro\/wp-json\/wp\/v2\/categories?post=220141"},{"taxonomy":"post_tag","embeddable":true,"href":"https:\/\/www.europesays.com\/ro\/wp-json\/wp\/v2\/tags?post=220141"}],"curies":[{"name":"wp","href":"https:\/\/api.w.org\/{rel}","templated":true}]}}