{"id":220368,"date":"2026-07-01T13:49:11","date_gmt":"2026-07-01T13:49:11","guid":{"rendered":"https:\/\/www.europesays.com\/ro\/220368\/"},"modified":"2026-07-01T13:49:11","modified_gmt":"2026-07-01T13:49:11","slug":"continua-plecarile-la-dinamo-jucatorul-se-desparte-de-echipa-dupa-6-ani-ce-oferte-ar-avea","status":"publish","type":"post","link":"https:\/\/www.europesays.com\/ro\/220368\/","title":{"rendered":"Continu\u0103 plec\u0103rile la Dinamo.\u00a0Juc\u0103torul se desparte de echip\u0103 dup\u0103 6 ani! Ce oferte ar avea"},"content":{"rendered":"<ul class=\"bullets\">&#13;<\/p>\n<li>Dinamo se desparte de Costin Amz\u0103r (22 de ani), unul dintre cei mai vechi juc\u0103tori din lotul \u201ec\u00e2inilor\u201d.<\/li>\n<p>&#13;\n<\/ul>\n<p><a id=\"google-source-button\" class=\"google-favorite\" target=\"_blank\" href=\"https:\/\/www.google.com\/preferences\/source?q=golazo.ro\" rel=\"nofollow noopener\"><\/p>\n<p>        <img decoding=\"async\" src=\"https:\/\/golazo.ro\/images\/google-logo.svg\" alt=\"\"\/><br \/>\n        <img decoding=\"async\" src=\"https:\/\/golazo.ro\/images\/check-icon-2.svg\" alt=\"\"\/><\/p>\n<p>    Adaug\u0103 GOLAZO.ro la favorite<\/p>\n<p><\/a><\/p>\n<p class=\"\">\u00cen ultimele dou\u0103 sezoane, funda\u0219ul st\u00e2nga a fost \u00eemprumutat la Al-Nasr, din Emiratele Arabe Unite, echip\u0103 cu care tocmai <a target=\"_blank\" href=\"https:\/\/golazo.ro\/marius-marin-transfer-al-nasr-emiratele-arabe-unite-178713\" rel=\"nofollow noopener\">a semnat Marius Marin<\/a>.<\/p>\n<p>Dinamo i-a reziliat contractul lui Costin Amz\u0103r<\/p>\n<p class=\"\">Crescut la academia celor de la Dinamo, Costin Amz\u0103r a f\u0103cut pasul la echipa cea mare a \u201ec\u00e2inilor\u201d \u00een 2020. Dup\u0103 4 ani, acesta a fost \u00eemprumutat la Al-Nasr, acolo unde a jucat dou\u0103 sezoane.<\/p>\n<p class=\"\">Forma\u021bia din Emirate nu a vrut s\u0103-l transfere definitiv pe Amz\u0103r, astfel c\u0103 funda\u0219ul st\u00e2nga s-a \u00eentors la Dinamo \u00een aceast\u0103 var\u0103.<\/p>\n<p class=\"\">Cu toate acestea, t\u00e2n\u0103rul fotbalist nu a mai intrat \u00een planurile lui Nuno Campos, iar Dinamo a decis s\u0103-i rezilieze contractul, anun\u021b\u0103 <a target=\"_blank\" href=\"https:\/\/www.fanatik.ro\/plecare-de-ultima-ora-de-la-dinamo-a-reziliat-dupa-6-ani-exclusiv-21498522?utm_medium=Social&amp;utm_campaign=ECBmanualEdi&amp;utm_source=FacebookFanatikEdiDinamoAmzar\" rel=\"nofollow noopener\">fanatik.ro<\/a>.<\/p>\n<p>325.000 de euro<\/p>\n<p>este cota de pia\u021b\u0103 a lui Costin Amz\u0103r, conform Transfermarkt<\/p>\n<p class=\"\">Amz\u0103r ar putea s\u0103-\u0219i g\u0103seasc\u0103 rapid un nou angajament. Ap\u0103r\u0103torul ar avea oferte din Cipru, Polonia \u0219i Ungaria.<\/p>\n<p class=\"\">\u00cen tricoul lui Dinamo, Costin Amz\u0103r a jucat 81 de meciuri, reu\u0219ind s\u0103 \u00eenscrie 3 goluri \u0219i s\u0103 ofere 5 pase decisive. La Al-Nassr, acesta a bifat 33 de apari\u021bii \u0219i a dat doar o pas\u0103 de gol.<\/p>\n<p>570.000 de euro<\/p>\n<p>a \u00eencasat Dinamo dup\u0103 ce l-a \u00eemprumutat pe Costin Amz\u0103r timp de dou\u0103 sezoane la Al-Nasr<\/p>\n<p class=\"\">\u00cen ceea ce prive\u0219te sosirile la Dinamo, echipa antrenat\u0103 de Nuno Campos a bifat c\u00e2teva mut\u0103ri importante:<\/p>\n<ul class=\"\">&#13;<\/p>\n<li>atacantul Oliver Hintsa (25 de ani)<\/li>\n<p>&#13;<br \/>\n&#13;<\/p>\n<li>funda\u0219ul dreapta \u0218tefan Opri\u0219 (19 ani)<\/li>\n<p>&#13;<br \/>\n&#13;<\/p>\n<li>portarul Alaa Bellaarouch (24 de ani)<\/li>\n<p>&#13;<br \/>\n&#13;<\/p>\n<li>funda\u0219ul st\u00e2nga R\u0103zvan Radu (20 de ani)<\/li>\n<p>&#13;<br \/>\n&#13;<\/p>\n<li>funda\u0219ul central Martin Pascual (26 de ani)<\/li>\n<p>&#13;<br \/>\n&#13;<\/p>\n<li>mijloca\u0219ul central Adriano Manole (18 ani)<\/li>\n<p>&#13;<br \/>\n&#13;<\/p>\n<li>mijloca\u0219ul ofensiv Ianis Doan\u0103 (18 ani)<\/li>\n<p>&#13;\n<\/ul>\n<p>Cite\u0219te \u0219i<\/p>\n<p>VIDEO: cele mai noi imagini din sport<\/p>\n","protected":false},"excerpt":{"rendered":"&#13; Dinamo se desparte de Costin Amz\u0103r (22 de ani), unul dintre cei mai vechi juc\u0103tori din lotul&hellip;\n","protected":false},"author":2,"featured_media":220369,"comment_status":"","ping_status":"","sticky":false,"template":"","format":"standard","meta":{"footnotes":"","_share_on_mastodon":"0"},"categories":[20],"tags":[57087,4842,49,51,41,40,38,39,185,184],"class_list":["post-220368","post","type-post","status-publish","format-standard","has-post-thumbnail","category-sport","tag-costin-amzar","tag-despartire","tag-dinamo","tag-liga-1","tag-ro","tag-romana","tag-romania","tag-romanian","tag-sport","tag-sports"],"share_on_mastodon":{"url":"https:\/\/pubeurope.com\/@ro\/116845043263246061","error":""},"_links":{"self":[{"href":"https:\/\/www.europesays.com\/ro\/wp-json\/wp\/v2\/posts\/220368","targetHints":{"allow":["GET"]}}],"collection":[{"href":"https:\/\/www.europesays.com\/ro\/wp-json\/wp\/v2\/posts"}],"about":[{"href":"https:\/\/www.europesays.com\/ro\/wp-json\/wp\/v2\/types\/post"}],"author":[{"embeddable":true,"href":"https:\/\/www.europesays.com\/ro\/wp-json\/wp\/v2\/users\/2"}],"replies":[{"embeddable":true,"href":"https:\/\/www.europesays.com\/ro\/wp-json\/wp\/v2\/comments?post=220368"}],"version-history":[{"count":0,"href":"https:\/\/www.europesays.com\/ro\/wp-json\/wp\/v2\/posts\/220368\/revisions"}],"wp:featuredmedia":[{"embeddable":true,"href":"https:\/\/www.europesays.com\/ro\/wp-json\/wp\/v2\/media\/220369"}],"wp:attachment":[{"href":"https:\/\/www.europesays.com\/ro\/wp-json\/wp\/v2\/media?parent=220368"}],"wp:term":[{"taxonomy":"category","embeddable":true,"href":"https:\/\/www.europesays.com\/ro\/wp-json\/wp\/v2\/categories?post=220368"},{"taxonomy":"post_tag","embeddable":true,"href":"https:\/\/www.europesays.com\/ro\/wp-json\/wp\/v2\/tags?post=220368"}],"curies":[{"name":"wp","href":"https:\/\/api.w.org\/{rel}","templated":true}]}}