{"id":220634,"date":"2026-07-01T20:00:19","date_gmt":"2026-07-01T20:00:19","guid":{"rendered":"https:\/\/www.europesays.com\/ro\/220634\/"},"modified":"2026-07-01T20:00:19","modified_gmt":"2026-07-01T20:00:19","slug":"s-a-terminat-fcsb-a-anuntat-oficial-plecarea-legendei-multumim","status":"publish","type":"post","link":"https:\/\/www.europesays.com\/ro\/220634\/","title":{"rendered":"S-a terminat! FCSB a anun\u021bat oficial plecarea legendei: \u201eMul\u021bumim\u201d"},"content":{"rendered":"<p id=\"p-0\">\u00cen cursul zilei de mar\u021bi, 30 iunie 2026, FCSB a anun\u021bat oficial desp\u0103r\u021birea de Vlad Chiriche\u0219, una dintre legendele clubului patronat de Gigi Becali.<\/p>\n<p id=\"p-1\">Anun\u021bul a fost f\u0103cut prin intermediul unui videoclip emo\u021bionant, publicat pe re\u021belele de socializare, care a fost \u00eenso\u021bit \u0219i de un mesaj scurt.<\/p>\n<p>FCSB s-a desp\u0103r\u021bit oficial de Vlad Chiriche\u0219<\/p>\n<p id=\"p-2\"><a style=\"color: #0000ff;\" href=\"https:\/\/www.prosport.ro\/fotbal-intern\/superliga\/anunt-oficial-vlad-chiriches-isi-incheie-activitatea-ce-decizie-a-luat-20467375\" rel=\"nofollow noopener\" target=\"_blank\">Aventura lui Vlad Chiriche\u0219 la FCSB a ajuns la final<\/a>! \u00cen cursul zilei de mar\u021bi, 30 iunie 2026, \u201ero\u0219-alba\u0219trii\u201d au anun\u021bat oficial <a style=\"color: #0000ff;\" href=\"https:\/\/www.prosport.ro\/fotbal-intern\/superliga\/vlad-chiriches-practica-alt-sport-plecare-fcsb-20440451\" rel=\"nofollow noopener\" target=\"_blank\">desp\u0103r\u021birea de fotbalistul care este considerat una dintre legendele clubului<\/a>.<\/p>\n<p id=\"p-3\">Vestea a fost dat\u0103 prin intermediul unui videoclip emo\u021bionant publicat pe re\u021belele de socializare, care a fost \u00eenso\u021bit \u0219i de un mesaj scurt: \u201eMul\u021bumim, Vlad Chiriche\u0219!\u201d.<\/p>\n<p>                <a href=\"https:\/\/www.prosport.ro\/poze\/fcsb-anunt-oficial-plecare-vlad-chiriches-20473750\" rel=\"nofollow noopener\" target=\"_blank\">&#13;<br \/>\n                                            <img decoding=\"async\" loading=\"lazy\" fetchpriority=\"low\" src=\"https:\/\/www.europesays.com\/ro\/wp-content\/uploads\/2026\/07\/https:\/\/www.prosport.ro\/wp-content\/uploads\/2026\/05\/lovitura-de-teatru-vlad-chiriches-se-transfera-in.jpeg\" width=\"458\" height=\"305\"\/>&#13;<br \/>\n                                    <\/a><\/p>\n<p>                <a href=\"https:\/\/www.prosport.ro\/poze\/fcsb-anunt-oficial-plecare-vlad-chiriches-20473750\" rel=\"nofollow noopener\" target=\"_blank\">&#13;<br \/>\n                                            <img decoding=\"async\" loading=\"lazy\" fetchpriority=\"low\" src=\"https:\/\/www.europesays.com\/ro\/wp-content\/uploads\/2026\/07\/https:\/\/www.prosport.ro\/wp-content\/uploads\/2026\/04\/aparitie-vlad-chiriches-fcsb-scaled.jpg\" width=\"227\" height=\"151\"\/>&#13;<br \/>\n                                    <\/a><\/p>\n<p id=\"p-4\">\u00cen videoclipul postat pe pagina celor de la FCSB apar cele mai bune momente ale fotbalistului \u00een tricoul \u201ero\u0219-albastru\u201d. Totodat\u0103, apare \u0219i un fragment dintr-un interviu acordat de experimentatul fotbalist, \u00een care acesta explic\u0103 cum s-a \u00eendr\u0103gostit de forma\u021bia pentru care a scris pagini de istorie.<\/p>\n<p id=\"p-5\">\u201eCred c\u0103 primul meci pe care l-am v\u0103zut live, Bac\u0103u cu Steaua, c\u00e2nd aveam undeva la 7-8 ani. Am r\u0103mas fermecat de Steaua, de galeria lor, era ceva incredibil. Atmosfera de pe stadion, statul la por\u021bi s\u0103 intri, s\u0103 vezi Steaua. Era incredibil. De atunci am r\u0103mas fermecat de Steaua. Pentru mine asta a fost dorin\u021ba, s\u0103 joc pentru Steaua\u201d, a povestit Vlad Chiriche\u0219.<\/p>\n<blockquote class=\"instagram-media\" style=\"background: #FFF; border: 0; border-radius: 3px; box-shadow: 0 0 1px 0 rgba(0,0,0,0.5),0 1px 10px 0 rgba(0,0,0,0.15); margin: 1px; max-width: 540px; min-width: 326px; padding: 0; width: calc(100% - 2px);\" data-instgrm-captioned=\"\" data-instgrm-permalink=\"https:\/\/www.instagram.com\/reel\/DaMv_Uzktg9\/?utm_source=ig_embed&amp;utm_campaign=loading\" data-instgrm-version=\"14\">\n<\/blockquote>\n<p>                                                            <script async src=\"\/\/www.instagram.com\/embed.js\"><\/script><\/p>\n","protected":false},"excerpt":{"rendered":"\u00cen cursul zilei de mar\u021bi, 30 iunie 2026, FCSB a anun\u021bat oficial desp\u0103r\u021birea de Vlad Chiriche\u0219, una dintre&hellip;\n","protected":false},"author":2,"featured_media":220635,"comment_status":"","ping_status":"","sticky":false,"template":"","format":"standard","meta":{"footnotes":"","_share_on_mastodon":"0"},"categories":[20],"tags":[8816,4842,196,61705,41,40,38,39,185,184,780],"class_list":["post-220634","post","type-post","status-publish","format-standard","has-post-thumbnail","category-sport","tag-anunt-oficial","tag-despartire","tag-gigi-becali","tag-legenda-fcsb","tag-ro","tag-romana","tag-romania","tag-romanian","tag-sport","tag-sports","tag-vlad-chiriches"],"share_on_mastodon":{"url":"https:\/\/pubeurope.com\/@ro\/116846501983772142","error":""},"_links":{"self":[{"href":"https:\/\/www.europesays.com\/ro\/wp-json\/wp\/v2\/posts\/220634","targetHints":{"allow":["GET"]}}],"collection":[{"href":"https:\/\/www.europesays.com\/ro\/wp-json\/wp\/v2\/posts"}],"about":[{"href":"https:\/\/www.europesays.com\/ro\/wp-json\/wp\/v2\/types\/post"}],"author":[{"embeddable":true,"href":"https:\/\/www.europesays.com\/ro\/wp-json\/wp\/v2\/users\/2"}],"replies":[{"embeddable":true,"href":"https:\/\/www.europesays.com\/ro\/wp-json\/wp\/v2\/comments?post=220634"}],"version-history":[{"count":0,"href":"https:\/\/www.europesays.com\/ro\/wp-json\/wp\/v2\/posts\/220634\/revisions"}],"wp:featuredmedia":[{"embeddable":true,"href":"https:\/\/www.europesays.com\/ro\/wp-json\/wp\/v2\/media\/220635"}],"wp:attachment":[{"href":"https:\/\/www.europesays.com\/ro\/wp-json\/wp\/v2\/media?parent=220634"}],"wp:term":[{"taxonomy":"category","embeddable":true,"href":"https:\/\/www.europesays.com\/ro\/wp-json\/wp\/v2\/categories?post=220634"},{"taxonomy":"post_tag","embeddable":true,"href":"https:\/\/www.europesays.com\/ro\/wp-json\/wp\/v2\/tags?post=220634"}],"curies":[{"name":"wp","href":"https:\/\/api.w.org\/{rel}","templated":true}]}}