{"id":221009,"date":"2026-07-02T08:44:08","date_gmt":"2026-07-02T08:44:08","guid":{"rendered":"https:\/\/www.europesays.com\/ro\/221009\/"},"modified":"2026-07-02T08:44:08","modified_gmt":"2026-07-02T08:44:08","slug":"garmin-adauga-comanda-vocala-ok-garmin-pe-forerunner-570-si-970-printr-un-nou-update-beta","status":"publish","type":"post","link":"https:\/\/www.europesays.com\/ro\/221009\/","title":{"rendered":"Garmin adaug\u0103 comanda vocal\u0103 \u201eOk, Garmin\u201d pe Forerunner 570 \u0219i 970 printr-un nou update Beta"},"content":{"rendered":"<p>Garmin continu\u0103 s\u0103 \u00eembun\u0103t\u0103\u021beasc\u0103 experien\u021ba utilizatorilor de smartwatch-uri prin noi actualiz\u0103ri. Astfel, un update, momentan disponibil \u00een variant\u0103 Beta, aduce activarea comenzilor vocale prin rostirea \u201eOk, Garmin\u201d pentru smartwatch-urilor <a href=\"https:\/\/www.mobilissimo.ro\/recenzii-ceasuri-inteligente\/prezentare-garmin-forerunner-570-47mm\" target=\"_blank\" rel=\"nofollow noopener\">Forerunner 570<\/a> \u0219i <a href=\"https:\/\/www.mobilissimo.ro\/recenzii-ceasuri-inteligente\/prezentare-garmin-forerunner-970-smartwatch-premium-pregatit-pentru-triatlon\" target=\"_blank\" rel=\"nofollow noopener\">Forerunner 970<\/a> din portofoliu. E o func\u021bie care le permite sportivilor s\u0103 interac\u021bioneze mai rapid cu ceasul, folosind microfonul integrat. Mai jos avem detalii!<\/p>\n<p>Noua op\u021biune este destinat\u0103 celor care prefer\u0103 comenzile vocale \u00een activit\u0103\u021bile de zi cu zi \u0219i poate simplifica accesul la anumite func\u021bii f\u0103r\u0103 a mai naviga prin meniuri. Totodat\u0103, actualizarea adaug\u0103 sugestii rapide de antrenament pentru alerg\u0103tori, oferind recomand\u0103ri care pot fi accesate mai u\u0219or \u00eenaintea unei sesiuni de alergare.<\/p>\n<p>Versiunea beta 18.12 aduce \u0219i o serie de optimiz\u0103ri menite s\u0103 creasc\u0103 stabilitatea dispozitivelor. Garmin a \u00eembun\u0103t\u0103\u021bit frecven\u021ba actualiz\u0103rii loca\u021biei, ceea ce contribuie la afi\u0219area unor informa\u021bii meteo mai precise. \u00cen plus, compania a rezolvat mai multe probleme raportate de utilizatori \u00een trecut.<\/p>\n<p>Se pare c\u0103 uneori ceasurile reporneau nea\u0219teptat \u00een timpul sau dup\u0103 procesul de oprire, iar unele erori provocau blocarea complet\u0103 a sistemului. Au fost remediate \u0219i probleme legate de func\u021bia de navigare, de ponirea activit\u0103tilor multisport si de anumite erori de afi\u0219are. Momentan noul update e \u00een variant\u0103 Beta, deci va sosi \u00een variant\u0103 stabil\u0103 \u00een urm\u0103toare perioad\u0103.<\/p>\n<p>Instalarea automat\u0103 nu este \u00eenc\u0103 disponibil\u0103, \u00eens\u0103 este de a\u0219teptat ca, dup\u0103 perioada de testare \u0219i dac\u0103 nu vor ap\u0103rea probleme importante, nout\u0103\u021bile s\u0103 ajung\u0103 \u0219i \u00een versiunea stabil\u0103 destinat\u0103 tuturor utilizatorilor de Garmin Forerunner 570 \u0219i Forerunner 970.<\/p>\n","protected":false},"excerpt":{"rendered":"Garmin continu\u0103 s\u0103 \u00eembun\u0103t\u0103\u021beasc\u0103 experien\u021ba utilizatorilor de smartwatch-uri prin noi actualiz\u0103ri. Astfel, un update, momentan disponibil \u00een variant\u0103&hellip;\n","protected":false},"author":2,"featured_media":221010,"comment_status":"","ping_status":"","sticky":false,"template":"","format":"standard","meta":{"footnotes":"","_share_on_mastodon":"0"},"categories":[16],"tags":[61808,61809,61806,61807,41,40,38,39,141,124,3931],"class_list":["post-221009","post","type-post","status-publish","format-standard","has-post-thumbnail","category-tehnologie","tag-actualizare-beta","tag-comanda-ok-garmin","tag-garmin-forerunner-970","tag-garmin-foreruuner-570","tag-ro","tag-romana","tag-romania","tag-romanian","tag-technology","tag-tehnologie","tag-update"],"share_on_mastodon":{"url":"https:\/\/pubeurope.com\/@ro\/116849505999240844","error":""},"_links":{"self":[{"href":"https:\/\/www.europesays.com\/ro\/wp-json\/wp\/v2\/posts\/221009","targetHints":{"allow":["GET"]}}],"collection":[{"href":"https:\/\/www.europesays.com\/ro\/wp-json\/wp\/v2\/posts"}],"about":[{"href":"https:\/\/www.europesays.com\/ro\/wp-json\/wp\/v2\/types\/post"}],"author":[{"embeddable":true,"href":"https:\/\/www.europesays.com\/ro\/wp-json\/wp\/v2\/users\/2"}],"replies":[{"embeddable":true,"href":"https:\/\/www.europesays.com\/ro\/wp-json\/wp\/v2\/comments?post=221009"}],"version-history":[{"count":0,"href":"https:\/\/www.europesays.com\/ro\/wp-json\/wp\/v2\/posts\/221009\/revisions"}],"wp:featuredmedia":[{"embeddable":true,"href":"https:\/\/www.europesays.com\/ro\/wp-json\/wp\/v2\/media\/221010"}],"wp:attachment":[{"href":"https:\/\/www.europesays.com\/ro\/wp-json\/wp\/v2\/media?parent=221009"}],"wp:term":[{"taxonomy":"category","embeddable":true,"href":"https:\/\/www.europesays.com\/ro\/wp-json\/wp\/v2\/categories?post=221009"},{"taxonomy":"post_tag","embeddable":true,"href":"https:\/\/www.europesays.com\/ro\/wp-json\/wp\/v2\/tags?post=221009"}],"curies":[{"name":"wp","href":"https:\/\/api.w.org\/{rel}","templated":true}]}}