{"id":222498,"date":"2026-07-04T03:14:14","date_gmt":"2026-07-04T03:14:14","guid":{"rendered":"https:\/\/www.europesays.com\/ro\/222498\/"},"modified":"2026-07-04T03:14:14","modified_gmt":"2026-07-04T03:14:14","slug":"ghana-live-la-cupa-mondiala-vine-primul-gol-dupa-doua-schimbari-cauzate-de-accidentari-in-doar-13-minute","status":"publish","type":"post","link":"https:\/\/www.europesays.com\/ro\/222498\/","title":{"rendered":"Ghana live la Cupa Mondial\u0103. Vine primul GOL dup\u0103 DOU\u0102 schimb\u0103ri cauzate de accident\u0103ri \u00een doar 13 minute!"},"content":{"rendered":"<p id=\"p-0\">Ultima partid\u0103 din 16-imi la CM 2026 a adus fa\u021b\u0103 \u00een fa\u021b\u0103 efervescen\u021ba ofensiv\u0103 a lui James Rodriguez \u0219i Luis Diaz cu tactica defensiv\u0103 redutabil\u0103 imprimat\u0103 africanilor de selec\u021bionerul Carlos Queiroz: Columbia \u2013 Ghana live Cupa Mondial\u0103!<\/p>\n<p id=\"p-1\">C\u00e2\u0219tig\u0103toarea din aceast\u0103 partid\u0103 joac\u0103 \u00een optimile de final\u0103 cu <a style=\"color: #0000ff;\" href=\"https:\/\/www.prosport.ro\/campionatul-mondial-2026\/africanii-europenilor-au-fost-mai-buni-calificare-modesta-cu-eroi-din-angola-rd-congo-senegal-si-camerun-in-elvetia-algeria-2-0-la-cupa-mondiala-cronica-de-gabriel-berceanu-20474776\" rel=\"nofollow noopener\" target=\"_blank\">Elve\u021bia, care a eliminat din 16-imi pe Algeria, povestea complet\u0103 aici.<\/a><\/p>\n<p id=\"p-2\">Doar cu Mondialul ProSport tr\u0103ie\u0219ti \u00een integralitate \u0219i minut cu minut fiecare partid\u0103, a\u0219a c\u0103 mai jos ai cronica live, caseta meciului \u00een timp real, avancronica special\u0103, echipele de start, loturile complete \u0219i povestea calific\u0103rii lor p\u00e2n\u0103 aici.<\/p>\n<p>                <a href=\"https:\/\/www.prosport.ro\/poze\/columbia-ghana-live-cupa-mondiala-20475142\" rel=\"nofollow noopener\" target=\"_blank\">&#13;<br \/>\n                                            <img decoding=\"async\" loading=\"lazy\" fetchpriority=\"low\" src=\"https:\/\/www.europesays.com\/ro\/wp-content\/uploads\/2026\/07\/https:\/\/www.prosport.ro\/wp-content\/uploads\/2026\/06\/columbia-rd-congo-live-cm-2026-mondial-furia-lati.jpeg\" width=\"458\" height=\"305\"\/>&#13;<br \/>\n                                    <\/a><\/p>\n<p>                <a href=\"https:\/\/www.prosport.ro\/poze\/columbia-ghana-live-cupa-mondiala-20475142\" rel=\"nofollow noopener\" target=\"_blank\">&#13;<br \/>\n                                            <img decoding=\"async\" loading=\"lazy\" fetchpriority=\"low\" src=\"https:\/\/www.europesays.com\/ro\/wp-content\/uploads\/2026\/07\/https:\/\/www.prosport.ro\/wp-content\/uploads\/2026\/06\/anglia-ghana-07.jpg\" width=\"227\" height=\"151\"\/>&#13;<br \/>\n                                    <\/a><\/p>\n<p id=\"p-3\">Dac\u0103 exist\u0103 aplica\u021bii dedicate pentru livetext, video pentru meciuri iar VAR intervine tot mai mult \u00een arbitraj, am ales pentru toate meciurile eliminatorii de la Cupa Mondial\u0103 un format care p\u0103streaz\u0103 umanitatea, stilul \u0219i pasiunea tribunelor.<\/p>\n<p>Columbia \u2013 Ghana la Cupa Mondial\u0103. Cronic\u0103 LIVE<\/p>\n<p id=\"p-4\">Un start atipic de meci. Asta pentru c\u0103 Thomas Partey are prima ocazie de gol \u00een minutul 2. \u0218i un mijloca\u0219 defensiv, \u0219i unul ghanez. C\u00e2nd africanii au impresionat p\u00e2n\u0103 acum la Cupa Mondial\u0103 prin ap\u0103rarea s\u00e2rguincioas\u0103, iar Columbia prin desfr\u00e2ul seduc\u0103tor din ofensiv\u0103.<\/p>\n<p id=\"p-5\">Din p\u0103cate, atipic \u0219i pentru c\u0103 avem dou\u0103 schimb\u0103ri pricinuite de accident\u0103ri \u00een primele 13 minute. Mai \u00eent\u00e2i v\u00e2rful sud-americanilor, Jhon Cordoba. Apoi funda\u0219ul dreapta al celorlal\u021bi, Senaya. Ghinionul Columbiei se transform\u0103 \u00eens\u0103 \u00eentr-o oportunitate.<\/p>\n<p id=\"p-6\">Luis Suarez, venit de pe banc\u0103, prinde o centrare de vis, pe col\u021bul lung e complet nemarcat Jhon Arias \u0219i vine golul simplu, marcat cu sete! \u00cenc\u0103 un element atipic, dac\u0103 vre\u021bi. Am l\u0103udat defensiva Ghanei, una care a \u021binut 0-0 cu Anglia, dar la acest gol\u2026 jale \u00een pozi\u021bionare.<\/p>\n<p id=\"p-7\">Luis Diaz prinde \u0219i el un trasor zdrav\u0103n, re\u021bine Ati-Zigi. Incontestabil, armata dezinvolt\u0103 a lui Nestor Lorenzo a capturat jocul. Pentru strategia lui Queiroz, sigur a marcat mult prea repede. La ce poft\u0103 au ar\u0103tat p\u00e2n\u0103 acum \u00een turneu, columbienii nici nu se vor opri m\u0103car!<\/p>\n<p id=\"p-8\">\u0218i cam a\u0219a e dup\u0103 pauza de hidratare. Acela\u0219i Luis Diaz, voleu frumos, dar f\u0103r\u0103 \u021bint\u0103, dup\u0103 o minge ag\u0103\u021bat\u0103 str\u00e2mb \u00een careu de ap\u0103rarea Ghanei. Totu\u0219i prin \u0219arjele lui Semenyo \u0219i mai ales Inaki Williams, africanii se proptesc \u00een jurul careului advers pentru vreo zece minute.<\/p>\n<p id=\"p-9\">Lupta a admirabil\u0103, cu toate c\u0103 ocaziile de poart\u0103 realmente mari nu sunt prea dese. Intensitatea duelurilor fizice \u0219i o combativitate special\u0103 mai compenseaz\u0103 din neclarit\u0103\u021bile construc\u021biei. Ghana trebuie s\u0103 elibereze ceva, \u00een 4-1-4-1 f\u0103r\u0103 m\u0103car un mijloca\u0219 central creativ e greu!<\/p>\n<p id=\"p-10\">\u00cen prelungirile reprizei, ap\u0103r\u0103torul dreapta Munoz centreaz\u0103 pe lung p\u00e2n\u0103 la\u2026 funda\u0219ul st\u00e2nga Mojica, venit ideal pe lung. Schem\u0103 similar\u0103 deschiderii de scor. Reluare cu capul, se \u00eentinde \u0219i \u00eempinge cu procedeu nefiresc, dar util, Ati-Zigi.<\/p>\n<p id=\"p-11\">Urm\u0103torul update la final!<\/p>\n<p>Columbia \u2013 Ghana 1-0<\/p>\n<p id=\"p-12\">A marcat: J. Arias \u201914<\/p>\n<p id=\"p-13\">Columbia (4-3-3): C. Vargas \u2013 D. Munoz, D. Sanchez, Lucumi, Mojica \u2013\u00a0 J. Rodriguez, Lerma, G. Puerta \u2013 J. Arias, J. Cordoba (L. Suarez \u20188), L. Diaz<\/p>\n<p id=\"p-14\">Selec\u021bioner: Nestor Lorenzo<\/p>\n<p id=\"p-15\">Ghana (4-1-4-1): Ati-Zigi \u2013 Senaya (Seidou \u201913), D. Luckassen, J. Opoku, G. Mensah \u2013 Partey \u2013 I. Williams, Yirenkyi, Sibo, Semenyo \u2013 J. Ayew<\/p>\n<p id=\"p-16\">Selec\u021bioner: Carlos Queiroz<\/p>\n<ul>\n<li>Meciul programat la 04:30 ora Rom\u00e2niei se joac\u0103 \u00een Kansas City (SUA), arbitrat de Clement Turpin (Fran\u021ba)<\/li>\n<\/ul>\n<p>Columbia \u2013 Ghana live Cupa Mondial\u0103. Avancronic\u0103 special\u0103<\/p>\n<p id=\"p-17\">\u00cen Bogota natal\u0103, portarul Camilo Vargas este \u201eEl Gordo\u201d: \u00een copil\u0103rie, pu\u0219tiul dolofan nu p\u0103rea f\u0103cut pentru fotbal de performan\u021b\u0103. Dar fanii mexicani ai lui Atlas, unde e legitimat, <a style=\"color: #000000;\" href=\"https:\/\/www.record.com.mx\/historia\/camilo-vargas-el-amuleto-para-terminar-con-sequia-los-equipos-que-ha-jugado-2025101709234989781\" rel=\"nofollow noopener\" target=\"_blank\">\u00eel alint\u0103 \u201eEl Amuleto\u201d, talismanul<\/a>: cu el au cucerit \u00een 2021 primul titlu dup\u0103 50 de ani!<\/p>\n<p id=\"p-18\">Daniel Munoz, funda\u0219ul lui Crystal Palace care a deschis scorul cu Uzbekistan \u0219i a marcat golul victoriei cu RD Congo, e poreclit \u201eEl hincha en la cancha\u201d, cumva ultrasul din teren, pentru frenezia, pasiunea \u0219i determinarea pe care le demonstreaz\u0103 \u00een joc.<\/p>\n<p id=\"p-19\">Jhon Arias este \u201eEl Colibri\u201d, pentru iu\u021beal\u0103, agilitate \u0219i energia uimitoare care \u00eel apropie de dinamica acestei p\u0103s\u0103ri. Pe Kevin Castano, fanii \u00eel alint\u0103 \u201eBusquets columbian\u201d pentru rolul din teren, iar coechipierii de la na\u021bional\u0103, \u201ediseno de sonrisa\u201d, pentru z\u00e2mbetul lui \ud83d\ude42<\/p>\n<p id=\"p-20\">Jaminton Campaz, a c\u0103rui celebrare dup\u0103 gol merge pe tiparul lui Cristiano Ronaldo, e numit \u201eEl Bicho\u201d, bestia, a\u0219a cum i se spune \u0219i lui CR7. La Cruz Azul, Willer Ditta \u0219i-a c\u0103p\u0103tat supranumele de Omul-Furnic\u0103, de la supereroul ale c\u0103rui calit\u0103\u021bi le oglinde\u0219te fotbalistic.<\/p>\n<p id=\"p-21\">Stoperul Yerry Mina a r\u0103mas \u201eMina de oro\u201d, joc de cuvinte de la numele de familie spre \u201emina de aur\u201d, dup\u0103 golul marcat la Cupa Mondial\u0103 2018 pentru victoria cu Senegal. Pentru fermitate \u0219i spirit \u00een defensiv\u0103, Davinson Sanchez este \u201eEl Patron\u201d \u0219i nu mai e nevoie de traducere.<\/p>\n<p><img aria-describedby=\"caption-attachment-20469242\" class=\"size-full wp-image-20469242\" src=\"https:\/\/www.europesays.com\/ro\/wp-content\/uploads\/2026\/07\/https:\/\/www.prosport.ro\/wp-content\/uploads\/2026\/06\/columbia-rd-congo-1-0-ce-ar-face-cu-trofeul-cupei.webp\" alt=\"\" width=\"900\" height=\"584\" loading=\"lazy\" decoding=\"async\" \/><\/p>\n<p id=\"caption-attachment-20469242\" class=\"wp-caption-text\">FOTO: Photo\/Natacha Pisarenko\/Profimedia 24 iunie 2026<\/p>\n<p>Cum s-au calificat Columbia \u0219i Ghana \u00een 16-imi<\/p>\n<p id=\"p-22\">Columbia a impresionat realmente, prin rezultate dar mai ales prin joc! A c\u00e2\u0219tigat grupa K \u00een fa\u021ba Portugaliei, ne\u00eenvins\u0103 \u0219i cu un singur gol primit. Seduc\u0103toare \u00een ofensiv\u0103 \u0219i puternic\u0103 defensiv. Deschide fiecare partid\u0103 pentru povestea ei:<\/p>\n<p id=\"p-23\">Cu doar dou\u0103 goluri marcate, unul \u00een minutul 90+5 pentru victorie \u0219i altul \u00eentr-o \u00eenfr\u00e2ngere, Ghana s-a calificat de pe locul 3 \u00een grupa L! A remizat f\u0103r\u0103 gol \u00eencasat cu Anglia \u0219i a dovedit o organizare defensiv\u0103 impresionant\u0103. Deschide fiecare partid\u0103 pentru povestea ei:<\/p>\n<p><img aria-describedby=\"caption-attachment-20464125\" class=\"size-full wp-image-20464125\" src=\"https:\/\/www.europesays.com\/ro\/wp-content\/uploads\/2026\/07\/https:\/\/www.prosport.ro\/wp-content\/uploads\/2026\/06\/uzbekistan-columbia-la-cm-2026-echipele-de-start-.webp\" alt=\"columbia-ghana-live-cupa-mondiala\" width=\"900\" height=\"579\" loading=\"lazy\" decoding=\"async\" \/><\/p>\n<p id=\"caption-attachment-20464125\" class=\"wp-caption-text\">FOTO: Alejandro PAGNI \/ AFP \/ Profimedia 18 iunie 2026<\/p>\n<p>Lot Columbia la CM 2026<\/p>\n<p id=\"p-24\">Portari:\u00a0C. \u2060Vargas (Atlas), A. Montero (Velez Sarsfield), Ospina (Atletico Nacional)<\/p>\n<p id=\"p-25\">Funda\u0219i: D. Sanchez (Galatasaray), Lucumi (Bologna), Y. Mina (Cagliari), Ditta (Cruz Azul), D. Munoz (Crystal Palace), S. Arias (Independiente), \u200bMojica (Mallorca), D. Machado (Nantes)<\/p>\n<p id=\"p-26\">Mijloca\u0219i:\u00a0R. Rios (Benfica), Lerma (Crystal Palace), \u2060Castano (River Plate), Portilla (Atl. Paranaense), G. Puerta (Santander), J. Arias (Palmeiras), Carrascal (Flamengo), J.F. Quintero (River \u2060Plate), James Rodriguez (Minnesota)<\/p>\n<p id=\"p-27\">Atacan\u021bi:\u00a0Cucho Hernandez (Betis), L. Diaz (Bayern Munchen), \u200bL. Suarez (Sporting Lisabona), A. Gomez (Vasco da Gama), J. Cordoba (FC Krasnodar), \u200bCampaz (Rosario Central)<\/p>\n<p><img aria-describedby=\"caption-attachment-20464186\" class=\"size-full wp-image-20464186\" src=\"https:\/\/www.europesays.com\/ro\/wp-content\/uploads\/2026\/07\/https:\/\/www.prosport.ro\/wp-content\/uploads\/2026\/06\/carlos-queiroz-debut-victorie-ghana-panama-cupa-m.webp\" alt=\"\" width=\"900\" height=\"600\" loading=\"lazy\" decoding=\"async\" \/><\/p>\n<p id=\"caption-attachment-20464186\" class=\"wp-caption-text\">Carlos Queiroz, selec\u021bioner Ghana. FOTO: Profimedia 18.06.2026<\/p>\n<p>Lot Ghana la CM 2026<\/p>\n<p id=\"p-28\">Portari:\u00a0B. Asare (Hearts of Oak), Ati-Zigi (St. Gallen), Anang (St Patrick\u2019s)<\/p>\n<p id=\"p-29\">Funda\u0219i: A. Baba (PAOK), G. Mensah, M. Senaya (Auxerre), A. Seidu (Rennes), Mumin (Rayo Vallecano), J. Opoku (Istanbul Ba\u0219ak\u0219ehir), Adjetey (Wolfsburg), Oppong Peprah (Nice), D. Luckassen (Pafos)<\/p>\n<p id=\"p-30\">Mijloca\u0219i:\u00a0Partey (Villarreal), Sibo (Oviedo), A. Boakye (Saint-Etienne), Yirenkyi (Nordsjaelland), Semenyo (Man City), E. Owusu (Auxerre)<\/p>\n<p id=\"p-31\">Atacan\u021bi:\u00a0Sulemana (Atalanta), Bonsu Baah (Al Qadsiah), Nuamah (Lyon), Fatawu, J. Ayew (Leicester), Thomas-Asante (Coventry), P. Adu (Viktoria Plzen), I. Williams (Bilbao)<\/p>\n","protected":false},"excerpt":{"rendered":"Ultima partid\u0103 din 16-imi la CM 2026 a adus fa\u021b\u0103 \u00een fa\u021b\u0103 efervescen\u021ba ofensiv\u0103 a lui James Rodriguez&hellip;\n","protected":false},"author":2,"featured_media":222499,"comment_status":"","ping_status":"","sticky":false,"template":"","format":"standard","meta":{"footnotes":"","_share_on_mastodon":"0"},"categories":[20],"tags":[62218,45751,62219,62220,62221,27850,40686,60676,26628,59873,59874,41,40,38,39,185,184,60677],"class_list":["post-222498","post","type-post","status-publish","format-standard","has-post-thumbnail","category-sport","tag-16imi-cupa-mondiala","tag-carlos-queiroz","tag-columbia-ghana","tag-columbia-ghana-live","tag-ghana-columbia","tag-james-rodriguez","tag-luis-diaz","tag-optimi-cupa-mondiala","tag-program-cupa-mondiala","tag-rezultate-cupa-mondiala","tag-rezumate-cupa-mondiala","tag-ro","tag-romana","tag-romania","tag-romanian","tag-sport","tag-sports","tag-tablou-cupa-mondiala"],"share_on_mastodon":{"url":"https:\/\/pubeurope.com\/@ro\/116859533373484720","error":""},"_links":{"self":[{"href":"https:\/\/www.europesays.com\/ro\/wp-json\/wp\/v2\/posts\/222498","targetHints":{"allow":["GET"]}}],"collection":[{"href":"https:\/\/www.europesays.com\/ro\/wp-json\/wp\/v2\/posts"}],"about":[{"href":"https:\/\/www.europesays.com\/ro\/wp-json\/wp\/v2\/types\/post"}],"author":[{"embeddable":true,"href":"https:\/\/www.europesays.com\/ro\/wp-json\/wp\/v2\/users\/2"}],"replies":[{"embeddable":true,"href":"https:\/\/www.europesays.com\/ro\/wp-json\/wp\/v2\/comments?post=222498"}],"version-history":[{"count":0,"href":"https:\/\/www.europesays.com\/ro\/wp-json\/wp\/v2\/posts\/222498\/revisions"}],"wp:featuredmedia":[{"embeddable":true,"href":"https:\/\/www.europesays.com\/ro\/wp-json\/wp\/v2\/media\/222499"}],"wp:attachment":[{"href":"https:\/\/www.europesays.com\/ro\/wp-json\/wp\/v2\/media?parent=222498"}],"wp:term":[{"taxonomy":"category","embeddable":true,"href":"https:\/\/www.europesays.com\/ro\/wp-json\/wp\/v2\/categories?post=222498"},{"taxonomy":"post_tag","embeddable":true,"href":"https:\/\/www.europesays.com\/ro\/wp-json\/wp\/v2\/tags?post=222498"}],"curies":[{"name":"wp","href":"https:\/\/api.w.org\/{rel}","templated":true}]}}