{"id":222977,"date":"2026-07-04T15:32:13","date_gmt":"2026-07-04T15:32:13","guid":{"rendered":"https:\/\/www.europesays.com\/ro\/222977\/"},"modified":"2026-07-04T15:32:13","modified_gmt":"2026-07-04T15:32:13","slug":"tabel-pnrr-lista-completa-a-fondurilor-de-investitii-cu-sumele-primite-de-fiecare-din-planul-romaniei","status":"publish","type":"post","link":"https:\/\/www.europesays.com\/ro\/222977\/","title":{"rendered":"Tabel PNRR: Lista complet\u0103 a fondurilor de investi\u021bii cu sumele primite de fiecare din Planul Rom\u00e2niei"},"content":{"rendered":"<p class=\"wp-block-paragraph\">20 de fonduri de investi\u021bii rom\u00e2ne\u0219ti \u0219i str\u0103ine au primit capital \u00een valoare total\u0103 de 380 de milioane de euro din <a href=\"https:\/\/startupcafe.ro\/inscrieri-fonduri-pnrr-400-milioane-euro-firme-investitii-fonduri-recovery-equity-20290\" target=\"_blank\" data-type=\"link\" data-id=\"https:\/\/startupcafe.ro\/inscrieri-fonduri-pnrr-400-milioane-euro-firme-investitii-fonduri-recovery-equity-20290\" rel=\"noreferrer noopener nofollow\">Planul Na\u021bional de Redresare \u0219i Rezilien\u021b\u0103 (PNRR)<\/a>, pentru a acorda finan\u021b\u0103ri de venture capital \u0219i private equity unor firme private din Rom\u00e2nia \u0219i din alte \u021b\u0103ri din regiune. StartupCafe public\u0103 lista complet\u0103 a fondurilor de investi\u021bii capitalizate din PNRR, cu sumele primite \u0219i cu capitalul total atras de acestea.\u00a0<\/p>\n<p class=\"wp-block-paragraph\"><a href=\"http:\/\/startupcafe.ro\" rel=\"nofollow noopener\" target=\"_blank\">StartupCafe.ro<\/a> a solicitat oficial Ministerului Investi\u021biilor \u0219i Proiectelor Europene informa\u021biile privind alocarea de capital c\u0103tre fondurile de investi\u021bii, prin PNRR.\u00a0<\/p>\n<p class=\"wp-block-paragraph\">Conform datelor de la MIPE, cele 20 de fonduri au primit din PNRR 380 de milioane EUR, dar ele atrag \u00een total peste 3 miliarde de euro, de la investitori priva\u021bi \u0219i publici, din Europa. Conform estim\u0103rilor, investi\u021biile \u00een Rom\u00e2nia ale celor 20 de fonduri vor fi de circa 600 milioane euro.<\/p>\n<p class=\"wp-block-paragraph\">Pe l\u00e2ng\u0103 contribu\u021biile din REF, Fondul European de Investi\u021bii a alocat unora din fonduri \u0219i resurse din programul similar finan\u021bat din Planul National de Redresare si Rezilien\u021b\u0103 din Bulgaria, ca \u0219i din programul InvestEU.<\/p>\n<p class=\"wp-block-paragraph\">\u00cen cazul fondurilor recent aprobate, procesul de fundraising (str\u00e2ngere de capital) este \u00een derulare, motiv pentru care \u00een prezent este disponibil\u0103 doar\u00a0 dimensiunea estimat\u0103 a fi atins\u0103 de c\u0103tre acestea.<\/p>\n<p class=\"wp-block-paragraph\">Potrivit acordului bilateral din 2021 dintre FEI \u0219i Guvernul Rom\u00e2niei, pentru apelul derulat \u00een vederea selec\u021biei intermediarilor \u00een perioada iulie 2022 \u2013 decembrie 2025, bugetul disponibil pentru investi\u021bii a fost de 380 milioane euro \u0219i a fost alocat integral.\u00a0<\/p>\n<p class=\"wp-block-paragraph\">Diferen\u021ba p\u00e2n\u0103 la bugetul total de 400 milioane euro reprezint\u0103 o rezerv\u0103 de comisioane de management \u0219i costuri de func\u021bionare pentru fondul de fonduri Recovery Equity Fund (PNRR), care a fost creat \u00een decembrie 2021 \u0219i \u00ee\u0219i continu\u0103 activitatea de management de portofoliu \u0219i de administrare a resurselor rambursate din exit-urile fondurilor, a precizat MIPE.\u00a0<\/p>\n<p class=\"wp-block-paragraph\">Toate aceste fonduri de investi\u021bii ofer\u0103 firmelor finan\u021bare, \u00een schumbul unor pachete de ac\u021biuni \u00een business. <\/p>\n<p class=\"wp-block-paragraph\">Pe <a href=\"https:\/\/startupcafe.ro\/fond-investitii-catalyst-romania-marius-ghenea-capital-pnrr-finantari-startup-firme-tara-regiune-101359\" target=\"_blank\" data-type=\"link\" data-id=\"https:\/\/startupcafe.ro\/fond-investitii-catalyst-romania-marius-ghenea-capital-pnrr-finantari-startup-firme-tara-regiune-101359\" rel=\"noreferrer noopener nofollow\">StartupCafe.ro am mai scris<\/a> despre aceste fonduri de investi\u021bii, dar acum sunt centralizate toate, al\u0103turi de sumele alocate: <\/p>\n","protected":false},"excerpt":{"rendered":"20 de fonduri de investi\u021bii rom\u00e2ne\u0219ti \u0219i str\u0103ine au primit capital \u00een valoare total\u0103 de 380 de milioane&hellip;\n","protected":false},"author":2,"featured_media":222978,"comment_status":"","ping_status":"","sticky":false,"template":"","format":"standard","meta":{"footnotes":"","_share_on_mastodon":"0"},"categories":[10],"tags":[32,33,62361,31,36,37,62362,12074,1146,7526,62363,859,27,34,35,19284,25,4803,62364,23499,41,40,38,39,26,28,29,30,62365],"class_list":["post-222977","post","type-post","status-publish","format-standard","has-post-thumbnail","category-romania","tag-breaking-news","tag-breakingnews","tag-buu0219garia","tag-cele-mai-populare-subiecte","tag-featured-news","tag-featurednews","tag-fei","tag-finantari","tag-firme","tag-fonduri-europene","tag-fonduri-investititii","tag-guvern","tag-headlines","tag-latest-news","tag-latestnews","tag-mipe","tag-news","tag-pnrr","tag-private-equty","tag-recovery-equity-fund","tag-ro","tag-romana","tag-romania","tag-romanian","tag-stiri","tag-titluri","tag-top-stories","tag-topstories","tag-venture-capital"],"share_on_mastodon":{"url":"https:\/\/pubeurope.com\/@ro\/116862435054145812","error":""},"_links":{"self":[{"href":"https:\/\/www.europesays.com\/ro\/wp-json\/wp\/v2\/posts\/222977","targetHints":{"allow":["GET"]}}],"collection":[{"href":"https:\/\/www.europesays.com\/ro\/wp-json\/wp\/v2\/posts"}],"about":[{"href":"https:\/\/www.europesays.com\/ro\/wp-json\/wp\/v2\/types\/post"}],"author":[{"embeddable":true,"href":"https:\/\/www.europesays.com\/ro\/wp-json\/wp\/v2\/users\/2"}],"replies":[{"embeddable":true,"href":"https:\/\/www.europesays.com\/ro\/wp-json\/wp\/v2\/comments?post=222977"}],"version-history":[{"count":0,"href":"https:\/\/www.europesays.com\/ro\/wp-json\/wp\/v2\/posts\/222977\/revisions"}],"wp:featuredmedia":[{"embeddable":true,"href":"https:\/\/www.europesays.com\/ro\/wp-json\/wp\/v2\/media\/222978"}],"wp:attachment":[{"href":"https:\/\/www.europesays.com\/ro\/wp-json\/wp\/v2\/media?parent=222977"}],"wp:term":[{"taxonomy":"category","embeddable":true,"href":"https:\/\/www.europesays.com\/ro\/wp-json\/wp\/v2\/categories?post=222977"},{"taxonomy":"post_tag","embeddable":true,"href":"https:\/\/www.europesays.com\/ro\/wp-json\/wp\/v2\/tags?post=222977"}],"curies":[{"name":"wp","href":"https:\/\/api.w.org\/{rel}","templated":true}]}}