{"id":223370,"date":"2026-07-05T06:51:10","date_gmt":"2026-07-05T06:51:10","guid":{"rendered":"https:\/\/www.europesays.com\/ro\/223370\/"},"modified":"2026-07-05T06:51:10","modified_gmt":"2026-07-05T06:51:10","slug":"schimbari-in-staff-ul-lui-razvan-lucescu-noul-antrenor-al-celor-de-la-al-sadd-a-renuntat-la-un-roman","status":"publish","type":"post","link":"https:\/\/www.europesays.com\/ro\/223370\/","title":{"rendered":"Schimb\u0103ri \u00een staff-ul lui R\u0103zvan Lucescu. Noul antrenor al celor de la Al Sadd a renun\u021bat la un rom\u00e2n"},"content":{"rendered":"<p id=\"p-0\">R\u0103zvan Lucescu (57 de ani) a semnat cu Al Sadd \u0219i a plecat ieri \u00een Qatar, acolo unde ast\u0103zi urmeaz\u0103 s\u0103 fie prezentat oficial. El a semnat, la Bucure\u0219ti, un contract pe doi ani, cu un salariu stagional de 3,5 milioane de dolari. Lucescu revine \u00een Qatar dup\u0103 14 ani, el antren\u00e2nd acolo \u00eentre 2012 \u0219i 2014 forma\u021bia El Jaish.<\/p>\n<p id=\"p-1\">R\u0103zvan Lucescu va avea un staff de \u0219ase oameni, dar nu acela\u0219i al\u0103turi de care a lucrat la PAOK Salonic. Tehnicianul l-a p\u0103strat pe Nae Constantin, antrenorul care a promovat Petrolul \u00een Superliga Rom\u00e2niei \u00een 2022, \u0219i care lucreaz\u0103 al\u0103turi de el din 2023, dar a renun\u021bat la serviciile unui alt rom\u00e2n.<\/p>\n<p>R\u0103zvan Lucescu a renun\u021bat la mental coach-ul rom\u00e2n<\/p>\n<p id=\"p-2\">Cristian Fota, mental coach-ul pe care l-a avut <a href=\"https:\/\/www.prosport.ro\/fotbal-extern\/razvan-lucescu-oficial-plecare-paok-20465220\" rel=\"nofollow noopener\" target=\"_blank\">la PAOK Salonic<\/a>, care a lucrat \u0219i la echipa de handbal CSM Bucure\u0219ti, nu va activa al\u0103turi de el la Al Sadd. Lucescu jr. a schimbat \u0219i antrenorul cu portarii, \u00een locul unui grec pe care l-a avut la Salonic urm\u00e2nd s\u0103 vin\u0103 un spaniol, care a mai lucrat prin Golf.<\/p>\n<p>                <a href=\"https:\/\/www.prosport.ro\/poze\/razvan-lucescu-staff-tehnic-al-sadd-qatar-cristian-fota-mental-coach-20477423\" rel=\"nofollow noopener\" target=\"_blank\">&#13;<br \/>\n                                            <img decoding=\"async\" loading=\"lazy\" fetchpriority=\"low\" src=\"https:\/\/www.europesays.com\/ro\/wp-content\/uploads\/2026\/07\/https:\/\/www.prosport.ro\/wp-content\/uploads\/2026\/07\/razvan-lucescu-pleaca-in-qatar-ce-obiectiv-i-au-t.jpeg\" width=\"458\" height=\"305\"\/>&#13;<br \/>\n                                    <\/a><\/p>\n<p>                <a href=\"https:\/\/www.prosport.ro\/poze\/razvan-lucescu-staff-tehnic-al-sadd-qatar-cristian-fota-mental-coach-20477423\" rel=\"nofollow noopener\" target=\"_blank\">&#13;<br \/>\n                                            <img decoding=\"async\" loading=\"lazy\" fetchpriority=\"low\" src=\"https:\/\/www.europesays.com\/ro\/wp-content\/uploads\/2026\/07\/https:\/\/www.prosport.ro\/wp-content\/uploads\/2026\/06\/razvan-lucescu-decizie-viitor-lovitura-financiara.jpeg\" width=\"227\" height=\"151\"\/>&#13;<br \/>\n                                    <\/a><\/p>\n<p id=\"p-3\">Lucescu va face cuno\u0219tin\u021b\u0103 cu noii s\u0103i elevi, \u0219i dup\u0103 o s\u0103pt\u0103m\u00e2n\u0103 la Doha echipa va pleca \u00een Austria, pentru un cantonament de 20 de zile. Debutul oficial va fi la mijlocul lunii august, dar p\u00e2n\u0103 atunci Al Sadd va sus\u021bine o serie de amicale. Primul confirmat este cu Sigma Olomouc, care va avea loc pe 17 iulie, \u00een Austria.<\/p>\n<p id=\"p-4\">Obiectivul lui R\u0103zvan Lucescu este c\u00e2\u0219tigarea campionatului, dar \u0219i un parcurs c\u00e2t mai lung \u00een Liga Campionilor Asiei \u0219i \u00eencercarea de a c\u00e2\u0219tiga acest trofeu. Anul acesta, Al Sadd s-a oprit \u00een sferturile de final\u0103, ajung\u00e2nd la 15 ani de c\u00e2nd nu a mai cucerit trofeul.<\/p>\n<p>Se va duela cu Florinel Coman \u0219i Cosmin Contra<\/p>\n<p id=\"p-5\">Al Sadd este cea mai bun\u0103 echip\u0103 din fotbalul qatarez \u0219i are patru brazilieni \u00een lot, printre care \u0219i Roberto Firmino, fost la Liverpool. Echipa a fost antrenat\u0103 \u00een ultimul sezon de Roberto Mancini \u0219i a c\u00e2\u0219tigat cinci dintre ultimele \u0219ase campionate.<\/p>\n<p id=\"p-6\">\u00cen Qatar activeaz\u0103 \u0219i Cosmin Contra, care a terminat pe locul 6 sezonul trecut cu Al Arabi. Al Gharafa, echipa <a href=\"https:\/\/www.prosport.ro\/fotbal-intern\/superliga\/gigi-becali-ultima-oferta-florinel-coman-fcsb-20472384\" rel=\"nofollow noopener\" target=\"_blank\">lui Florinel Coman<\/a>, a \u00eencheiat sezonul pe locul 4.<\/p>\n","protected":false},"excerpt":{"rendered":"R\u0103zvan Lucescu (57 de ani) a semnat cu Al Sadd \u0219i a plecat ieri \u00een Qatar, acolo unde&hellip;\n","protected":false},"author":2,"featured_media":223371,"comment_status":"","ping_status":"","sticky":false,"template":"","format":"standard","meta":{"footnotes":"","_share_on_mastodon":"0"},"categories":[20],"tags":[62483,62484,2466,41,40,38,39,185,184,62485],"class_list":["post-223370","post","type-post","status-publish","format-standard","has-post-thumbnail","category-sport","tag-cristian-fota","tag-mental-coach","tag-razvan-lucescu","tag-ro","tag-romana","tag-romania","tag-romanian","tag-sport","tag-sports","tag-staff-tehnic"],"share_on_mastodon":{"url":"https:\/\/pubeurope.com\/@ro\/116866048803195405","error":""},"_links":{"self":[{"href":"https:\/\/www.europesays.com\/ro\/wp-json\/wp\/v2\/posts\/223370","targetHints":{"allow":["GET"]}}],"collection":[{"href":"https:\/\/www.europesays.com\/ro\/wp-json\/wp\/v2\/posts"}],"about":[{"href":"https:\/\/www.europesays.com\/ro\/wp-json\/wp\/v2\/types\/post"}],"author":[{"embeddable":true,"href":"https:\/\/www.europesays.com\/ro\/wp-json\/wp\/v2\/users\/2"}],"replies":[{"embeddable":true,"href":"https:\/\/www.europesays.com\/ro\/wp-json\/wp\/v2\/comments?post=223370"}],"version-history":[{"count":0,"href":"https:\/\/www.europesays.com\/ro\/wp-json\/wp\/v2\/posts\/223370\/revisions"}],"wp:featuredmedia":[{"embeddable":true,"href":"https:\/\/www.europesays.com\/ro\/wp-json\/wp\/v2\/media\/223371"}],"wp:attachment":[{"href":"https:\/\/www.europesays.com\/ro\/wp-json\/wp\/v2\/media?parent=223370"}],"wp:term":[{"taxonomy":"category","embeddable":true,"href":"https:\/\/www.europesays.com\/ro\/wp-json\/wp\/v2\/categories?post=223370"},{"taxonomy":"post_tag","embeddable":true,"href":"https:\/\/www.europesays.com\/ro\/wp-json\/wp\/v2\/tags?post=223370"}],"curies":[{"name":"wp","href":"https:\/\/api.w.org\/{rel}","templated":true}]}}