{"id":223799,"date":"2026-07-05T17:14:11","date_gmt":"2026-07-05T17:14:11","guid":{"rendered":"https:\/\/www.europesays.com\/ro\/223799\/"},"modified":"2026-07-05T17:14:11","modified_gmt":"2026-07-05T17:14:11","slug":"oficial-razvan-lucescu-a-fost-prezentat-la-noua-lui-echipa-va-castiga-o-avere","status":"publish","type":"post","link":"https:\/\/www.europesays.com\/ro\/223799\/","title":{"rendered":"Oficial: R\u0103zvan Lucescu a fost prezentat la noua lui echip\u0103. Va c\u00e2\u0219tiga o avere"},"content":{"rendered":"<p>Duminica, 05 Iulie 2026, ora 17:39<\/p>\n<p>2328 citiri<\/p>\n<p><a class=\"news__image\" data-href=\"https:\/\/s1.ziareromania.ro\/?mmid=b30e656b1de000935f\" data-size=\"1024x683\" title=\"Oficial: R\u0103zvan Lucescu a fost prezentat la noua lui echip\u0103. Va c\u00e2\u0219tiga o avere\"><img decoding=\"async\" src=\"https:\/\/www.europesays.com\/ro\/wp-content\/uploads\/2026\/07\/Oficial--R--zvan-Lucescu-a-fost-prezentat-la-noua-lui-echip----Va-c----tiga-o-avere.jpg\" alt=\"Oficial: R\u0103zvan Lucescu a fost prezentat la noua lui echip\u0103. Va c\u00e2\u0219tiga o avere\" title=\"Oficial: R\u0103zvan Lucescu a fost prezentat la noua lui echip\u0103. Va c\u00e2\u0219tiga o avere\" class=\"img-responsive\"\/><\/a><\/p>\n<p>R\u0103zvan Lucescu FOTO X Al Sadd<\/p>\n<p>Clubul Al Sadd din <a href=\"https:\/\/ziare.com\/fotbal\/qatar\/\" title=\"Qatar\" rel=\"nofollow noopener\" target=\"_blank\">Qatar<\/a> l-a prezentat oficial pe R\u0103zvan Lucescu. Antrenorul rom\u00e2n revine astfel \u00een Golf, unde are un contract extraordinar.<\/p>\n<p>R\u0103zvan Lucescu \u00eencepe o nou\u0103 aventur\u0103 \u00een fotbalul din Golf. Antrenorul rom\u00e2n a fost prezentat oficial la Al-Sadd, una dintre cele mai importante forma\u021bii din Qatar.<\/p>\n<p>Potrivit informa\u021biilor ap\u0103rute \u00een presa din Orientul Mijlociu, contractul este valabil pentru urm\u0103toarele dou\u0103 sezoane \u0219i include op\u021biunea de prelungire pentru \u00eenc\u0103 un an.<\/p>\n<p>Din punct de vedere financiar, mutarea este una dintre cele mai importante din carier\u0103 lui Lucescu. Acesta ar urma s\u0103 \u00eencaseze aproximativ 3,5 milioane de euro net pe sezon, iar suma poate cre\u0219te prin bonusuri de performan\u021b\u0103. \u00cen cazul \u00een care toate obiectivele contractuale vor fi \u00eendeplinite \u0219i colaborarea se va \u00eentinde pe trei ani, c\u00e2\u0219tigurile totale ale rom\u00e2nului pot dep\u0103\u0219i 12 milioane de euro.<\/p>\n<p>Dup\u0103 desp\u0103r\u021birea de PAOK Salonic, R\u0103zvan Lucescu a avut mai multe variante pe mas\u0103, \u00eens\u0103 a ales proiectul propus de Al-Sadd, campioana Qatarului \u0219i una dintre for\u021bele tradi\u021bionale ale fotbalului asiatic.<\/p>\n<p>La noua sa echip\u0103, antrenorul rom\u00e2n va lucra cu juc\u0103tori importan\u021bi, printre care \u0219i atacantul brazilian Roberto Firmino, fostul star al lui Liverpool. Clubul din Doha \u00ee\u0219i propune s\u0103 domine competi\u021biile interne \u0219i s\u0103 aib\u0103 un parcurs c\u00e2t mai lung \u00een Liga Campionilor Asiei.<\/p>\n<p>Pentru R\u0103zvan Lucescu, aceasta va fi o revenire \u00een fotbalul din zona Golfului, dup\u0103 experien\u021bele anterioare din Arabia Saudit\u0103 \u0219i Qatar.<\/p>\n<blockquote class=\"twitter-tweet\">\n<p lang=\"ar\" dir=\"rtl\">\u270d\ufe0f\ud83c\udffb | \u0631\u0633\u0645\u064a\u0627\u064b | \u0631\u0632\u0641\u0627\u0646 \u0644\u0648\u0634\u064a\u0633\u0643\u0648 \u0645\u062f\u0631\u0628\u0627\u064b \u0644\u0644\u0632\u0639\u064a\u0645 \u0644\u0645\u0648\u0633\u0645\u064a\u0646 \u0642\u0627\u062f\u0645\u064a\u0646 .<a href=\"https:\/\/x.com\/hashtag\/%D8%A7%D9%84%D8%B3%D8%AF?src=hash&amp;ref_src=twsrc%5Etfw\" rel=\"nofollow\">#\u0627\u0644\u0633\u062f<\/a> | <a href=\"https:\/\/x.com\/hashtag\/AlSadd?src=hash&amp;ref_src=twsrc%5Etfw\" rel=\"nofollow\">#AlSadd<\/a> <a href=\"https:\/\/t.co\/BGjHH92QFe\" rel=\"nofollow\">pic.twitter.com\/BGjHH92QFe<\/a><\/p>\n<p>\u2014 \ud83c\udfc6 #83 Al Sadd SC | \u0646\u0627\u062f\u064a \u0627\u0644\u0633\u062f (@AlsaddSC) <a href=\"https:\/\/x.com\/AlsaddSC\/status\/2073769510155288714?ref_src=twsrc%5Etfw\" rel=\"nofollow\">July 5, 2026<\/a><\/p><\/blockquote>\n<p>\u021ai-a pl\u0103cut articolul?<\/p>\n<p> Vrem s\u0103 producem mai multe, \u00eens\u0103 avem nevoie de sus\u021binerea ta. Orice dona\u021bie conteaz\u0103 pentru jurnalismul independent <\/p>\n<p>   <script async src=\"https:\/\/platform.twitter.com\/widgets.js\" charset=\"utf-8\"><\/script><\/p>\n","protected":false},"excerpt":{"rendered":"Duminica, 05 Iulie 2026, ora 17:39 2328 citiri R\u0103zvan Lucescu FOTO X Al Sadd Clubul Al Sadd din&hellip;\n","protected":false},"author":2,"featured_media":223800,"comment_status":"","ping_status":"","sticky":false,"template":"","format":"standard","meta":{"footnotes":"","_share_on_mastodon":"0"},"categories":[20],"tags":[45913,528,4121,2466,41,40,38,39,185,184],"class_list":["post-223799","post","type-post","status-publish","format-standard","has-post-thumbnail","category-sport","tag-al-sadd","tag-contract","tag-paok-salonic","tag-razvan-lucescu","tag-ro","tag-romana","tag-romania","tag-romanian","tag-sport","tag-sports"],"share_on_mastodon":{"url":"https:\/\/pubeurope.com\/@ro\/116868498261323606","error":""},"_links":{"self":[{"href":"https:\/\/www.europesays.com\/ro\/wp-json\/wp\/v2\/posts\/223799","targetHints":{"allow":["GET"]}}],"collection":[{"href":"https:\/\/www.europesays.com\/ro\/wp-json\/wp\/v2\/posts"}],"about":[{"href":"https:\/\/www.europesays.com\/ro\/wp-json\/wp\/v2\/types\/post"}],"author":[{"embeddable":true,"href":"https:\/\/www.europesays.com\/ro\/wp-json\/wp\/v2\/users\/2"}],"replies":[{"embeddable":true,"href":"https:\/\/www.europesays.com\/ro\/wp-json\/wp\/v2\/comments?post=223799"}],"version-history":[{"count":0,"href":"https:\/\/www.europesays.com\/ro\/wp-json\/wp\/v2\/posts\/223799\/revisions"}],"wp:featuredmedia":[{"embeddable":true,"href":"https:\/\/www.europesays.com\/ro\/wp-json\/wp\/v2\/media\/223800"}],"wp:attachment":[{"href":"https:\/\/www.europesays.com\/ro\/wp-json\/wp\/v2\/media?parent=223799"}],"wp:term":[{"taxonomy":"category","embeddable":true,"href":"https:\/\/www.europesays.com\/ro\/wp-json\/wp\/v2\/categories?post=223799"},{"taxonomy":"post_tag","embeddable":true,"href":"https:\/\/www.europesays.com\/ro\/wp-json\/wp\/v2\/tags?post=223799"}],"curies":[{"name":"wp","href":"https:\/\/api.w.org\/{rel}","templated":true}]}}