{"id":223915,"date":"2026-07-05T20:10:12","date_gmt":"2026-07-05T20:10:12","guid":{"rendered":"https:\/\/www.europesays.com\/ro\/223915\/"},"modified":"2026-07-05T20:10:12","modified_gmt":"2026-07-05T20:10:12","slug":"razvan-lucescu-ar-fi-ajuns-la-un-acord-cu-campioana-qatarului","status":"publish","type":"post","link":"https:\/\/www.europesays.com\/ro\/223915\/","title":{"rendered":"R\u0103zvan Lucescu ar fi ajuns la un acord cu campioana Qatarului"},"content":{"rendered":"<p id=\"p-0\">R\u0103zvan Lucescu a ajuns la un acord contractual cu campioana Qatarului, Al-Sadd, dup\u0103 ce a plecat de la PAOK Salonic la finalul acestui sezon, <a href=\"https:\/\/www.gsp.ro\/international\/campionate\/razvan-lucescu-a-semnat-cu-al-sadd-qatar-956873.html\" target=\"_blank\" rel=\"noopener nofollow\">potrivit informa\u021biilor gsp.ro<\/a>.<\/p>\n<p id=\"p-1\">Aceea\u0219i surs\u0103 indic\u0103 faptul c\u0103 tehnicianul rom\u00e2n ar fi fost de acord cu un contract pe doi ani, cu o op\u021biune pentru \u00eenc\u0103 un an. El va c\u00e2\u0219tiga 5 milioane de euro pe an la cea mai titrat\u0103 echip\u0103 din Qatar.<\/p>\n<p>&#8211; articolul continu\u0103 mai jos &#8211;<\/p>\n<p id=\"p-2\">Antrenorul rom\u00e2n \u00eel va \u00eenlocui pe italianul Roberto Mancini la Al-Sadd.<\/p>\n<p id=\"p-3\">R\u0103zvan Lucescu ajunge la Al-Sadd dup\u0103 un nou sezon la cap\u0103tul c\u0103ruia gruparea din Golf a ridicat trofeul de campioan\u0103 deasupra capului.<\/p>\n<p id=\"p-4\">R\u0103zvan Lucescu a petrecut aproape 5 ani \u00een cel de-al doilea mandat la PAOK Salonic, perioad\u0103 care a inclus c\u00e2\u0219tigarea campionatului Greciei \u00een 2024, al patrulea titlu de campioni din istoria grup\u0103rii din Salonic.<\/p>\n<p id=\"p-5\">\u00a0<\/p>\n","protected":false},"excerpt":{"rendered":"R\u0103zvan Lucescu a ajuns la un acord contractual cu campioana Qatarului, Al-Sadd, dup\u0103 ce a plecat de la&hellip;\n","protected":false},"author":2,"featured_media":209585,"comment_status":"","ping_status":"","sticky":false,"template":"","format":"standard","meta":{"footnotes":"","_share_on_mastodon":"0"},"categories":[20],"tags":[45913,4121,2466,41,40,38,39,185,184],"class_list":["post-223915","post","type-post","status-publish","format-standard","has-post-thumbnail","category-sport","tag-al-sadd","tag-paok-salonic","tag-razvan-lucescu","tag-ro","tag-romana","tag-romania","tag-romanian","tag-sport","tag-sports"],"share_on_mastodon":{"url":"https:\/\/pubeurope.com\/@ro\/116869190386175555","error":""},"_links":{"self":[{"href":"https:\/\/www.europesays.com\/ro\/wp-json\/wp\/v2\/posts\/223915","targetHints":{"allow":["GET"]}}],"collection":[{"href":"https:\/\/www.europesays.com\/ro\/wp-json\/wp\/v2\/posts"}],"about":[{"href":"https:\/\/www.europesays.com\/ro\/wp-json\/wp\/v2\/types\/post"}],"author":[{"embeddable":true,"href":"https:\/\/www.europesays.com\/ro\/wp-json\/wp\/v2\/users\/2"}],"replies":[{"embeddable":true,"href":"https:\/\/www.europesays.com\/ro\/wp-json\/wp\/v2\/comments?post=223915"}],"version-history":[{"count":0,"href":"https:\/\/www.europesays.com\/ro\/wp-json\/wp\/v2\/posts\/223915\/revisions"}],"wp:featuredmedia":[{"embeddable":true,"href":"https:\/\/www.europesays.com\/ro\/wp-json\/wp\/v2\/media\/209585"}],"wp:attachment":[{"href":"https:\/\/www.europesays.com\/ro\/wp-json\/wp\/v2\/media?parent=223915"}],"wp:term":[{"taxonomy":"category","embeddable":true,"href":"https:\/\/www.europesays.com\/ro\/wp-json\/wp\/v2\/categories?post=223915"},{"taxonomy":"post_tag","embeddable":true,"href":"https:\/\/www.europesays.com\/ro\/wp-json\/wp\/v2\/tags?post=223915"}],"curies":[{"name":"wp","href":"https:\/\/api.w.org\/{rel}","templated":true}]}}