{"id":223946,"date":"2026-07-05T20:45:16","date_gmt":"2026-07-05T20:45:16","guid":{"rendered":"https:\/\/www.europesays.com\/ro\/223946\/"},"modified":"2026-07-05T20:45:16","modified_gmt":"2026-07-05T20:45:16","slug":"a-vazut-transferurile-facute-de-universitatea-craiova-in-acest-mercato-si-e-convins-eu-am-incredere-mare","status":"publish","type":"post","link":"https:\/\/www.europesays.com\/ro\/223946\/","title":{"rendered":"A v\u0103zut transferurile f\u0103cute de Universitatea Craiova \u00een acest mercato \u0219i e convins: \u201cEu am \u00eencredere mare\u201d"},"content":{"rendered":"\n<ul class=\"bullets\">\n<li>\n<p>Media: Digi Sport Special, duminic\u0103, 19:30, DGS 1<\/p>\n<\/li>\n<li>\n<p>Media: Fotbal European, duminic\u0103, 21:30, DGS 1<\/p>\n<\/li>\n<\/ul>\n<p>Campioana Rom\u00e2niei are planuri mari \u00een acest sezon \u0219i atac\u0103 calificarea \u00een faza principal\u0103 din UEFA Champions League. Primul pas va fi \u00een turul 1 preliminar, contra celor de la ML Vitebsk &#8211; <a href=\"https:\/\/www.digisport.ro\/fotbal\/champions-league\/dubla-universitatea-craiova-ml-vitebsk-din-primul-tur-preliminar-champions-league-se-vede-in-direct-la-digi-sport-4349669\" target=\"_blank\" rel=\"noopener nofollow\" data-skip-linkfix=\"1\">dubla se vede \u00een direct la Digi Sport 1<\/a>!<\/p>\n<p>Andrei Cristea are a\u0219tept\u0103ri mari de la juc\u0103torii transfera\u021bi de Universitatea Craiova<\/p>\n<p>Andrei Cristea (42 de ani), fost juc\u0103tor al Universit\u0103\u021bii Craiova, are a\u0219tept\u0103ri mari de la juc\u0103torii pe care oltenii i-au transferat \u00een aceast\u0103 perioad\u0103 de mercato, cu o suma record investit\u0103. Cristea \u0219i-a motivat declara\u021biile f\u0103c\u00e2nd referire la achizi\u021biile f\u0103cute de campioana Rom\u00e2niei \u00een vara trecut\u0103, c\u00e2nd to\u021bi juc\u0103torii transfera\u021bi au avut realiz\u0103ri notabile.<\/p>\n<p>&#8222;A\u0219tept\u0103rile sunt foarte mari. \u00cen var\u0103 (n.r. anul trecut) s-au f\u0103cut bine \u0219i au fost rezultate. S\u0103 fiu sincer, nu am urm\u0103rit. Eu am \u00eencredere mare. Testul l-au dat anul trecut c\u00e2nd au transferat juc\u0103tori buni, cu Felgueiras \u0219i R\u0103doi. Cred c\u0103 \u0219i-au adus juc\u0103torii unde aveau nevoie, concuren\u021b\u0103 pe posturi. Au planuri mari \u00een continuare. Arat\u0103 bine din multe puncte de vedere. Chiar dac\u0103 numele acestea nu spun multe, dar anul trecut au fost Nsimba, Assad&#8230; care au demonstrat c\u0103 au fost transferuri reu\u0219ite&#8221;, a declarat Andrei Cristea, \u00een direct la emisiunea Liga Digi Sport de vineri, 3 iulie.<\/p>\n<p>  Cele 5 transferuri f\u0103cute de Universitatea Craiova \u00een perioada de mercato a verii<\/p>\n<p>Universitatea Craiova a \u00eenceput transferurile din aceast\u0103 var\u0103 prin aducerea a 2 portari: Alexandru Maxim (19 ani), respectiv R\u0103zvan Sava (24 de ani), <a href=\"https:\/\/www.digisport.ro\/fotbal\/liga-1\/clauza-impusa-de-udinese-dupa-ce-universitatea-craiova-l-a-cumparat-definitiv-pe-razvan-sava-4325929\" target=\"_blank\" rel=\"noopener nofollow\" data-skip-linkfix=\"1\">venit de la Udinese pentru 2,5 de milioane de euro<\/a>.<\/p>\n<p>A urmat transferul lui Ronaldo Webster (24 de ani), care \u00eei va face concuren\u021b\u0103 pe post veteranului Nicu\u0219or Bancu, \u00een banda st\u00e2ng\u0103.<\/p>\n<p>Atacan\u021bii Heri Tavares (29 de ani), de la Maccabi Netanya \u0219i Simon Elisor (26 de ani), de la Famalicao, sunt <a href=\"https:\/\/www.digisport.ro\/fotbal\/liga-1\/universitatea-craiova-a-facut-al-cincilea-transfer-al-verii-si-l-a-prezentat-intr-un-mod-inedit-4354421\" target=\"_blank\" rel=\"noopener nofollow\" data-skip-linkfix=\"1\">ultimii ajun\u0219i \u00een lotul campioanei<\/a>, \u00een aceast\u0103 var\u0103, p\u00e2n\u0103 acum.<\/p>\n<p>Universitatea Craiova, \u00eenceput \u00een for\u021b\u0103 \u00een noul sezon: dubla din Champions League \u0219i Supercupa Rom\u00e2niei<\/p>\n<p>Campioana are un \u00eenceput de sezon electrizant. Dup\u0103 cantonamentul din Austria, Universitatea Craiova va da piept cu ML Vitebsk, \u00een turul 1 preliminar din UEFA Champions League, pe 8 iulie, de la ora 20:00, \u00een deplasare, \u00een direct la Digi Sport 1.<\/p>\n<p>Apoi, pe 12 iulie (20:30), tot \u00een direct la Digi Sport 1, campioana se lupt\u0103 pentru <a href=\"https:\/\/www.digisport.ro\/fotbal\/frf-a-facut-anuntul-despre-biletele-la-supercupa-dintre-universitatea-craiova-si-u-cluj-4338319\" target=\"_blank\" rel=\"noopener nofollow\" data-skip-linkfix=\"1\">c\u00e2\u0219tigarea Supercupei Rom\u00e2niei<\/a>, contra lui U Cluj, grupare \u00een fa\u021ba c\u0103reia a c\u00e2\u0219tigat ambele trofee \u00een sezonul trecut.<\/p>\n<p>Returul cu ML Vitebsk va fi pe 15 iulie, de la ora 20:30, la Craiova.<\/p>\n<p>Toate cele 3 meciuri vor putea fi urm\u0103rite \u00ceN DIRECT pe Digi Sport, \u00een format LIVE VIDEO pe digisport.ro, dar \u0219i din <a href=\"https:\/\/www.digisport.ro\/app\" target=\"_blank\" rel=\"noopener nofollow\" data-skip-linkfix=\"1\">aplica\u021bia Digi Sport<\/a> (disponibil\u0103 \u00een Google Play \u0219i App Store) de c\u0103tre abona\u021bii Digi Rom\u00e2nia de pe teritoriul \u021b\u0103rii.<\/p>\n<p>  Etichete:  <a href=\"https:\/\/www.digisport.ro\/eticheta\/andrei-cristea\" rel=\"nofollow noopener\" target=\"_blank\">andrei cristea<\/a> , <a href=\"https:\/\/www.digisport.ro\/eticheta\/mercato\" rel=\"nofollow noopener\" target=\"_blank\">mercato<\/a> , <a href=\"https:\/\/www.digisport.ro\/eticheta\/transferuri-craiova\" rel=\"nofollow noopener\" target=\"_blank\">transferuri craiova<\/a>   <\/p>\n<p>Urm\u0103re\u0219te \u0219tirile digisport.ro \u0219i pe <a href=\"https:\/\/news.google.com\/publications\/CAAiENr1L9HFNMG5hpp5zTfVtpsqFAgKIhDa9S_RxTTBuYaaec031bab?ceid=RO:ro&amp;oc=3\" target=\"_blank\" rel=\"external nofollow noopener\">Google News<\/a><\/p>\n<p>   Noua Aplica\u0163ie Digi Sport poate fi desc\u0103rcat\u0103 din   <\/p>\n","protected":false},"excerpt":{"rendered":"Media: Digi Sport Special, duminic\u0103, 19:30, DGS 1 Media: Fotbal European, duminic\u0103, 21:30, DGS 1 Campioana Rom\u00e2niei are&hellip;\n","protected":false},"author":2,"featured_media":223947,"comment_status":"","ping_status":"","sticky":false,"template":"","format":"standard","meta":{"footnotes":"","_share_on_mastodon":"0"},"categories":[20],"tags":[2701,7119,41,40,38,39,185,184,579],"class_list":["post-223946","post","type-post","status-publish","format-standard","has-post-thumbnail","category-sport","tag-andrei-cristea","tag-mercato","tag-ro","tag-romana","tag-romania","tag-romanian","tag-sport","tag-sports","tag-transferuri-craiova"],"share_on_mastodon":{"url":"https:\/\/pubeurope.com\/@ro\/116869327912399116","error":""},"_links":{"self":[{"href":"https:\/\/www.europesays.com\/ro\/wp-json\/wp\/v2\/posts\/223946","targetHints":{"allow":["GET"]}}],"collection":[{"href":"https:\/\/www.europesays.com\/ro\/wp-json\/wp\/v2\/posts"}],"about":[{"href":"https:\/\/www.europesays.com\/ro\/wp-json\/wp\/v2\/types\/post"}],"author":[{"embeddable":true,"href":"https:\/\/www.europesays.com\/ro\/wp-json\/wp\/v2\/users\/2"}],"replies":[{"embeddable":true,"href":"https:\/\/www.europesays.com\/ro\/wp-json\/wp\/v2\/comments?post=223946"}],"version-history":[{"count":0,"href":"https:\/\/www.europesays.com\/ro\/wp-json\/wp\/v2\/posts\/223946\/revisions"}],"wp:featuredmedia":[{"embeddable":true,"href":"https:\/\/www.europesays.com\/ro\/wp-json\/wp\/v2\/media\/223947"}],"wp:attachment":[{"href":"https:\/\/www.europesays.com\/ro\/wp-json\/wp\/v2\/media?parent=223946"}],"wp:term":[{"taxonomy":"category","embeddable":true,"href":"https:\/\/www.europesays.com\/ro\/wp-json\/wp\/v2\/categories?post=223946"},{"taxonomy":"post_tag","embeddable":true,"href":"https:\/\/www.europesays.com\/ro\/wp-json\/wp\/v2\/tags?post=223946"}],"curies":[{"name":"wp","href":"https:\/\/api.w.org\/{rel}","templated":true}]}}