{"id":224021,"date":"2026-07-06T00:08:15","date_gmt":"2026-07-06T00:08:15","guid":{"rendered":"https:\/\/www.europesays.com\/ro\/224021\/"},"modified":"2026-07-06T00:08:15","modified_gmt":"2026-07-06T00:08:15","slug":"fanii-mexicului-si-au-pus-in-practica-celebra-strategie-i-au-terorizat-pe-englezi-inaintea-duelului-din-optimi-artificii-si-fanfara-la-hotel","status":"publish","type":"post","link":"https:\/\/www.europesays.com\/ro\/224021\/","title":{"rendered":"Fanii Mexicului \u0219i-au pus \u00een practic\u0103 celebra strategie. I-au terorizat pe englezi \u00eenaintea duelului din optimi: artificii \u0219i fanfar\u0103 la hotel"},"content":{"rendered":"<p>Atmosfera dinaintea\u00a0<a href=\"https:\/\/adevarul.ro\/sport\/selectionerul-frantei-ridiculizat-pe-internet-2541072.html\" rel=\"nofollow noopener\" target=\"_blank\">confrunt\u0103rii dintre Anglia \u0219i Mexic, din optimile Cupei Mondiale 2026<\/a>, a devenit extrem de tensionat\u0103. Suporterii mexicani au \u00eencercat s\u0103 perturbe preg\u0103tirea echipei preg\u0103tite de Thomas Tuchel, organiz\u00e2nd un adev\u0103rat spectacol \u00een fa\u021ba hotelului \u00een care este cazat\u0103 delega\u021bia englez\u0103.<\/p>\n<p>\t\t\t<img decoding=\"async\" src=\"https:\/\/www.europesays.com\/ro\/wp-content\/uploads\/2026\/07\/1783296495_557_index.png\" alt=\"Suporterii primei reprezentative a Mexicului  Foto\/Getty\" width=\"1400\" height=\"617\" loading=\"eager\" fetchpriority=\"high\" class=\"svelte-h45upf\"\/><\/p>\n<p>Suporterii primei reprezentative a Mexicului  Foto\/Getty<\/p>\n<p>publicitate&#8221;); background-position: center center; background-repeat: no-repeat;&#8221;&gt;<\/p>\n<p>Mii de fani ai na\u021bionalei Mexicului, \u00eenso\u021bi\u021bi de muzican\u021bi, au aprins artificii \u0219i au creat un zgomot puternic, \u00een speran\u021ba c\u0103 juc\u0103torii\u00a0<a href=\"https:\/\/adevarul.ro\/sport\/psg-si-a-trecut-numele-in-cartea-recordurilor-la-2541055.html\" rel=\"nofollow noopener\" target=\"_blank\">Angliei nu vor avea parte de odihna necesar\u0103 \u00eenaintea duelului decisiv<\/a>.<\/p>\n<p>Nu este prima dat\u0103 c\u00e2nd\u00a0<a href=\"https:\/\/adevarul.ro\/sport\/franta-a-tremurat-cu-paraguay-1-0-un-penalty-a-2541038.html\" rel=\"nofollow noopener\" target=\"_blank\">suporterii mexicani recurg la o astfel de tactic\u0103<\/a>. Ace\u0219tia au procedat similar \u0219i \u00eenaintea meciului cu Ecuador, c\u00e2\u0219tigat cu 2-0 \u00een \u0219aisprezecimile de final\u0103, iar presa local\u0103 a relatat c\u0103 strategia a avut efectul dorit.<\/p>\n<p>\t\t\tM\u0103suri speciale de securitate pentru na\u021bionala Angliei<\/p>\n<p>Conducerea tehnic\u0103 a Angliei, \u00een frunte cu Thomas Tuchel, a reac\u021bionat rapid pentru a limita efectele provoc\u0103rilor venite din partea suporterilor mexicani. Juc\u0103torii au primit dopuri de urechi \u0219i remedii naturale pentru somn, pentru a se putea odihni \u00eenaintea confrunt\u0103rii decisive.<\/p>\n<p>Federa\u021bia Englez\u0103 a luat, la r\u00e2ndul s\u0103u, m\u0103suri suplimentare pentru protejarea delega\u021biei. \u00cen jurul hotelului \u00een care este cazat\u0103 reprezentativa britanic\u0103 a fost instituit un dispozitiv extins de securitate, cu un num\u0103r mare de agen\u021bi mobiliza\u021bi pentru a preveni eventualele incidente.<\/p>\n<p>publicitate&#8221;); background-position: center center; background-repeat: no-repeat;&#8221;&gt;<\/p>\n","protected":false},"excerpt":{"rendered":"Atmosfera dinaintea\u00a0confrunt\u0103rii dintre Anglia \u0219i Mexic, din optimile Cupei Mondiale 2026, a devenit extrem de tensionat\u0103. Suporterii mexicani&hellip;\n","protected":false},"author":2,"featured_media":224022,"comment_status":"","ping_status":"","sticky":false,"template":"","format":"standard","meta":{"footnotes":"","_share_on_mastodon":"0"},"categories":[20],"tags":[3036,3003,7053,41,40,38,39,185,184],"class_list":["post-224021","post","type-post","status-publish","format-standard","has-post-thumbnail","category-sport","tag-anglia","tag-cupa-mondiala","tag-mexic","tag-ro","tag-romana","tag-romania","tag-romanian","tag-sport","tag-sports"],"share_on_mastodon":{"url":"https:\/\/pubeurope.com\/@ro\/116870126477759346","error":""},"_links":{"self":[{"href":"https:\/\/www.europesays.com\/ro\/wp-json\/wp\/v2\/posts\/224021","targetHints":{"allow":["GET"]}}],"collection":[{"href":"https:\/\/www.europesays.com\/ro\/wp-json\/wp\/v2\/posts"}],"about":[{"href":"https:\/\/www.europesays.com\/ro\/wp-json\/wp\/v2\/types\/post"}],"author":[{"embeddable":true,"href":"https:\/\/www.europesays.com\/ro\/wp-json\/wp\/v2\/users\/2"}],"replies":[{"embeddable":true,"href":"https:\/\/www.europesays.com\/ro\/wp-json\/wp\/v2\/comments?post=224021"}],"version-history":[{"count":0,"href":"https:\/\/www.europesays.com\/ro\/wp-json\/wp\/v2\/posts\/224021\/revisions"}],"wp:featuredmedia":[{"embeddable":true,"href":"https:\/\/www.europesays.com\/ro\/wp-json\/wp\/v2\/media\/224022"}],"wp:attachment":[{"href":"https:\/\/www.europesays.com\/ro\/wp-json\/wp\/v2\/media?parent=224021"}],"wp:term":[{"taxonomy":"category","embeddable":true,"href":"https:\/\/www.europesays.com\/ro\/wp-json\/wp\/v2\/categories?post=224021"},{"taxonomy":"post_tag","embeddable":true,"href":"https:\/\/www.europesays.com\/ro\/wp-json\/wp\/v2\/tags?post=224021"}],"curies":[{"name":"wp","href":"https:\/\/api.w.org\/{rel}","templated":true}]}}