{"id":224043,"date":"2026-07-06T00:49:07","date_gmt":"2026-07-06T00:49:07","guid":{"rendered":"https:\/\/www.europesays.com\/ro\/224043\/"},"modified":"2026-07-06T00:49:07","modified_gmt":"2026-07-06T00:49:07","slug":"probleme-inainte-de-mexic-anglia-startul-partidei-a-fost-amanat","status":"publish","type":"post","link":"https:\/\/www.europesays.com\/ro\/224043\/","title":{"rendered":"Probleme \u00eenainte de Mexic \u2013 Anglia! Startul partidei a fost am\u00e2nat!"},"content":{"rendered":"\n<ul class=\"bullets\">\n<li>\n<p>Media: Liga Digi Sport, luni, 18:00, DGS 1<\/p>\n<\/li>\n<li>\n<p>Media: Fotbal European, luni, 22:49, DGS 1<\/p>\n<\/li>\n<\/ul>\n<p>Duelul din optimile Cupei Mondiale 2026 poate fi urm\u0103rit \u00een format LIVE TEXT pe site-ul digisport.ro, dar \u0219i <a href=\"https:\/\/www.digisport.ro\/app\" target=\"_blank\" rel=\"noopener nofollow\" data-skip-linkfix=\"1\">aplica\u021bia Digi Sport<\/a>, disponibil\u0103 \u00een Google Play \u0219i App Store.<\/p>\n<p>Startul partidei dintre Mexic \u0219i Anglia a fost am\u00e2nat cu o or\u0103, din cauza furtunii!<\/p>\n<p>Cu 50 de minute \u00eenainte de startul oficial al partidei, FIFA a anun\u021bat pe site-ul oficial c\u0103 furtuna \u00eempiedic\u0103 \u00eenceperea partidei!<\/p>\n<p>&#8222;Din cauza condi\u021biilor meteorologice nefavorabile din Ciudad de M\u00e9xico, inclusiv a riscului de desc\u0103rc\u0103ri electrice \u00een apropierea stadionului, startul meciului dintre Mexic \u0219i Anglia, din optimile de final\u0103 ale Cupei Mondiale FIFA 2026, a fost am\u00e2nat pentru ora 19:00, ora local\u0103 (21:00 EDT \/ 04:00, ora Rom\u00e2niei, \u00een noaptea de s\u00e2mb\u0103t\u0103 spre duminic\u0103).<\/p>\n<p>Siguran\u021ba \u0219i securitatea tuturor persoanelor reprezint\u0103 prioritatea FIFA. Le mul\u021bumim tuturor fanilor pentru \u00een\u021belegere \u0219i cooperare&#8221;, a scris FIFA pe <a href=\"https:\/\/www.fifa.com\/en\/match-centre\/match\/17\/285023\/289288\/400021531\" target=\"_blank\" rel=\"noopener nofollow\" data-skip-linkfix=\"1\">site-ul oficial<\/a>.<\/p>\n<p>De\u0219i exista o alert\u0103 de vreme sever\u0103, iar englezii au cerut ca ora de start s\u0103 fie modificat\u0103, <a href=\"https:\/\/www.digisport.ro\/fotbal\/cm-2026\/dupa-discutii-indelungate-fifa-a-luat-decizia-in-privinta-meciului-mexic-anglia-4357499\" target=\"_blank\" rel=\"noopener nofollow\" data-skip-linkfix=\"1\">FIFA a anun\u021bat \u00een cele din urm\u0103 c\u0103 partida se va disputa<\/a> cum a fost programat\u0103 ini\u021bial.<\/p>\n<p>Echipele de start de la partida Mexic &#8211; Anglia din optimile Cupei Mondiale 2026<\/p>\n<p>Echipele de start<\/p>\n<ul>\n<li>Mexic: Ranghel &#8211; Sanchez, Montes, Vasquez, Gallardo &#8211; Lira, Romo, Mora &#8211; Jimenez, Quinones, Alvarado<\/li>\n<\/ul>\n<p>Rezerve: Acevedo, Ochoa, Alvarez, Reyes, Chavez, Fidalgo, Pineda, Vargas, Chavez, Gutierrez, Vega, Gimenez, Gonzalez, Huerta, Martinez<\/p>\n<p>Selec\u021bioner: Javier Aguirre<\/p>\n<ul>\n<li>Anglia: Pickford &#8211; Konsa, Oreilly, Guehi, Quansah &#8211; Rice, Anderson, Bellingham &#8211; Saka, Kane, Gordon<\/li>\n<\/ul>\n<p>Rezerve: Henderson, Trafford, Stones, Chalobah, Burn, James, Spence, Henderson J., Mainoo, Rogers, Eze, Rashford, Watkins, Madueke, Toney<\/p>\n<p>Selec\u021bioner: Thomas Tuchel<\/p>\n<p>  Etichete:  <a href=\"https:\/\/www.digisport.ro\/eticheta\/anglia\" rel=\"nofollow noopener\" target=\"_blank\">anglia<\/a> , <a href=\"https:\/\/www.digisport.ro\/eticheta\/cupa-mondiala\" rel=\"nofollow noopener\" target=\"_blank\">cupa mondiala<\/a> , <a href=\"https:\/\/www.digisport.ro\/eticheta\/mexic\" rel=\"nofollow noopener\" target=\"_blank\">mexic<\/a> , <a href=\"https:\/\/www.digisport.ro\/eticheta\/optimi-cupa-mondiala\" rel=\"nofollow noopener\" target=\"_blank\">optimi cupa mondiala<\/a> , <a href=\"https:\/\/www.digisport.ro\/eticheta\/mexic-anglia\" rel=\"nofollow noopener\" target=\"_blank\">mexic-anglia<\/a>   <\/p>\n<p>Urm\u0103re\u0219te \u0219tirile digisport.ro \u0219i pe <a href=\"https:\/\/news.google.com\/publications\/CAAiENr1L9HFNMG5hpp5zTfVtpsqFAgKIhDa9S_RxTTBuYaaec031bab?ceid=RO:ro&amp;oc=3\" target=\"_blank\" rel=\"external nofollow noopener\">Google News<\/a><\/p>\n<p>   Noua Aplica\u0163ie Digi Sport poate fi desc\u0103rcat\u0103 din   <\/p>\n","protected":false},"excerpt":{"rendered":"Media: Liga Digi Sport, luni, 18:00, DGS 1 Media: Fotbal European, luni, 22:49, DGS 1 Duelul din optimile&hellip;\n","protected":false},"author":2,"featured_media":224044,"comment_status":"","ping_status":"","sticky":false,"template":"","format":"standard","meta":{"footnotes":"","_share_on_mastodon":"0"},"categories":[5],"tags":[3036,32,33,31,3003,36,37,27,34,35,7053,62502,25,60676,41,40,38,39,26,28,29,30],"class_list":["post-224043","post","type-post","status-publish","format-standard","has-post-thumbnail","category-titluri","tag-anglia","tag-breaking-news","tag-breakingnews","tag-cele-mai-populare-subiecte","tag-cupa-mondiala","tag-featured-news","tag-featurednews","tag-headlines","tag-latest-news","tag-latestnews","tag-mexic","tag-mexic-anglia","tag-news","tag-optimi-cupa-mondiala","tag-ro","tag-romana","tag-romania","tag-romanian","tag-stiri","tag-titluri","tag-top-stories","tag-topstories"],"share_on_mastodon":{"url":"https:\/\/pubeurope.com\/@ro\/116870287436989572","error":""},"_links":{"self":[{"href":"https:\/\/www.europesays.com\/ro\/wp-json\/wp\/v2\/posts\/224043","targetHints":{"allow":["GET"]}}],"collection":[{"href":"https:\/\/www.europesays.com\/ro\/wp-json\/wp\/v2\/posts"}],"about":[{"href":"https:\/\/www.europesays.com\/ro\/wp-json\/wp\/v2\/types\/post"}],"author":[{"embeddable":true,"href":"https:\/\/www.europesays.com\/ro\/wp-json\/wp\/v2\/users\/2"}],"replies":[{"embeddable":true,"href":"https:\/\/www.europesays.com\/ro\/wp-json\/wp\/v2\/comments?post=224043"}],"version-history":[{"count":0,"href":"https:\/\/www.europesays.com\/ro\/wp-json\/wp\/v2\/posts\/224043\/revisions"}],"wp:featuredmedia":[{"embeddable":true,"href":"https:\/\/www.europesays.com\/ro\/wp-json\/wp\/v2\/media\/224044"}],"wp:attachment":[{"href":"https:\/\/www.europesays.com\/ro\/wp-json\/wp\/v2\/media?parent=224043"}],"wp:term":[{"taxonomy":"category","embeddable":true,"href":"https:\/\/www.europesays.com\/ro\/wp-json\/wp\/v2\/categories?post=224043"},{"taxonomy":"post_tag","embeddable":true,"href":"https:\/\/www.europesays.com\/ro\/wp-json\/wp\/v2\/tags?post=224043"}],"curies":[{"name":"wp","href":"https:\/\/api.w.org\/{rel}","templated":true}]}}