{"id":225039,"date":"2026-07-07T06:49:12","date_gmt":"2026-07-07T06:49:12","guid":{"rendered":"https:\/\/www.europesays.com\/ro\/225039\/"},"modified":"2026-07-07T06:49:12","modified_gmt":"2026-07-07T06:49:12","slug":"o-noua-interventie-politica-la-mondiale-confesiunea-lui-keir-starmer-premierul-interimar-britanic","status":"publish","type":"post","link":"https:\/\/www.europesays.com\/ro\/225039\/","title":{"rendered":"O nou\u0103 interven\u021bie politic\u0103 la Mondiale: confesiunea lui Keir Starmer, premierul interimar britanic"},"content":{"rendered":"<p>Marti, 07 Iulie 2026, ora 05:47<\/p>\n<p>2721 citiri<\/p>\n<p>Prim-ministrul demisionar britanic Keir Starmer a recunoscut, luni, c\u0103 a intervenit pentru ca <a href=\"https:\/\/ziare.com\/fifa\/\" title=\"FIFA\" rel=\"nofollow noopener\" target=\"_blank\">FIFA<\/a> s\u0103 nu devanseze ora de \u00eencepere a meciului de fotbal dintre Anglia \u0219i Mexic, disputat duminic\u0103 seara la Mexico, \u00een optimile de final\u0103 ale Cupei Mondiale din 2026.<\/p>\n<p>Se luase \u00een considerare o modificare a programului din cauza unor posibile condi\u021bii meteorologice nefavorabile la Mexico. Meciul ar fi \u00eenceput astfel cu \u0219ase ore mai devreme. \u00cens\u0103 FIFA a men\u021binut \u00een cele din urm\u0103 ora de \u00eencepere la 18:00 ora local\u0103 (luni, ora 03:00).<\/p>\n<p>\u201eA trebuit s\u0103 ne lupt\u0103m al\u0103turi de FA (Federa\u021bia Englez\u0103 de Fotbal, n.r.) pentru a readuce ora de \u00eencepere a meciului la programul ini\u021bial\u201d, a declarat \u0219eful guvernului laburist \u00een cadrul unei recep\u021bii la Downing Street.<\/p>\n<p>Potrivit agen\u021biei britanice PA, acesta s-a opus devans\u0103rii \u00eenceputului meciului, deoarece acest lucru ar fi l\u0103sat mai pu\u021bin timp englezilor s\u0103 se aclimatizeze la altitudine, reprezent\u00e2nd astfel un avantaj pentru mexicani.<\/p>\n<p>Stadionul Azteca se afl\u0103 la o altitudine de 2.240 de metri. La o astfel de altitudine, la fiecare efort organismul pierde oxigen, \u00een timp ce mingea circul\u0103 din ce \u00een ce mai repede.<\/p>\n<p>Anglia s-a impus cu 3-2 \u00een fa\u021ba Mexicului la finalul unui meci tensionat, asigur\u00e2ndu-\u0219i astfel calificarea \u00een sferturile de final\u0103. Din cauza condi\u021biilor meteorologice nefavorabile, fluierul de start a fost am\u00e2nat cu o or\u0103, p\u00e2n\u0103 la ora 19:00, ora local\u0103.<\/p>\n<p>Declara\u021biile lui Keir Starmer vin \u00een contextul \u00een care <a href=\"https:\/\/ziare.com\/donald-trump\/\" title=\"Donald Trump\" rel=\"nofollow noopener\" target=\"_blank\">Donald Trump<\/a> a confirmat luni c\u0103 l-a sunat pe pre\u0219edintele FIFA, <a href=\"https:\/\/ziare.com\/gianni-infantino\/\" title=\"Gianni Infantino\" rel=\"nofollow noopener\" target=\"_blank\">Gianni Infantino<\/a>, pentru a solicita reexaminarea cartona\u0219ului ro\u0219u primit de atacantul american Folarin Balogun \u00een timpul unui meci de la Cupa Mondial\u0103 din 2026, astfel \u00eenc\u00e2t acesta s\u0103 poat\u0103 participa la optimile de final\u0103 \u00eempotriva Belgiei. Suspendarea atacantului a fost ridicat\u0103 de comisia de disciplin\u0103 a FIFA. O decizie f\u0103r\u0103 precedent care a declan\u0219at o avalan\u0219\u0103 de reac\u021bii \u0219i critici, amplificat\u0103 \u0219i mai mult dup\u0103 dezv\u0103luirea interven\u021biei lui Donald Trump.<\/p>\n<p>Starmer pleac\u0103 din func\u021bie<\/p>\n<p>Premierul britanic Keir Starmer, foarte nepopular \u0219i tot mai izolat \u00een urma unei victorii a rivalului s\u0103u din Partidul Laburist (Labour) Andy Burnham \u00eentr-un scrutin legislativ par\u021bial, \u0219i-a anun\u021bat demisia pe 22 iunie.<\/p>\n<p>\u0218eful Guvernului britanic p\u0103r\u0103se\u0219te conducerea Partidului Laburist, care se afl\u0103 \u00een prezent la putere.<\/p>\n<p>&#8222;Am vorbit cu Majestatea Sa regele despre demisia mea. Voi cere Comitetului Executiv Na\u021bional al Partidului Laburist s\u0103 stabileasc\u0103 un calendar care s\u0103 prevad\u0103 deschiderea candidaturilor la 9 iulie \u0219i \u00eenchiderea lor \u00eenaintea vacan\u021bei de var\u0103&#8221;, a precizat, \u00een fa\u021ba camerelor de luat imagini, liderului laburist.<\/p>\n<p>\u021ai-a pl\u0103cut articolul?<\/p>\n<p> Vrem s\u0103 producem mai multe, \u00eens\u0103 avem nevoie de sus\u021binerea ta. Orice dona\u021bie conteaz\u0103 pentru jurnalismul independent <\/p>\n","protected":false},"excerpt":{"rendered":"Marti, 07 Iulie 2026, ora 05:47 2721 citiri Prim-ministrul demisionar britanic Keir Starmer a recunoscut, luni, c\u0103 a&hellip;\n","protected":false},"author":2,"featured_media":225040,"comment_status":"","ping_status":"","sticky":false,"template":"","format":"standard","meta":{"footnotes":"","_share_on_mastodon":"0"},"categories":[20],"tags":[3036,8854,352,1982,7053,41,40,38,39,185,184],"class_list":["post-225039","post","type-post","status-publish","format-standard","has-post-thumbnail","category-sport","tag-anglia","tag-campionatul-mondial-2026","tag-fifa","tag-keir-starmer","tag-mexic","tag-ro","tag-romana","tag-romania","tag-romanian","tag-sport","tag-sports"],"share_on_mastodon":{"url":"","error":""},"_links":{"self":[{"href":"https:\/\/www.europesays.com\/ro\/wp-json\/wp\/v2\/posts\/225039","targetHints":{"allow":["GET"]}}],"collection":[{"href":"https:\/\/www.europesays.com\/ro\/wp-json\/wp\/v2\/posts"}],"about":[{"href":"https:\/\/www.europesays.com\/ro\/wp-json\/wp\/v2\/types\/post"}],"author":[{"embeddable":true,"href":"https:\/\/www.europesays.com\/ro\/wp-json\/wp\/v2\/users\/2"}],"replies":[{"embeddable":true,"href":"https:\/\/www.europesays.com\/ro\/wp-json\/wp\/v2\/comments?post=225039"}],"version-history":[{"count":0,"href":"https:\/\/www.europesays.com\/ro\/wp-json\/wp\/v2\/posts\/225039\/revisions"}],"wp:featuredmedia":[{"embeddable":true,"href":"https:\/\/www.europesays.com\/ro\/wp-json\/wp\/v2\/media\/225040"}],"wp:attachment":[{"href":"https:\/\/www.europesays.com\/ro\/wp-json\/wp\/v2\/media?parent=225039"}],"wp:term":[{"taxonomy":"category","embeddable":true,"href":"https:\/\/www.europesays.com\/ro\/wp-json\/wp\/v2\/categories?post=225039"},{"taxonomy":"post_tag","embeddable":true,"href":"https:\/\/www.europesays.com\/ro\/wp-json\/wp\/v2\/tags?post=225039"}],"curies":[{"name":"wp","href":"https:\/\/api.w.org\/{rel}","templated":true}]}}