{"id":225502,"date":"2026-07-07T16:31:13","date_gmt":"2026-07-07T16:31:13","guid":{"rendered":"https:\/\/www.europesays.com\/ro\/225502\/"},"modified":"2026-07-07T16:31:13","modified_gmt":"2026-07-07T16:31:13","slug":"will-smith-si-jada-pinkett-smith-locuiesc-din-nou-impreuna-dupa-ani-de-separare-ce-i-a-facut-sa-dea-o-noua-sansa-casniciei","status":"publish","type":"post","link":"https:\/\/www.europesays.com\/ro\/225502\/","title":{"rendered":"Will Smith \u0219i Jada Pinkett Smith locuiesc din nou \u00eempreun\u0103, dup\u0103 ani de separare. Ce i-a f\u0103cut s\u0103 dea o nou\u0103 \u0219ans\u0103 c\u0103sniciei"},"content":{"rendered":"<p>\n                            Articol scris de Filmnow<br \/>Data public\u0103rii:<br \/>\n                            07.07.2026 10:59\n                        <\/p>\n<p>Jada Pinkett Smith \u0219i Will Smith locuiesc din nou \u00eempreun\u0103, dup\u0103 mai mul\u021bi ani \u00een care au avut case separate. Potrivit unei surse apropiate cuplului, actri\u021ba s-ar fi mutat \u00eenapoi al\u0103turi de so\u021bul ei \u00een urm\u0103 cu aproximativ doi ani, iar rela\u021bia dintre cei doi ar fi \u00een prezent una stabil\u0103.<\/p>\n<p>\u201eJada s-a mutat \u00eenapoi cu Will acum doi ani. Sunt ferici\u021bi, se iubesc \u0219i, ca \u00eentotdeauna, sunt hot\u0103r\u00e2\u021bi s\u0103 se sprijine reciproc\u201d, a declarat un apropiat al cuplului pentru <a href=\"https:\/\/people.com\/jada-pinkett-smith-moved-back-in-will-smith-2-years-ago-exclusive-source-12012745\" data-skip-linkfix=\"1\" target=\"_blank\" rel=\"nofollow noopener\">People<\/a>.<\/p>\n<p>Will Smith, \u00een v\u00e2rst\u0103 de 57 de ani, \u0219i Jada Pinkett Smith, de 54 de ani, sunt c\u0103s\u0103tori\u021bi din 1997, \u00eens\u0103 rela\u021bia lor a trecut prin numeroase momente complicate. \u00cen 2023, actri\u021ba a m\u0103rturisit c\u0103 ea \u0219i so\u021bul s\u0103u erau separa\u021bi \u00eenc\u0103 din 2016. Cu toate acestea, cei doi nu au divor\u021bat \u0219i au continuat s\u0103 p\u0103streze o leg\u0103tur\u0103 apropiat\u0103.<\/p>\n<p>De\u0219i pentru o perioad\u0103 \u00eendelungat\u0103 au locuit \u00een case separate, cei doi actori au continuat s\u0103 apar\u0103 \u00eempreun\u0103 la evenimente importante \u0219i s\u0103 se sus\u021bin\u0103 reciproc. \u00cen ultimii ani, familia a r\u0103mas \u00een centrul rela\u021biei lor, Will \u0219i Jada fiind prezen\u021bi \u00eempreun\u0103 la momentele importante din vie\u021bile copiilor.<\/p>\n<p>Cite\u0219te \u0219i:\u00a0<a href=\"https:\/\/www.filmnow.ro\/stiri\/will-smith-la-brat-cu-sotia-imagini-rare-cu-cei-doi-actori-surprinse-in-paris-au-sarbatorit-cu-fiul-lor-la-un-restaurant-popular-239975\" data-skip-linkfix=\"1\" rel=\"nofollow noopener\" target=\"_blank\">Will Smith, la bra\u021b cu so\u021bia. Imagini rare cu cei doi actori, surprinse \u00een Paris. Au s\u0103rb\u0103torit cu fiul lor la un restaurant popular<\/a><\/p>\n<p>Pe 24 iunie, cei doi <a href=\"https:\/\/www.filmnow.ro\/stiri\/will-smith-si-jada-pinkett-smith-aparitie-rara-pe-covorul-rosu-cum-au-aparut-cei-doi-alaturi-de-copiii-lor-la-paris-240265\" data-skip-linkfix=\"1\" rel=\"nofollow noopener\" target=\"_blank\">au participat la Paris<\/a> la prezentarea colec\u021biei masculine prim\u0103var\u0103-var\u0103 2027 a casei Christian Louboutin, pentru a-l sus\u021bine pe fiul lor, Jaden Smith. Al\u0103turi de ei s-au aflat fiica lor, Willow Smith, fiul cel mare al actorului, Trey Smith, dar \u0219i mama Jadei, Adrienne Banfield-Norris.<\/p>\n<p>Recent, Will \u0219i Jada au fost \u00eempreun\u0103 \u0219i \u00een Philadelphia, unde actorul a participat la evenimentele organizate pentru aniversarea a 250 de ani de la fondarea Statelor Unite. Din cauza vremii nefavorabile, programul artistic a fost am\u00e2nat, iar Will Smith a ajuns s\u0103 c\u00e2nte al\u0103turi de The Roots \u00een jurul orei 2 diminea\u021ba. Potrivit sursei, Jada i-a fost al\u0103turi pe tot parcursul evenimentului.<\/p>\n<p>De-a lungul timpului, at\u00e2t Will Smith, c\u00e2t \u0219i <a href=\"https:\/\/www.filmnow.ro\/stiri\/jada-pinkett-smith-prima-reactie-dupa-ce-a-fost-acuzata-ca-l-ar-fi-amenintat-pe-prietenul-lui-will-smith-vrea-sa-atraga-atentia-226095\" data-skip-linkfix=\"1\" rel=\"nofollow noopener\" target=\"_blank\">Jada Pinkett Smith<\/a> au vorbit despre dificult\u0103\u021bile din c\u0103snicia lor. \u00cen perioada lans\u0103rii volumului s\u0103u de memorii, \u201eWorthy\u201d, \u00een 2023, actri\u021ba spunea c\u0103 ea \u0219i so\u021bul s\u0103u \u00eenc\u0103 \u00eencearc\u0103 s\u0103 descopere ce form\u0103 va avea rela\u021bia lor.<\/p>\n<p>Cite\u0219te \u0219i:<a href=\"https:\/\/www.filmnow.ro\/stiri\/will-smith-recunoaste-ca-el-si-sotia-lui-se-pot-intalni-cu-alte-persoane-casnicia-nu-poate-fi-o-inchisoare-66189\" data-skip-linkfix=\"1\" rel=\"nofollow noopener\" target=\"_blank\">\u00a0Will Smith recunoa\u0219te c\u0103 el \u0219i so\u021bia lui pot avea rela\u021bii cu alte persoane: \u201dC\u0103snicia nu poate fi o \u00eenchisoare!\u201d Cei doi sunt c\u0103s\u0103tori\u021bi din 1997<\/a><\/p>\n<p>\u201ePur \u0219i simplu ne iubim profund unul pe cel\u0103lalt \u0219i vom descoperi cum va ar\u0103ta asta pentru noi\u201d, spunea Jada la momentul respectiv.<\/p>\n<p>\u00cen ianuarie 2025, o alt\u0103 surs\u0103 apropiat\u0103 cuplului sus\u021binea c\u0103 cei doi erau \u00eenc\u0103 \u00eempreun\u0103, chiar dac\u0103 locuiau separat de ani buni. \u00cen septembrie acela\u0219i an, Will Smith s-a aflat al\u0103turi de Jada atunci c\u00e2nd aceasta \u0219i-a s\u0103rb\u0103torit cea de-a 54-a aniversare.<\/p>\n<p>                                <a href=\"http:\/\/www.filmnow.ro\/galerie-foto\/1\/stiri\/will-smith-si-jada-pinkett-smith-locuiesc-din-nou-impreuna-dupa-ani-de-separare-ce-i-a-facut-sa-dea-o-noua-sansa-casniciei-240961#0\" data-skip-linkfix=\"1\" rel=\"nofollow noopener\" target=\"_blank\"><img decoding=\"async\" src=\"https:\/\/www.europesays.com\/ro\/wp-content\/uploads\/2026\/07\/ZTEyMmVmYjdkODdhNWUxNWMyYTAzNWY2MTkwMmU=.thumb.jpg\" alt=\"\" data-skip-htmlfix=\"1\" style=\"width: 100%; height: auto;\"\/><\/a><\/p>\n","protected":false},"excerpt":{"rendered":"Articol scris de FilmnowData public\u0103rii: 07.07.2026 10:59 Jada Pinkett Smith \u0219i Will Smith locuiesc din nou \u00eempreun\u0103, dup\u0103&hellip;\n","protected":false},"author":2,"featured_media":225503,"comment_status":"","ping_status":"","sticky":false,"template":"","format":"standard","meta":{"footnotes":"","_share_on_mastodon":"0"},"categories":[18],"tags":[28735,171,170,60452,7311,41,40,38,39,28095],"class_list":["post-225502","post","type-post","status-publish","format-standard","has-post-thumbnail","category-divertisment","tag-actori-hollywood","tag-divertisment","tag-entertainment","tag-jada-pinkett-smith","tag-relatie","tag-ro","tag-romana","tag-romania","tag-romanian","tag-will-smith"],"share_on_mastodon":{"url":"https:\/\/pubeurope.com\/@ro\/116879653985167741","error":""},"_links":{"self":[{"href":"https:\/\/www.europesays.com\/ro\/wp-json\/wp\/v2\/posts\/225502","targetHints":{"allow":["GET"]}}],"collection":[{"href":"https:\/\/www.europesays.com\/ro\/wp-json\/wp\/v2\/posts"}],"about":[{"href":"https:\/\/www.europesays.com\/ro\/wp-json\/wp\/v2\/types\/post"}],"author":[{"embeddable":true,"href":"https:\/\/www.europesays.com\/ro\/wp-json\/wp\/v2\/users\/2"}],"replies":[{"embeddable":true,"href":"https:\/\/www.europesays.com\/ro\/wp-json\/wp\/v2\/comments?post=225502"}],"version-history":[{"count":0,"href":"https:\/\/www.europesays.com\/ro\/wp-json\/wp\/v2\/posts\/225502\/revisions"}],"wp:featuredmedia":[{"embeddable":true,"href":"https:\/\/www.europesays.com\/ro\/wp-json\/wp\/v2\/media\/225503"}],"wp:attachment":[{"href":"https:\/\/www.europesays.com\/ro\/wp-json\/wp\/v2\/media?parent=225502"}],"wp:term":[{"taxonomy":"category","embeddable":true,"href":"https:\/\/www.europesays.com\/ro\/wp-json\/wp\/v2\/categories?post=225502"},{"taxonomy":"post_tag","embeddable":true,"href":"https:\/\/www.europesays.com\/ro\/wp-json\/wp\/v2\/tags?post=225502"}],"curies":[{"name":"wp","href":"https:\/\/api.w.org\/{rel}","templated":true}]}}