{"id":225696,"date":"2026-07-07T23:01:09","date_gmt":"2026-07-07T23:01:09","guid":{"rendered":"https:\/\/www.europesays.com\/ro\/225696\/"},"modified":"2026-07-07T23:01:09","modified_gmt":"2026-07-07T23:01:09","slug":"refacerea-coalitiei-pare-mai-departe-decat-oricand-analist-politic-nu-cred-ca-intalnirea-va-exista-toti-au-intrat-in-logica-lui-totul-sau-nimic","status":"publish","type":"post","link":"https:\/\/www.europesays.com\/ro\/225696\/","title":{"rendered":"Refacerea coali\u021biei pare mai departe dec\u00e2t oric\u00e2nd. Analist politic: \u201eNu cred c\u0103 \u00eent\u00e2lnirea va exista. To\u021bi au intrat \u00een logica lui totul sau nimic\u201d"},"content":{"rendered":"<p>Marti, 07 Iulie 2026, ora 21:05<\/p>\n<p>1644 citiri<\/p>\n<p><a class=\"news__image\" data-href=\"https:\/\/s2.ziareromania.ro\/?mmid=c2d3556b1e5281bbe2\" data-size=\"498x296\" title=\"Refacerea coali\u021biei pare mai departe dec\u00e2t oric\u00e2nd. Analist politic: \u201eNu cred c\u0103 \u00eent\u00e2lnirea va exista. To\u021bi au intrat \u00een logica lui totul sau nimic\u201d\"><img decoding=\"async\" src=\"https:\/\/www.europesays.com\/ro\/wp-content\/uploads\/2026\/07\/Refacerea-coali--iei-pare-mai-departe-dec--t-oric--nd--Analist-politic-----Nu-cred-c-----nt--lnirea-.jpeg\" alt=\"Refacerea coali\u021biei pare mai departe dec\u00e2t oric\u00e2nd. Analist politic: \u201eNu cred c\u0103 \u00eent\u00e2lnirea va exista. To\u021bi au intrat \u00een logica lui totul sau nimic\u201d\" title=\"Refacerea coali\u021biei pare mai departe dec\u00e2t oric\u00e2nd. Analist politic: \u201eNu cred c\u0103 \u00eent\u00e2lnirea va exista. To\u021bi au intrat \u00een logica lui totul sau nimic\u201d\" class=\"img-responsive\"\/><\/a><\/p>\n<p>Liderii fostei coali\u021bii FOTO colaj Ziare.com Facebook<\/p>\n<p>Posibilitatea unei noi runde de <a href=\"https:\/\/ziare.com\/politica\/negocieri\/\" title=\"negocieri\" rel=\"nofollow noopener\" target=\"_blank\">negocieri<\/a> \u00eentre principalele partide pentru refacerea coali\u021biei de guvernare pare s\u0103 se \u00eendep\u0103rteze. De\u0219i \u00een spa\u021biul public au circulat informa\u021bii privind o \u00eent\u00e2lnire la final de s\u0103pt\u0103m\u00e2n\u0103 \u00eentre <a href=\"https:\/\/ziare.com\/psd\/\" title=\"PSD\" rel=\"nofollow noopener\" target=\"_blank\">PSD<\/a>, <a href=\"https:\/\/ziare.com\/pnl\/\" title=\"PNL\" rel=\"nofollow noopener\" target=\"_blank\">PNL<\/a>, <a href=\"https:\/\/ziare.com\/usr\/\" title=\"USR\" rel=\"nofollow noopener\" target=\"_blank\">USR<\/a> \u0219i <a href=\"https:\/\/ziare.com\/udmr\/\" title=\"UDMR\" rel=\"nofollow noopener\" target=\"_blank\">UDMR<\/a>, mesajele transmise de fiecare forma\u021biune \u00een ultimele ore indic\u0103 mai degrab\u0103 o consolidare a pozi\u021biilor de for\u021b\u0103 dec\u00e2t o disponibilitate pentru dialog.<\/p>\n<p>Politologul Andrei \u021a\u0103ranu, profesor la Facultatea de \u0218tiin\u021be Politice din cadrul SNSPA, a opinat, \u00eentr-un dialog cu Ziare.com, c\u0103 declara\u021biile liderilor politici arat\u0103 c\u0103 premisele unei negocieri de guvern lipsesc, iar \u0219ansele ca discu\u021biile s\u0103 aib\u0103 loc sunt reduse.<\/p>\n<p>Profesorul spune c\u0103 discursurile reprezentan\u021bilor partidelor din fosta coali\u021bie las\u0103 foarte pu\u021bin spa\u021biu pentru revenirea la un <a href=\"https:\/\/ziare.com\/politica\/acord\/\" title=\"acord\" rel=\"nofollow noopener\" target=\"_blank\">acord<\/a> politic pentru a debloca guvernarea.<\/p>\n<p>Negocierile, compromise \u00eenainte de a \u00eencepe<\/p>\n<p>Andrei \u021a\u0103ranu afirm\u0103 c\u0103 nu vede motive pentru care \u00eent\u00e2lnirea despre care se vorbe\u0219te pe surse dintre liderii partidelor ar avea loc, \u00een condi\u021biile \u00een care fiecare dintre actorii politici \u0219i-a fixat pozi\u021bii greu de conciliat. Analistul consider\u0103 c\u0103 mesajele transmise de conducerea <a href=\"https:\/\/ziare.com\/politica\/psd\/\" title=\"PSD\" rel=\"nofollow noopener\" target=\"_blank\">PSD<\/a> au fost formulate \u00een termeni maximali, f\u0103r\u0103 s\u0103 lase loc unor concesii reciproce.<\/p>\n<p>\u201eEu nu cred c\u0103 \u00eent\u00e2lnirea va exista. Pentru c\u0103 toate declara\u021biile care au fost f\u0103cute au fost f\u0103cute \u00een a\u0219a manier\u0103 \u00eenc\u00e2t, chiar dac\u0103, prin absurd, aceast\u0103 \u00eent\u00e2lnire s-ar realiza, liderii celor patru forma\u021biuni s\u0103 nu se \u00een\u021beleag\u0103. L-am ascultat ieri pe domnul Grindeanu, \u00een interviul pe care l-a avut la Digi, \u0219i domnia sa a fost categoric. El a pus foarte multe condi\u021bii: la \u00eent\u00e2lniri s\u0103 nu vin\u0103 domnul Bolojan. E absurd. E pre\u0219edintele <a href=\"https:\/\/ziare.com\/politica\/pnl\/\" title=\"PNL\" rel=\"nofollow noopener\" target=\"_blank\">PNL<\/a>-ului. Cu cine s\u0103 negocieze domnul Grindeanu? C\u0103 domnul Fritz oricum nu mai are partid c\u0103 i l-a luat Bolojan. Despre <a href=\"https:\/\/ziare.com\/politica\/udmr\/\" title=\"UDMR\" rel=\"nofollow noopener\" target=\"_blank\">UDMR<\/a> nu spus nici da, nici nu. Nu a fost foarte clar \u00een ce manier\u0103 ar fi de acord s\u0103 sus\u021bin\u0103 un guvern tehnocrat condus de <a href=\"https:\/\/ziare.com\/alexandru-nazare\/\" title=\"Alexandru Nazare\" rel=\"nofollow noopener\" target=\"_blank\">Alexandru Nazare<\/a>. \u0218i, \u00een general, a avut doar cerin\u021be maximale, pe care era mai mult dec\u00e2t evident c\u0103 ceilal\u021bi nu le vor accepta. \u0218i atunci, cum s\u0103 ai o \u00eent\u00e2lnire \u00een care s\u0103 \u0219tii c\u0103 te duci f\u0103r\u0103 s\u0103 ai niciun fel de posibilitate de negociere? Pentru c\u0103 domnia sa spune, da, negociem \u00een m\u0103sura \u00een care eu v\u0103 spun c\u0103 p\u00e2n\u0103 se face un guvern \u00een jurul PSD, eu s\u0103 fiu prim-ministru \u0219i \u00een genere s\u0103 fac eu cam tot ce cred de cuviin\u021b\u0103. De aici, marea problem\u0103\u201d, a analizat profesorul Andrei \u021a\u0103ranu pentru Ziare.com.<\/p>\n<p>Blocaj general \u00eentre partide<\/p>\n<p>Andrei \u021a\u0103ranu arat\u0103 c\u0103 \u0219i reprezentan\u021bii PNL, <a href=\"https:\/\/ziare.com\/politica\/usr\/\" title=\"USR\" rel=\"nofollow noopener\" target=\"_blank\">USR<\/a> \u0219i UDMR au transmis \u00een ultimele zile semnale care indic\u0103 o lips\u0103 de dorin\u021b\u0103 pentru discu\u021bii cu social-democra\u021bii.<\/p>\n<p>\u201eLa r\u00e2ndul lor, cei de la PNL, prin vocea domnului Muraru, au dat \u0219i ei o declara\u021bie care mai de care mai blocativ\u0103 \u00een care au spus c\u0103 ei oricum nu discut\u0103 cu PSD-ul. Nici nu mai are sens s\u0103 mai discut\u0103m de ce au r\u0103spuns cei de la USR care nici ei nu discut\u0103 cu PSD-ul.<\/p>\n<p>Iar domnul Csoma Botond, de la UDMR, a zis c\u0103 s\u0103 se descurce pre\u0219edintele. De ce crede\u021bi c\u0103 va avea \u00een condi\u021biile acestea loc o \u00eent\u00e2lnire \u00eentre partidele respective dac\u0103 ele practic au transmis un mesaj public unul altuia c\u0103 nu au ce s\u0103 negocieze \u00een clipa de fa\u021b\u0103, c\u0103 ei merg pe sistemul totul sau nimic?!\u201d, a men\u021bionat Andrei \u021a\u0103ranu \u00een analiza pentru Ziare.com.<\/p>\n<p>\u021ai-a pl\u0103cut articolul?<\/p>\n<p> Vrem s\u0103 producem mai multe, \u00eens\u0103 avem nevoie de sus\u021binerea ta. Orice dona\u021bie conteaz\u0103 pentru jurnalismul independent <\/p>\n","protected":false},"excerpt":{"rendered":"Marti, 07 Iulie 2026, ora 21:05 1644 citiri Liderii fostei coali\u021bii FOTO colaj Ziare.com Facebook Posibilitatea unei noi&hellip;\n","protected":false},"author":2,"featured_media":225697,"comment_status":"","ping_status":"","sticky":false,"template":"","format":"standard","meta":{"footnotes":"","_share_on_mastodon":"0"},"categories":[5],"tags":[32,33,31,1800,549,36,37,859,27,34,35,25,2216,36914,41,40,38,39,26,28,29,30],"class_list":["post-225696","post","type-post","status-publish","format-standard","has-post-thumbnail","category-titluri","tag-breaking-news","tag-breakingnews","tag-cele-mai-populare-subiecte","tag-coalitie-de-guvernare","tag-criza-politica","tag-featured-news","tag-featurednews","tag-guvern","tag-headlines","tag-latest-news","tag-latestnews","tag-news","tag-premier","tag-refacere","tag-ro","tag-romana","tag-romania","tag-romanian","tag-stiri","tag-titluri","tag-top-stories","tag-topstories"],"share_on_mastodon":{"url":"https:\/\/pubeurope.com\/@ro\/116881187955524267","error":""},"_links":{"self":[{"href":"https:\/\/www.europesays.com\/ro\/wp-json\/wp\/v2\/posts\/225696","targetHints":{"allow":["GET"]}}],"collection":[{"href":"https:\/\/www.europesays.com\/ro\/wp-json\/wp\/v2\/posts"}],"about":[{"href":"https:\/\/www.europesays.com\/ro\/wp-json\/wp\/v2\/types\/post"}],"author":[{"embeddable":true,"href":"https:\/\/www.europesays.com\/ro\/wp-json\/wp\/v2\/users\/2"}],"replies":[{"embeddable":true,"href":"https:\/\/www.europesays.com\/ro\/wp-json\/wp\/v2\/comments?post=225696"}],"version-history":[{"count":0,"href":"https:\/\/www.europesays.com\/ro\/wp-json\/wp\/v2\/posts\/225696\/revisions"}],"wp:featuredmedia":[{"embeddable":true,"href":"https:\/\/www.europesays.com\/ro\/wp-json\/wp\/v2\/media\/225697"}],"wp:attachment":[{"href":"https:\/\/www.europesays.com\/ro\/wp-json\/wp\/v2\/media?parent=225696"}],"wp:term":[{"taxonomy":"category","embeddable":true,"href":"https:\/\/www.europesays.com\/ro\/wp-json\/wp\/v2\/categories?post=225696"},{"taxonomy":"post_tag","embeddable":true,"href":"https:\/\/www.europesays.com\/ro\/wp-json\/wp\/v2\/tags?post=225696"}],"curies":[{"name":"wp","href":"https:\/\/api.w.org\/{rel}","templated":true}]}}